{"id":255755,"date":"2018-12-05T12:49:57","date_gmt":"2018-12-05T11:49:57","guid":{"rendered":"https:\/\/hashtag.al\/?p=255755"},"modified":"2018-12-05T12:49:57","modified_gmt":"2018-12-05T11:49:57","slug":"zhurme-kazanesh-ska-rritje-tarifash-rama-komenton-protesten-e-studenteve","status":"publish","type":"post","link":"https:\/\/www.hashtag.al\/index.php\/2018\/12\/05\/zhurme-kazanesh-ska-rritje-tarifash-rama-komenton-protesten-e-studenteve\/","title":{"rendered":"&#8220;Zhurm\u00eb kazan\u00ebsh, s&#8217;ka rritje tarifash&#8221; &#8211; Rama komenton protest\u00ebn e student\u00ebve","gt_translate_keys":[{"key":"rendered","format":"text"}]},"content":{"rendered":"<p><img loading=\"lazy\" decoding=\"async\" class=\"aligncenter size-full wp-image-255756\" src=\"https:\/\/hashtag.al\/wp-content\/uploads\/2018\/12\/nikollarama5dhjetor.png\" alt=\"\" width=\"822\" height=\"539\" srcset=\"https:\/\/www.hashtag.al\/wp-content\/uploads\/2018\/12\/nikollarama5dhjetor.png 822w, https:\/\/www.hashtag.al\/wp-content\/uploads\/2018\/12\/nikollarama5dhjetor-300x197.png 300w, https:\/\/www.hashtag.al\/wp-content\/uploads\/2018\/12\/nikollarama5dhjetor-768x504.png 768w\" sizes=\"auto, (max-width: 822px) 100vw, 822px\" \/><\/p>\n<p><span style=\"color: #000000;\">Kryeministri Rama ka komentuar protest\u00ebn e qindra student\u00ebve para Ministris\u00eb s\u00eb Arsimit, si dhe t\u00eb atyre n\u00eb Elbasan e Durr\u00ebs. <\/span><\/p>\n<p><span style=\"color: #000000;\">Teksa i kthen p\u00ebrgjigje nj\u00eb komentuesi n\u00eb faqen e tij n\u00eb \u201cFacebook\u201d ai thot\u00eb se ministrja Nikolla nuk \u00ebsht\u00eb me diplom\u00eb nga Universiteti UFO ndryshe nga sa p\u00ebrflitet n\u00eb kazan\u00ebt mediatik\u00eb. <\/span><\/p>\n<p><span style=\"color: #000000;\">Nd\u00ebrsa shton se nuk ka rritje tarifash q\u00eb prej vitit 2014-t\u00eb por kjo \u00ebsht\u00eb zhurm\u00eb kazanesh dhe dizinformim me dashje.<\/span><\/p>\n<p><span style=\"color: #000000;\"><em>\u201cMe falni po e para ministrja s&#8217;eshte as pa shkolle as me UFO, ndryshe nga cfare ju mund te keni mesuar neper kazanet mediatike, nderkohe qe pyetja ime eshte: A jeni ju dakord qe t&#8217;i paguani ju, pra taksapaguesit, shpenzimet e universitetit per studentet ngeles? <\/em><\/span><\/p>\n<p><span style=\"color: #000000;\"><em>Une per vete nuk jam dakord e para dhe e dyta, nuk ka asnje rritje tarifash qysh prej vitit 2014 (dhe tarifat nuk i vendos ministrja, po vete universiteti sa per dijeni, quhet autonomi universitare), po ka zhurme kazanesh, dizinformim me dashje apo llaf pas llafi, si edhe kembengulje nga nje pakice per te mos pranuar zbatimin e reformes qe e nxjerr universitetin nga bataku shumevjecar. Sa per fotot, une nuk kam ndermend t&#8217;i le, po ju mund te mos hyni ketu dhe keshtu shpetoni edhe nga fotot<\/em><em>.\u201d<\/em> &#8211; shkruan Rama n\u00eb reagimin e tij.<\/span><\/p>\n<p><img loading=\"lazy\" decoding=\"async\" class=\"aligncenter size-full wp-image-255758\" src=\"https:\/\/hashtag.al\/wp-content\/uploads\/2018\/12\/ramafacebook.png\" alt=\"\" width=\"445\" height=\"280\" srcset=\"https:\/\/www.hashtag.al\/wp-content\/uploads\/2018\/12\/ramafacebook.png 445w, https:\/\/www.hashtag.al\/wp-content\/uploads\/2018\/12\/ramafacebook-300x189.png 300w\" sizes=\"auto, (max-width: 445px) 100vw, 445px\" \/><\/p>\n","protected":false,"gt_translate_keys":[{"key":"rendered","format":"html"}]},"excerpt":{"rendered":"<p>Kryeministri Rama ka komentuar protest\u00ebn e qindra student\u00ebve para Ministris\u00eb s\u00eb Arsimit, si dhe t\u00eb atyre n\u00eb Elbasan e Durr\u00ebs. Teksa i kthen p\u00ebrgjigje nj\u00eb komentuesi n\u00eb faqen e tij n\u00eb \u201cFacebook\u201d ai thot\u00eb se ministrja Nikolla nuk \u00ebsht\u00eb me diplom\u00eb nga Universiteti UFO ndryshe nga sa p\u00ebrflitet n\u00eb kazan\u00ebt mediatik\u00eb. Nd\u00ebrsa shton se nuk [&hellip;]<\/p>\n","protected":false,"gt_translate_keys":[{"key":"rendered","format":"html"}]},"author":51,"featured_media":255757,"comment_status":"open","ping_status":"open","sticky":false,"template":"","format":"standard","meta":{"footnotes":""},"categories":[65],"tags":[],"class_list":["post-255755","post","type-post","status-publish","format-standard","has-post-thumbnail","hentry","category-lajme"],"gt_translate_keys":[{"key":"link","format":"url"}],"_links":{"self":[{"href":"https:\/\/www.hashtag.al\/index.php\/wp-json\/wp\/v2\/posts\/255755","targetHints":{"allow":["GET"]}}],"collection":[{"href":"https:\/\/www.hashtag.al\/index.php\/wp-json\/wp\/v2\/posts"}],"about":[{"href":"https:\/\/www.hashtag.al\/index.php\/wp-json\/wp\/v2\/types\/post"}],"author":[{"embeddable":true,"href":"https:\/\/www.hashtag.al\/index.php\/wp-json\/wp\/v2\/users\/51"}],"replies":[{"embeddable":true,"href":"https:\/\/www.hashtag.al\/index.php\/wp-json\/wp\/v2\/comments?post=255755"}],"version-history":[{"count":0,"href":"https:\/\/www.hashtag.al\/index.php\/wp-json\/wp\/v2\/posts\/255755\/revisions"}],"wp:featuredmedia":[{"embeddable":true,"href":"https:\/\/www.hashtag.al\/index.php\/wp-json\/wp\/v2\/media\/255757"}],"wp:attachment":[{"href":"https:\/\/www.hashtag.al\/index.php\/wp-json\/wp\/v2\/media?parent=255755"}],"wp:term":[{"taxonomy":"category","embeddable":true,"href":"https:\/\/www.hashtag.al\/index.php\/wp-json\/wp\/v2\/categories?post=255755"},{"taxonomy":"post_tag","embeddable":true,"href":"https:\/\/www.hashtag.al\/index.php\/wp-json\/wp\/v2\/tags?post=255755"}],"curies":[{"name":"wp","href":"https:\/\/api.w.org\/{rel}","templated":true}]}}