{"id":255700,"date":"2018-12-05T10:15:12","date_gmt":"2018-12-05T09:15:12","guid":{"rendered":"https:\/\/hashtag.al\/?p=255700"},"modified":"2018-12-05T10:18:23","modified_gmt":"2018-12-05T09:18:23","slug":"futbollist-i-klubit-grek-kush-eshte-18-vjecari-shqiptar-qe-u-ekzekutua-ne-mes-te-rruges-ne-greqi","status":"publish","type":"post","link":"https:\/\/www.hashtag.al\/index.php\/2018\/12\/05\/futbollist-i-klubit-grek-kush-eshte-18-vjecari-shqiptar-qe-u-ekzekutua-ne-mes-te-rruges-ne-greqi\/","title":{"rendered":"Futbollist i klubit grek, kush \u00ebsht\u00eb 18-vje\u00e7ari shqiptar q\u00eb u ekzekutua n\u00eb mes t\u00eb rrug\u00ebs n\u00eb Greqi","gt_translate_keys":[{"key":"rendered","format":"text"}]},"content":{"rendered":"<p><img loading=\"lazy\" decoding=\"async\" class=\"aligncenter size-full wp-image-255708\" src=\"https:\/\/hashtag.al\/wp-content\/uploads\/2018\/12\/KABALA_NEKROS2-1.jpg\" alt=\"\" width=\"630\" height=\"326\" srcset=\"https:\/\/www.hashtag.al\/wp-content\/uploads\/2018\/12\/KABALA_NEKROS2-1.jpg 630w, https:\/\/www.hashtag.al\/wp-content\/uploads\/2018\/12\/KABALA_NEKROS2-1-300x155.jpg 300w\" sizes=\"auto, (max-width: 630px) 100vw, 630px\" \/><\/p>\n<p><span style=\"color: #000000;\">Zbulohet kush \u00ebsht\u00eb 18-vje\u00e7ari shqiptar q\u00eb u gjet i vrar\u00eb n\u00eb nj\u00eb rrug\u00eb n\u00eb Kavalla t\u00eb Greqis\u00eb. Ai quhet Mario Isa dhe \u00ebsht\u00eb me origjin\u00eb nga Leskoviku.<\/span><\/p>\n<p><span style=\"color: #000000;\">Sipas mediave greke, babai i 18-vje\u00e7arit punon n\u00eb nd\u00ebrtim, nd\u00ebrsa mamaja punon n\u00eb nj\u00eb piceri. Po ashtu n\u00eb mediat Helene thuhet se Marios ishte lojtar i nj\u00eb ekipi futbolli grek, at\u00eb t\u00eb Heracles<\/span><\/p>\n<p><span style=\"color: #000000;\">Marios Isa ishte rritur n\u00eb Kavalla ku kishte ndjekur gjimnazin dhe m\u00eb pas kishte nisur t\u00eb lart\u00ebn.<\/span><span style=\"color: #000000;\"> Trupi i shqiptarit u gjet i pajet\u00eb pas or\u00ebs 22:00 n\u00eb qend\u00ebr t\u00eb Kavall\u00ebs, prapa Tregut Komunal t\u00eb Kavall\u00ebs.<\/span><\/p>\n<p><span style=\"color: #000000;\">Njer\u00ebz t\u00eb paidentifikuar ende, thuhet se e q\u00eblluan t\u00eb riun n\u00eb mes t\u00eb rrug\u00ebs. Dyshohet q\u00eb qit\u00ebsi t\u00eb jet\u00eb profesionist.<\/span><\/p>\n<p><span style=\"color: #000000;\">N\u00eb baz\u00eb t\u00eb d\u00ebshmive t\u00eb deri m\u00eb tanishme, shqiptari \u00ebsht\u00eb q\u00eblluar dy her\u00eb n\u00eb shpin\u00eb.<\/span><\/p>\n<p><span style=\"color: #000000;\">N\u00eb duart e viktim\u00ebs u gjet nj\u00eb kartmonedh\u00eb 50 euroshe. P\u00ebr k\u00ebt\u00eb shkak besohet se i riu nuk ka qen\u00eb pre e ndonj\u00eb grabitjeje, por dyshohet se kjo ka qen\u00eb nj\u00eb koflikt p\u00ebr pazare t\u00eb jasht\u00ebligjshme droge.<\/span><\/p>\n<p><span style=\"color: #000000;\">Megjithat\u00eb ende nuk ka nj\u00eb p\u00ebrfundim nga policia greke.<\/span><\/p>\n<p><span style=\"color: #000000;\">Prind\u00ebrit e Marios kan\u00eb shkuar Departamentin e Policis\u00eb n\u00eb Kavalla p\u00ebr t\u00eb d\u00ebshmuar.<\/span><\/p>\n<p><img loading=\"lazy\" decoding=\"async\" class=\"aligncenter size-full wp-image-255707\" src=\"https:\/\/hashtag.al\/wp-content\/uploads\/2018\/12\/KABALA_NEKROS1-768x576-1.jpg\" alt=\"\" width=\"768\" height=\"576\" srcset=\"https:\/\/www.hashtag.al\/wp-content\/uploads\/2018\/12\/KABALA_NEKROS1-768x576-1.jpg 768w, https:\/\/www.hashtag.al\/wp-content\/uploads\/2018\/12\/KABALA_NEKROS1-768x576-1-300x225.jpg 300w\" sizes=\"auto, (max-width: 768px) 100vw, 768px\" \/> <img loading=\"lazy\" decoding=\"async\" class=\"aligncenter size-full wp-image-255706\" src=\"https:\/\/hashtag.al\/wp-content\/uploads\/2018\/12\/3.jpg\" alt=\"\" width=\"566\" height=\"730\" srcset=\"https:\/\/www.hashtag.al\/wp-content\/uploads\/2018\/12\/3.jpg 566w, https:\/\/www.hashtag.al\/wp-content\/uploads\/2018\/12\/3-233x300.jpg 233w\" sizes=\"auto, (max-width: 566px) 100vw, 566px\" \/> <img loading=\"lazy\" decoding=\"async\" class=\"aligncenter size-full wp-image-255705\" src=\"https:\/\/hashtag.al\/wp-content\/uploads\/2018\/12\/2-1.jpg\" alt=\"\" width=\"582\" height=\"470\" srcset=\"https:\/\/www.hashtag.al\/wp-content\/uploads\/2018\/12\/2-1.jpg 582w, https:\/\/www.hashtag.al\/wp-content\/uploads\/2018\/12\/2-1-300x242.jpg 300w\" sizes=\"auto, (max-width: 582px) 100vw, 582px\" \/><\/p>\n","protected":false,"gt_translate_keys":[{"key":"rendered","format":"html"}]},"excerpt":{"rendered":"<p>Zbulohet kush \u00ebsht\u00eb 18-vje\u00e7ari shqiptar q\u00eb u gjet i vrar\u00eb n\u00eb nj\u00eb rrug\u00eb n\u00eb Kavalla t\u00eb Greqis\u00eb. Ai quhet Mario Isa dhe \u00ebsht\u00eb me origjin\u00eb nga Leskoviku. Sipas mediave greke, babai i 18-vje\u00e7arit punon n\u00eb nd\u00ebrtim, nd\u00ebrsa mamaja punon n\u00eb nj\u00eb piceri. Po ashtu n\u00eb mediat Helene thuhet se Marios ishte lojtar i nj\u00eb ekipi [&hellip;]<\/p>\n","protected":false,"gt_translate_keys":[{"key":"rendered","format":"html"}]},"author":30,"featured_media":255704,"comment_status":"open","ping_status":"open","sticky":false,"template":"","format":"standard","meta":{"footnotes":""},"categories":[65],"tags":[],"class_list":["post-255700","post","type-post","status-publish","format-standard","has-post-thumbnail","hentry","category-lajme"],"gt_translate_keys":[{"key":"link","format":"url"}],"_links":{"self":[{"href":"https:\/\/www.hashtag.al\/index.php\/wp-json\/wp\/v2\/posts\/255700","targetHints":{"allow":["GET"]}}],"collection":[{"href":"https:\/\/www.hashtag.al\/index.php\/wp-json\/wp\/v2\/posts"}],"about":[{"href":"https:\/\/www.hashtag.al\/index.php\/wp-json\/wp\/v2\/types\/post"}],"author":[{"embeddable":true,"href":"https:\/\/www.hashtag.al\/index.php\/wp-json\/wp\/v2\/users\/30"}],"replies":[{"embeddable":true,"href":"https:\/\/www.hashtag.al\/index.php\/wp-json\/wp\/v2\/comments?post=255700"}],"version-history":[{"count":0,"href":"https:\/\/www.hashtag.al\/index.php\/wp-json\/wp\/v2\/posts\/255700\/revisions"}],"wp:featuredmedia":[{"embeddable":true,"href":"https:\/\/www.hashtag.al\/index.php\/wp-json\/wp\/v2\/media\/255704"}],"wp:attachment":[{"href":"https:\/\/www.hashtag.al\/index.php\/wp-json\/wp\/v2\/media?parent=255700"}],"wp:term":[{"taxonomy":"category","embeddable":true,"href":"https:\/\/www.hashtag.al\/index.php\/wp-json\/wp\/v2\/categories?post=255700"},{"taxonomy":"post_tag","embeddable":true,"href":"https:\/\/www.hashtag.al\/index.php\/wp-json\/wp\/v2\/tags?post=255700"}],"curies":[{"name":"wp","href":"https:\/\/api.w.org\/{rel}","templated":true}]}}