{"id":255384,"date":"2018-12-04T09:01:45","date_gmt":"2018-12-04T08:01:45","guid":{"rendered":"https:\/\/hashtag.al\/?p=255384"},"modified":"2018-12-04T09:08:03","modified_gmt":"2018-12-04T08:08:03","slug":"debati-per-teatrin-majko-shkova-i-dhashe-rames-doreheqjen-por-ma-mbushi-mendjen-video","status":"publish","type":"post","link":"https:\/\/www.hashtag.al\/index.php\/2018\/12\/04\/debati-per-teatrin-majko-shkova-i-dhashe-rames-doreheqjen-por-ma-mbushi-mendjen-video\/","title":{"rendered":"Debati p\u00ebr Teatrin, Majko: Shkova i dhash\u00eb Ram\u00ebs dor\u00ebheqjen, por ma mbushi mendjen (VIDEO)","gt_translate_keys":[{"key":"rendered","format":"text"}]},"content":{"rendered":"<p><span style=\"color: #000000;\"><img loading=\"lazy\" decoding=\"async\" class=\"aligncenter size-full wp-image-255387\" src=\"https:\/\/hashtag.al\/wp-content\/uploads\/2018\/12\/majko-Copy.gif\" alt=\"\" width=\"1258\" height=\"681\" \/><\/span><\/p>\n<p><span style=\"color: #000000;\">Nd\u00ebrsa ishte i ftuar n\u00eb emisionin \u201cA show\u201d t\u00eb Adi Krast\u00ebs, ministri i Shtetit p\u00ebr Diaspor\u00ebn, Pandeli Majko deklaroi se pas debatit me kryeministrin Edi Rama p\u00ebr \u00e7\u00ebshtjen e Teatrit Komb\u00ebtar, ai kishte paraqitur dor\u00ebheqjen.<\/span><\/p>\n<p><span style=\"color: #000000;\"><em>&#8220;Un\u00eb t\u00eb nes\u00ebrmen shkova i dor\u00ebzova dor\u00ebheqjen.&#8221;,<\/em> jan\u00eb fjal\u00ebt e Majkos.<\/span><\/p>\n<p><span style=\"color: #000000;\">Majko nuk pranoi t\u00eb tregonte debatin, por tha se kishte nj\u00eb kontrat\u00eb me Ram\u00ebn p\u00ebr t\u00eb mos b\u00ebr\u00eb interesantin.<\/span><\/p>\n<p><span style=\"color: #000000;\">Ai shtoi se ndryshoi mendje p\u00ebr dor\u00ebheqjen pasi e bindi Rama si mik. Biseda p\u00ebr Teatrin nis n\u00eb minut\u00ebn 00:15 t\u00eb videos s\u00eb m\u00ebposhtme.<\/span><\/p>\n<p><span style=\"color: #000000;\">Kujtojm\u00eb se Pandeli Majko,\u00a0doli kund\u00ebr kryeministrit Edi Rama n\u00eb korrik dhe nuk e votoi projektligjin p\u00ebr shembjen e teatrit Komb\u00ebtar dhe v\u00ebnien e truallit t\u00eb tij n\u00eb dispozicion t\u00eb firm\u00ebs private \u201cFusha.Shpk.\u201d.<\/span><\/p>\n<p><span style=\"color: #000000;\">Madje edhe nj\u00eb video qarkulloi n\u00eb rrjet ku Majko shihet teksa debaton me Ram\u00ebn dhe n\u00eb fund \u00e7ohet fare nga karrigia dhe del jasht\u00eb Kuvendit.<\/span><\/p>\n<p><span style=\"color: #000000;\"><strong>Biseda n\u00eb studio:<\/strong><\/span><\/p>\n<p><span style=\"color: #000000;\"><strong>Krasta<\/strong>:\u00a0\u00c7far\u00eb frazash jan\u00eb shk\u00ebmbyer mes teje dhe kryeministrit n\u00eb Parlament p\u00ebr \u00e7\u00ebshtjen e Teatrit Komb\u00ebtar? \u00c7far\u00eb i the dhe \u00e7far\u00eb t\u00eb tha?<\/span><\/p>\n<p><span style=\"color: #000000;\"><strong>Majko<\/strong>:\u00a0Pse duhet ta them tani?<\/span><\/p>\n<p><span style=\"color: #000000;\"><strong>Krasta<\/strong>:\u00a0P\u00ebr interes t\u00eb publikut.<\/span><\/p>\n<p><span style=\"color: #000000;\"><strong>Majko<\/strong>:\u00a0Por nuk m\u00eb duket me kaq interes.<\/span><\/p>\n<p><span style=\"color: #000000;\"><strong>Krasta<\/strong>:\u00a0Ka pasur nj\u00eb shk\u00ebmbim batutash?<\/span><\/p>\n<p><span style=\"color: #000000;\"><strong>Majko<\/strong>:\u00a0Sigurisht q\u00eb kemi shk\u00ebmbyer batuta, dallohet qart\u00eb edhe n\u00eb Tv, nuk besoj se p\u00ebrb\u00ebn nj\u00eb sekret kjo.<\/span><\/p>\n<p><span style=\"color: #000000;\"><strong>Krasta<\/strong>:\u00a0Pse psh, pse nuk d\u00ebshiron tani t\u00eb thuash \u00e7far\u00eb i the dhe \u00e7far\u00eb t\u00eb tha?<\/span><\/p>\n<p><span style=\"color: #000000;\"><strong>Majko<\/strong>:\u00a0 Kam nj\u00eb kontrat\u00eb me kyeministrin. S&#8217;duhet t\u00eb b\u00ebj interesantin m\u00eb shum\u00eb se \u00e7&#8217;duhet.<\/span><\/p>\n<p><span style=\"color: #000000;\"><strong>Krasta<\/strong>:\u00a0Ti ia lejon kryeministrit t\u00eb b\u00ebj\u00eb interesantin m\u00eb shum\u00eb se \u00e7&#8217;duhet?<\/span><\/p>\n<p><span style=\"color: #000000;\"><strong>Majko<\/strong>:\u00a0N\u00eb marr\u00ebdh\u00ebnie me?<\/span><\/p>\n<p><span style=\"color: #000000;\"><strong>Krasta<\/strong>:\u00a0N\u00eb marr\u00ebdh\u00ebnie me ty ose t\u00eb tjer\u00ebt.<\/span><\/p>\n<p><span style=\"color: #000000;\"><strong>Majko<\/strong>:\u00a0Un\u00eb n\u00eb radh\u00eb t\u00eb par\u00eb e kam mik. Kjo \u00ebsht\u00eb arsyeja pse jam n\u00eb qeveri, kjo \u00ebsht\u00eb arsyeja pse pranova t\u00eb b\u00ebhem minist\u00ebr dhe pa m\u00eb th\u00ebn\u00eb.<\/span><\/p>\n<p><span style=\"color: #000000;\"><strong>Krasta<\/strong>:\u00a0I ke b\u00ebr\u00eb ndonj\u00eb pyetje vetes Pandi, pse kryeministri ka ndaj teje nj\u00eb sjellje relativisht, si me th\u00ebn\u00eb jo domosdoshm\u00ebrisht t\u00eb p\u00ebrulur, por t\u00eb kujdesshme. Si me th\u00ebn\u00eb me \u00e7far\u00eb mund ta kishe trembur ti at\u00eb?<\/span><\/p>\n<p><span style=\"color: #000000;\"><strong>Majko<\/strong>:\u00a0Me asgj\u00eb. Un\u00eb t\u00eb nes\u00ebrmen shkova i dor\u00ebzova dor\u00ebheqjen.<\/span><\/p>\n<p><span style=\"color: #000000;\"><strong>Krasta<\/strong>:\u00a0T\u00eb cil\u00ebn ai nuk e pranoi duke th\u00ebn\u00eb \u00e7far\u00eb?<\/span><\/p>\n<p><span style=\"color: #000000;\"><strong>Majko<\/strong>:\u00a0Un\u00eb nuk kisha nd\u00ebrmend t\u00eb pranoja mospranimin e tij, por boll disa fjal\u00eb q\u00eb nuk vinin nga kryeministri, por vinin nga Edi, q\u00eb un\u00eb te thash\u00eb e kam mik, m\u00eb ndryshuan mendjen.<\/span><\/p>\n<p><iframe loading=\"lazy\" title=\"Majko: Rama b\u00ebn q\u00eb \u00e7do gj\u00eb q\u00eb flitet t\u00eb duket joserioze (Pj.2)\" width=\"1170\" height=\"658\" src=\"https:\/\/www.youtube.com\/embed\/KE8KzeWmhmk?feature=oembed\" frameborder=\"0\" allow=\"accelerometer; autoplay; clipboard-write; encrypted-media; gyroscope; picture-in-picture\" allowfullscreen><\/iframe><\/p>\n","protected":false,"gt_translate_keys":[{"key":"rendered","format":"html"}]},"excerpt":{"rendered":"<p>Nd\u00ebrsa ishte i ftuar n\u00eb emisionin \u201cA show\u201d t\u00eb Adi Krast\u00ebs, ministri i Shtetit p\u00ebr Diaspor\u00ebn, Pandeli Majko deklaroi se pas debatit me kryeministrin Edi Rama p\u00ebr \u00e7\u00ebshtjen e Teatrit Komb\u00ebtar, ai kishte paraqitur dor\u00ebheqjen. &#8220;Un\u00eb t\u00eb nes\u00ebrmen shkova i dor\u00ebzova dor\u00ebheqjen.&#8221;, jan\u00eb fjal\u00ebt e Majkos. Majko nuk pranoi t\u00eb tregonte debatin, por tha se [&hellip;]<\/p>\n","protected":false,"gt_translate_keys":[{"key":"rendered","format":"html"}]},"author":30,"featured_media":255386,"comment_status":"open","ping_status":"open","sticky":false,"template":"","format":"standard","meta":{"footnotes":""},"categories":[65],"tags":[],"class_list":["post-255384","post","type-post","status-publish","format-standard","has-post-thumbnail","hentry","category-lajme"],"gt_translate_keys":[{"key":"link","format":"url"}],"_links":{"self":[{"href":"https:\/\/www.hashtag.al\/index.php\/wp-json\/wp\/v2\/posts\/255384","targetHints":{"allow":["GET"]}}],"collection":[{"href":"https:\/\/www.hashtag.al\/index.php\/wp-json\/wp\/v2\/posts"}],"about":[{"href":"https:\/\/www.hashtag.al\/index.php\/wp-json\/wp\/v2\/types\/post"}],"author":[{"embeddable":true,"href":"https:\/\/www.hashtag.al\/index.php\/wp-json\/wp\/v2\/users\/30"}],"replies":[{"embeddable":true,"href":"https:\/\/www.hashtag.al\/index.php\/wp-json\/wp\/v2\/comments?post=255384"}],"version-history":[{"count":0,"href":"https:\/\/www.hashtag.al\/index.php\/wp-json\/wp\/v2\/posts\/255384\/revisions"}],"wp:featuredmedia":[{"embeddable":true,"href":"https:\/\/www.hashtag.al\/index.php\/wp-json\/wp\/v2\/media\/255386"}],"wp:attachment":[{"href":"https:\/\/www.hashtag.al\/index.php\/wp-json\/wp\/v2\/media?parent=255384"}],"wp:term":[{"taxonomy":"category","embeddable":true,"href":"https:\/\/www.hashtag.al\/index.php\/wp-json\/wp\/v2\/categories?post=255384"},{"taxonomy":"post_tag","embeddable":true,"href":"https:\/\/www.hashtag.al\/index.php\/wp-json\/wp\/v2\/tags?post=255384"}],"curies":[{"name":"wp","href":"https:\/\/api.w.org\/{rel}","templated":true}]}}