{"id":255228,"date":"2018-12-03T16:37:45","date_gmt":"2018-12-03T15:37:45","guid":{"rendered":"https:\/\/hashtag.al\/?p=255228"},"modified":"2018-12-03T16:43:27","modified_gmt":"2018-12-03T15:43:27","slug":"hidrocentral-mbi-kanionin-e-holtes-reagon-ministria-nuk-cenohen-zonat-e-mbrojtura","status":"publish","type":"post","link":"https:\/\/www.hashtag.al\/index.php\/2018\/12\/03\/hidrocentral-mbi-kanionin-e-holtes-reagon-ministria-nuk-cenohen-zonat-e-mbrojtura\/","title":{"rendered":"Hidrocentral mbi kanionin e Holt\u00ebs, reagon ministria: Nuk c\u00ebnohen zonat e mbrojtura","gt_translate_keys":[{"key":"rendered","format":"text"}]},"content":{"rendered":"<p><span style=\"color: #000000;\"><img loading=\"lazy\" decoding=\"async\" class=\"alignnone size-full wp-image-255180\" src=\"https:\/\/hashtag.al\/wp-content\/uploads\/2018\/12\/holta-4.jpg\" alt=\"\" width=\"640\" height=\"480\" srcset=\"https:\/\/www.hashtag.al\/wp-content\/uploads\/2018\/12\/holta-4.jpg 640w, https:\/\/www.hashtag.al\/wp-content\/uploads\/2018\/12\/holta-4-300x225.jpg 300w\" sizes=\"auto, (max-width: 640px) 100vw, 640px\" \/><\/span><\/p>\n<p><span style=\"color: #000000;\">&#8220;N\u00eb hyrje t\u00eb kanionit t\u00eb Holt\u00ebs, q\u00eb \u00ebsht\u00eb shpallur\u00a0<a style=\"color: #000000;\" href=\"http:\/\/bashkiagramsh.gov.al\/wp-content\/uploads\/2016\/07\/SKEDAT-PER-MONUMENTET-E-NATYRES-te-rrethit-GRAMSH.pdf\"><strong>Monument natyror<\/strong><\/a>\u00a0pritet t\u00eb nd\u00ebrtohet nj\u00eb hidrocentral&#8221;. K\u00ebt\u00eb ka denoncuar sot nj\u00eb banor i k\u00ebsaj zone p\u00ebr &#8220;<strong>Hashtag.al&#8221;.<\/strong><\/span><\/p>\n<p><span style=\"color: #000000;\">Sipas tij n\u00eb prezantimin e punimeve si\u00e7 duket n\u00eb fotot shoq\u00ebruese, punimet p\u00ebr nd\u00ebrtimin e k\u00ebsaj vepre hidroenergjitike kan\u00eb nisur n\u00eb dat\u00ebn 8 tetor t\u00eb k\u00ebtij viti dhe \u00ebsht\u00eb parashikuar q\u00eb ato t\u00eb zgjasin fiks 2 vjet.<\/span><\/p>\n<p><span style=\"color: #000000;\">P\u00ebr k\u00ebt\u00eb denoncim ka reaguar edhe\u00a0Ministria e Infrastruktur\u00ebs dhe Energjis\u00eb e cila deklaron se pretendimet q\u00eb ky HEC c\u00ebnon zonat e mbrojtura jan\u00eb krejt\u00ebsisht t\u00eb pav\u00ebrteta.<\/span><\/p>\n<p><span style=\"color: #000000;\"><strong>Reagimi i ministris\u00eb:<\/strong><\/span><\/p>\n<p><span style=\"color: #000000;\">Referuar disa raportimeve n\u00eb media rreth projektit p\u00ebr nd\u00ebrtimin e hidrocentralit &#8220;Strori&#8221; me vendodhje n\u00eb p\u00ebrroin e Holt\u00ebs dhe Selc\u00ebs, Ministria e Infrastruktur\u00ebs dhe Energjis\u00eb informon opinionin publik se pretendimet q\u00eb ky HEC c\u00ebnon zonat e mbrojtura jan\u00eb krejt\u00ebsisht t\u00eb pav\u00ebrteta. Bashk\u00eblidhur gjeni lejen p\u00ebrkat\u00ebse mjedisore dhe shkres\u00ebn e Agjencis\u00eb Komb\u00ebtare t\u00eb Zonave t\u00eb Mbrojtura q\u00eb konstaton se &#8220;ky HEC \u00ebsht\u00eb jasht\u00eb territorit t\u00eb zonave t\u00eb mbrojtura dhe nuk prek monumente natyrore&#8221;.<\/span><\/p>\n<p><img loading=\"lazy\" decoding=\"async\" class=\"alignnone size-full wp-image-255178\" src=\"https:\/\/hashtag.al\/wp-content\/uploads\/2018\/12\/holta-3-dhjetor.jpg3_.jpg\" alt=\"\" width=\"720\" height=\"166\" srcset=\"https:\/\/www.hashtag.al\/wp-content\/uploads\/2018\/12\/holta-3-dhjetor.jpg3_.jpg 720w, https:\/\/www.hashtag.al\/wp-content\/uploads\/2018\/12\/holta-3-dhjetor.jpg3_-300x69.jpg 300w\" sizes=\"auto, (max-width: 720px) 100vw, 720px\" \/><\/p>\n<p><a href=\"http:\/\/1543845181541048\">Reagimi i ministris\u00eb<\/a><\/p>\n<p>&nbsp;<\/p>\n","protected":false,"gt_translate_keys":[{"key":"rendered","format":"html"}]},"excerpt":{"rendered":"<p>&#8220;N\u00eb hyrje t\u00eb kanionit t\u00eb Holt\u00ebs, q\u00eb \u00ebsht\u00eb shpallur\u00a0Monument natyror\u00a0pritet t\u00eb nd\u00ebrtohet nj\u00eb hidrocentral&#8221;. K\u00ebt\u00eb ka denoncuar sot nj\u00eb banor i k\u00ebsaj zone p\u00ebr &#8220;Hashtag.al&#8221;. Sipas tij n\u00eb prezantimin e punimeve si\u00e7 duket n\u00eb fotot shoq\u00ebruese, punimet p\u00ebr nd\u00ebrtimin e k\u00ebsaj vepre hidroenergjitike kan\u00eb nisur n\u00eb dat\u00ebn 8 tetor t\u00eb k\u00ebtij viti dhe \u00ebsht\u00eb parashikuar [&hellip;]<\/p>\n","protected":false,"gt_translate_keys":[{"key":"rendered","format":"html"}]},"author":30,"featured_media":255180,"comment_status":"open","ping_status":"open","sticky":false,"template":"","format":"standard","meta":{"footnotes":""},"categories":[65],"tags":[],"class_list":["post-255228","post","type-post","status-publish","format-standard","has-post-thumbnail","hentry","category-lajme"],"gt_translate_keys":[{"key":"link","format":"url"}],"_links":{"self":[{"href":"https:\/\/www.hashtag.al\/index.php\/wp-json\/wp\/v2\/posts\/255228","targetHints":{"allow":["GET"]}}],"collection":[{"href":"https:\/\/www.hashtag.al\/index.php\/wp-json\/wp\/v2\/posts"}],"about":[{"href":"https:\/\/www.hashtag.al\/index.php\/wp-json\/wp\/v2\/types\/post"}],"author":[{"embeddable":true,"href":"https:\/\/www.hashtag.al\/index.php\/wp-json\/wp\/v2\/users\/30"}],"replies":[{"embeddable":true,"href":"https:\/\/www.hashtag.al\/index.php\/wp-json\/wp\/v2\/comments?post=255228"}],"version-history":[{"count":0,"href":"https:\/\/www.hashtag.al\/index.php\/wp-json\/wp\/v2\/posts\/255228\/revisions"}],"wp:featuredmedia":[{"embeddable":true,"href":"https:\/\/www.hashtag.al\/index.php\/wp-json\/wp\/v2\/media\/255180"}],"wp:attachment":[{"href":"https:\/\/www.hashtag.al\/index.php\/wp-json\/wp\/v2\/media?parent=255228"}],"wp:term":[{"taxonomy":"category","embeddable":true,"href":"https:\/\/www.hashtag.al\/index.php\/wp-json\/wp\/v2\/categories?post=255228"},{"taxonomy":"post_tag","embeddable":true,"href":"https:\/\/www.hashtag.al\/index.php\/wp-json\/wp\/v2\/tags?post=255228"}],"curies":[{"name":"wp","href":"https:\/\/api.w.org\/{rel}","templated":true}]}}