{"id":255171,"date":"2018-12-03T13:45:48","date_gmt":"2018-12-03T12:45:48","guid":{"rendered":"https:\/\/hashtag.al\/?p=255171"},"modified":"2018-12-03T13:47:05","modified_gmt":"2018-12-03T12:47:05","slug":"personat-me-aftesi-te-kufizuara-proteste-para-kryeministrise","status":"publish","type":"post","link":"https:\/\/www.hashtag.al\/index.php\/2018\/12\/03\/personat-me-aftesi-te-kufizuara-proteste-para-kryeministrise\/","title":{"rendered":"Personat me aft\u00ebsi t\u00eb kufizuara protest\u00eb para Kryeministris\u00eb","gt_translate_keys":[{"key":"rendered","format":"text"}]},"content":{"rendered":"<p><img loading=\"lazy\" decoding=\"async\" class=\"aligncenter size-full wp-image-255172\" src=\"https:\/\/hashtag.al\/wp-content\/uploads\/2018\/12\/WhatsApp-Image-2018-12-03-at-11.13.27.jpeg\" alt=\"\" width=\"1280\" height=\"720\" srcset=\"https:\/\/www.hashtag.al\/wp-content\/uploads\/2018\/12\/WhatsApp-Image-2018-12-03-at-11.13.27.jpeg 1280w, https:\/\/www.hashtag.al\/wp-content\/uploads\/2018\/12\/WhatsApp-Image-2018-12-03-at-11.13.27-300x169.jpeg 300w, https:\/\/www.hashtag.al\/wp-content\/uploads\/2018\/12\/WhatsApp-Image-2018-12-03-at-11.13.27-768x432.jpeg 768w, https:\/\/www.hashtag.al\/wp-content\/uploads\/2018\/12\/WhatsApp-Image-2018-12-03-at-11.13.27-1024x576.jpeg 1024w\" sizes=\"auto, (max-width: 1280px) 100vw, 1280px\" \/><\/p>\n<p><span style=\"color: #000000;\">Personat me aft\u00ebsi t\u00eb kufizuar kan\u00eb zhvilluar paraditen e sotme nj\u00eb protest\u00eb para Kryeministris\u00eb. Protestuesit dhe familjar\u00ebt e tyre, jan\u00eb an\u00ebtar\u00eb t\u00eb shoqat\u00ebs s\u00eb paraplegjik\u00ebve dhe tetraplegjik\u00ebve. <\/span><\/p>\n<p><span style=\"color: #000000;\">Ata k\u00ebrkojn\u00eb statusin e tyre dhe b\u00ebjn\u00eb thirrje q\u00eb t\u00eb mos diskriminohen por t\u00eb ndihmohen p\u00ebr t\u2019u integruar n\u00eb shoq\u00ebri.<\/span><\/p>\n<p><span style=\"color: #000000;\">Kjo nuk \u00ebsht\u00eb protesta e vetme q\u00eb po zhvillohet n\u00eb kryeqytet dit\u00ebt e fundit. Banor\u00ebt e Unaz\u00ebs s\u00eb Re jan\u00eb n\u00eb dit\u00ebn e 30-t\u00eb t\u00eb q\u00ebndres\u00ebs s\u00eb tyre kund\u00ebr prishjes s\u00eb banesave. <\/span><\/p>\n<p><span style=\"color: #000000;\">Protest\u00eb kan\u00eb zhvilluar edhe banor\u00ebt e Bregut t\u00eb Lumit dhe ata t\u00eb Shkoz\u00ebs, t\u00eb cil\u00ebve rrezikohen t\u2019u prishen banesat. Nj\u00eb tjet\u00ebr protest\u00eb \u00ebsht\u00eb zhvilluar nga student\u00ebt, t\u00eb cil\u00ebt k\u00ebrkojn\u00eb uljen e tarifave t\u00eb studimit.<\/span><\/p>\n<p><img loading=\"lazy\" decoding=\"async\" class=\"aligncenter size-full wp-image-255174\" src=\"https:\/\/hashtag.al\/wp-content\/uploads\/2018\/12\/WhatsApp-Image-2018-12-03-at-11.13.32.jpeg\" alt=\"\" width=\"1280\" height=\"720\" srcset=\"https:\/\/www.hashtag.al\/wp-content\/uploads\/2018\/12\/WhatsApp-Image-2018-12-03-at-11.13.32.jpeg 1280w, https:\/\/www.hashtag.al\/wp-content\/uploads\/2018\/12\/WhatsApp-Image-2018-12-03-at-11.13.32-300x169.jpeg 300w, https:\/\/www.hashtag.al\/wp-content\/uploads\/2018\/12\/WhatsApp-Image-2018-12-03-at-11.13.32-768x432.jpeg 768w, https:\/\/www.hashtag.al\/wp-content\/uploads\/2018\/12\/WhatsApp-Image-2018-12-03-at-11.13.32-1024x576.jpeg 1024w\" sizes=\"auto, (max-width: 1280px) 100vw, 1280px\" \/><\/p>\n","protected":false,"gt_translate_keys":[{"key":"rendered","format":"html"}]},"excerpt":{"rendered":"<p>Personat me aft\u00ebsi t\u00eb kufizuar kan\u00eb zhvilluar paraditen e sotme nj\u00eb protest\u00eb para Kryeministris\u00eb. Protestuesit dhe familjar\u00ebt e tyre, jan\u00eb an\u00ebtar\u00eb t\u00eb shoqat\u00ebs s\u00eb paraplegjik\u00ebve dhe tetraplegjik\u00ebve. Ata k\u00ebrkojn\u00eb statusin e tyre dhe b\u00ebjn\u00eb thirrje q\u00eb t\u00eb mos diskriminohen por t\u00eb ndihmohen p\u00ebr t\u2019u integruar n\u00eb shoq\u00ebri. Kjo nuk \u00ebsht\u00eb protesta e vetme q\u00eb po [&hellip;]<\/p>\n","protected":false,"gt_translate_keys":[{"key":"rendered","format":"html"}]},"author":51,"featured_media":255173,"comment_status":"open","ping_status":"open","sticky":false,"template":"","format":"standard","meta":{"footnotes":""},"categories":[65],"tags":[],"class_list":["post-255171","post","type-post","status-publish","format-standard","has-post-thumbnail","hentry","category-lajme"],"gt_translate_keys":[{"key":"link","format":"url"}],"_links":{"self":[{"href":"https:\/\/www.hashtag.al\/index.php\/wp-json\/wp\/v2\/posts\/255171","targetHints":{"allow":["GET"]}}],"collection":[{"href":"https:\/\/www.hashtag.al\/index.php\/wp-json\/wp\/v2\/posts"}],"about":[{"href":"https:\/\/www.hashtag.al\/index.php\/wp-json\/wp\/v2\/types\/post"}],"author":[{"embeddable":true,"href":"https:\/\/www.hashtag.al\/index.php\/wp-json\/wp\/v2\/users\/51"}],"replies":[{"embeddable":true,"href":"https:\/\/www.hashtag.al\/index.php\/wp-json\/wp\/v2\/comments?post=255171"}],"version-history":[{"count":0,"href":"https:\/\/www.hashtag.al\/index.php\/wp-json\/wp\/v2\/posts\/255171\/revisions"}],"wp:featuredmedia":[{"embeddable":true,"href":"https:\/\/www.hashtag.al\/index.php\/wp-json\/wp\/v2\/media\/255173"}],"wp:attachment":[{"href":"https:\/\/www.hashtag.al\/index.php\/wp-json\/wp\/v2\/media?parent=255171"}],"wp:term":[{"taxonomy":"category","embeddable":true,"href":"https:\/\/www.hashtag.al\/index.php\/wp-json\/wp\/v2\/categories?post=255171"},{"taxonomy":"post_tag","embeddable":true,"href":"https:\/\/www.hashtag.al\/index.php\/wp-json\/wp\/v2\/tags?post=255171"}],"curies":[{"name":"wp","href":"https:\/\/api.w.org\/{rel}","templated":true}]}}