{"id":255065,"date":"2018-12-03T09:37:34","date_gmt":"2018-12-03T08:37:34","guid":{"rendered":"https:\/\/hashtag.al\/?p=255065"},"modified":"2018-12-03T09:38:40","modified_gmt":"2018-12-03T08:38:40","slug":"rama-mburret-me-rikonstruktimin-e-aksit-vore-fushe-kruje-qytetaret-e-lene-me-gisht-ne-goje-burim-aksidentesh","status":"publish","type":"post","link":"https:\/\/www.hashtag.al\/index.php\/2018\/12\/03\/rama-mburret-me-rikonstruktimin-e-aksit-vore-fushe-kruje-qytetaret-e-lene-me-gisht-ne-goje-burim-aksidentesh\/","title":{"rendered":"Rama mburret me rikonstruktimin e aksit Vor\u00eb-Fush\u00eb Kruj\u00eb, qytetar\u00ebt e l\u00ebn\u00eb me &#8220;gisht n\u00eb goj\u00eb&#8221;: Burim aksidentesh!","gt_translate_keys":[{"key":"rendered","format":"text"}]},"content":{"rendered":"<p><img loading=\"lazy\" decoding=\"async\" class=\"aligncenter size-full wp-image-239201\" src=\"https:\/\/hashtag.al\/wp-content\/uploads\/2018\/10\/rama-komente.jpg\" alt=\"\" width=\"1300\" height=\"768\" \/><\/p>\n<p><span style=\"color: #000000;\">M\u00ebngjesin e sot\u00ebm, kryeministri Edi Rama e nisi duke publikuar nj\u00eb video nga aksi rrugor Vor\u00eb-Fush\u00eb Kruj\u00eb i rikonstruktuar.<\/span><\/p>\n<p><span style=\"color: #000000;\">Mir\u00ebpo qytetar\u00ebt, i jan\u00eb kthyer kryeministrit duke i th\u00ebn\u00eb se rruga e rikonstruktuar nuk i plot\u00ebson t\u00eb gjitha standartet.<\/span><\/p>\n<p><span style=\"color: #000000;\"><em>\u201cAkoma dhe kesaj dite behen rruge te ngushta dy kalimshme me limit shpejtesie deri ne 60 km ne ore pa ndricim fare per naten dhe pa mbrojtese ne anet si zone bujqesore qe eshte dhe naten pa ndricim pa mbrojtese anet rruget mund te te futet gjithcka ne rrota qofte dhe me 60km ne ore te jesh e u bere copa. Ne shqiperi hidhet nje cope asfalt me cilesi te mbaruar si karte cingari dhe ja u be rruga por harrojne se jemi ne vitin 2018 dhe qe te besh nje rruge kerkohen dhe parametrat e duhur optimal.\u201d,<\/em> thot\u00eb nj\u00eb nga komentuesit.<\/span><\/p>\n<p><span style=\"color: #000000;\">E kryeministri nuk kishte si ta kund\u00ebrshtonte n\u00eb k\u00ebt\u00eb pik\u00eb, por justifikohet me faktin se t\u00eb pakt\u00ebn \u00ebsht\u00eb m\u00eb mir\u00eb nga sa ishte m\u00eb p\u00ebrpara.<\/span><\/p>\n<p><span style=\"color: #000000;\"><em>\u201cke te drejte, ishte me mire sic ishte, lodhje e kote per t&#8217;i prishur tere ato gropa te bukura\u201d,<\/em> shkruan Rama.<\/span><\/p>\n<p><span style=\"color: #000000;\">Ky \u00ebsht\u00eb nj\u00eb nga akset m\u00eb t\u00eb r\u00ebnd\u00ebsishme n\u00eb vend q\u00eb lidh kryeqytetin me veriun e vendit dhe s\u00eb paku rikonstruktimi t\u00eb b\u00ebhej si\u00e7 duhej.<\/span><\/p>\n<p><span style=\"color: #000000;\"><img loading=\"lazy\" decoding=\"async\" class=\"aligncenter size-full wp-image-255066\" src=\"https:\/\/hashtag.al\/wp-content\/uploads\/2018\/12\/Rruga.jpg\" alt=\"\" width=\"505\" height=\"257\" srcset=\"https:\/\/www.hashtag.al\/wp-content\/uploads\/2018\/12\/Rruga.jpg 505w, https:\/\/www.hashtag.al\/wp-content\/uploads\/2018\/12\/Rruga-300x153.jpg 300w\" sizes=\"auto, (max-width: 505px) 100vw, 505px\" \/> <img loading=\"lazy\" decoding=\"async\" class=\"aligncenter size-full wp-image-255067\" src=\"https:\/\/hashtag.al\/wp-content\/uploads\/2018\/12\/komentet.gif\" alt=\"\" width=\"466\" height=\"387\" \/><\/span><\/p>\n","protected":false,"gt_translate_keys":[{"key":"rendered","format":"html"}]},"excerpt":{"rendered":"<p>M\u00ebngjesin e sot\u00ebm, kryeministri Edi Rama e nisi duke publikuar nj\u00eb video nga aksi rrugor Vor\u00eb-Fush\u00eb Kruj\u00eb i rikonstruktuar. Mir\u00ebpo qytetar\u00ebt, i jan\u00eb kthyer kryeministrit duke i th\u00ebn\u00eb se rruga e rikonstruktuar nuk i plot\u00ebson t\u00eb gjitha standartet. \u201cAkoma dhe kesaj dite behen rruge te ngushta dy kalimshme me limit shpejtesie deri ne 60 km [&hellip;]<\/p>\n","protected":false,"gt_translate_keys":[{"key":"rendered","format":"html"}]},"author":30,"featured_media":197798,"comment_status":"open","ping_status":"open","sticky":false,"template":"","format":"standard","meta":{"footnotes":""},"categories":[65],"tags":[],"class_list":["post-255065","post","type-post","status-publish","format-standard","has-post-thumbnail","hentry","category-lajme"],"gt_translate_keys":[{"key":"link","format":"url"}],"_links":{"self":[{"href":"https:\/\/www.hashtag.al\/index.php\/wp-json\/wp\/v2\/posts\/255065","targetHints":{"allow":["GET"]}}],"collection":[{"href":"https:\/\/www.hashtag.al\/index.php\/wp-json\/wp\/v2\/posts"}],"about":[{"href":"https:\/\/www.hashtag.al\/index.php\/wp-json\/wp\/v2\/types\/post"}],"author":[{"embeddable":true,"href":"https:\/\/www.hashtag.al\/index.php\/wp-json\/wp\/v2\/users\/30"}],"replies":[{"embeddable":true,"href":"https:\/\/www.hashtag.al\/index.php\/wp-json\/wp\/v2\/comments?post=255065"}],"version-history":[{"count":0,"href":"https:\/\/www.hashtag.al\/index.php\/wp-json\/wp\/v2\/posts\/255065\/revisions"}],"wp:featuredmedia":[{"embeddable":true,"href":"https:\/\/www.hashtag.al\/index.php\/wp-json\/"}],"wp:attachment":[{"href":"https:\/\/www.hashtag.al\/index.php\/wp-json\/wp\/v2\/media?parent=255065"}],"wp:term":[{"taxonomy":"category","embeddable":true,"href":"https:\/\/www.hashtag.al\/index.php\/wp-json\/wp\/v2\/categories?post=255065"},{"taxonomy":"post_tag","embeddable":true,"href":"https:\/\/www.hashtag.al\/index.php\/wp-json\/wp\/v2\/tags?post=255065"}],"curies":[{"name":"wp","href":"https:\/\/api.w.org\/{rel}","templated":true}]}}