{"id":255061,"date":"2018-12-03T09:22:34","date_gmt":"2018-12-03T08:22:34","guid":{"rendered":"https:\/\/hashtag.al\/?p=255061"},"modified":"2018-12-03T09:23:32","modified_gmt":"2018-12-03T08:23:32","slug":"leksion-qeveritareve-zjarrfikesit-u-kthejne-shpinen-mes-ceremonise-video","status":"publish","type":"post","link":"https:\/\/www.hashtag.al\/index.php\/2018\/12\/03\/leksion-qeveritareve-zjarrfikesit-u-kthejne-shpinen-mes-ceremonise-video\/","title":{"rendered":"&#8220;Leksion&#8221; qeveritar\u00ebve, zjarrfik\u00ebsit u kthejn\u00eb shpin\u00ebn mes ceremonis\u00eb (VIDEO)","gt_translate_keys":[{"key":"rendered","format":"text"}]},"content":{"rendered":"<p>&nbsp;<\/p>\n<p><img loading=\"lazy\" decoding=\"async\" class=\"aligncenter size-full wp-image-255063\" src=\"https:\/\/hashtag.al\/wp-content\/uploads\/2018\/12\/zjarrfikesit.jpg\" alt=\"\" width=\"700\" height=\"394\" srcset=\"https:\/\/www.hashtag.al\/wp-content\/uploads\/2018\/12\/zjarrfikesit.jpg 700w, https:\/\/www.hashtag.al\/wp-content\/uploads\/2018\/12\/zjarrfikesit-300x169.jpg 300w\" sizes=\"auto, (max-width: 700px) 100vw, 700px\" \/><\/p>\n<p><span style=\"color: #000000;\">Pas polic\u00ebve, edhe zjarrfik\u00ebsit francez\u00eb kan\u00eb dh\u00ebn\u00eb shenj\u00ebn e tyre se nuk i mb\u00ebshtesin qeveritar\u00ebt.<\/span><\/p>\n<p><span style=\"color: #000000;\">Dit\u00ebn e shtun\u00eb gjat\u00eb kremtimit t\u00eb \u201cHoly Beard\u201d, Shenjt mbrojt\u00ebs i zjarrfik\u00ebsve, zjarrfik\u00ebsit u kthyen shpin\u00ebn disa qeveritar\u00ebve n\u00eb shenj\u00eb proteste.<\/span><\/p>\n<p><span style=\"color: #000000;\">Ky gjest i jasht\u00ebzakonsh\u00ebm erdhi si shprehje e pak\u00ebnaq\u00ebsis\u00eb kund\u00ebr shkurtimeve n\u00eb vendet e tyre t\u00eb pun\u00ebs, dhe kjo ndodhi pik\u00ebrisht n\u00eb nisje t\u00eb ceremonis\u00eb.<\/span><\/p>\n<p><span style=\"color: #000000;\">Zjarrfik\u00ebsit ju kthyen shpinat zyrtar\u00ebve t\u00eb zgjedhur, p\u00ebrfshir\u00eb\u00a0Gilles Bourdouleix, kryetar i Bashkis\u00eb Cholet dhe p\u00ebrfaq\u00ebsuesit t\u00eb zones. Me sa raportohet nga mediat franceze n\u00eb sh\u00ebnjest\u00ebr t\u00eb veprimit t\u00eb tyre ishte ve\u00e7an\u00ebrisht,\u00a0Patrice Braud.<\/span><\/p>\n<p><span style=\"color: #000000;\">Videoja e zjarrfik\u00ebsve \u00ebsht\u00eb b\u00ebr\u00eb virale n\u00eb rrjet. Po dit\u00ebn e shtun\u00eb, edhe polic\u00ebt<\/span><\/p>\n<p><span style=\"color: #000000;\">Shprehen solidarizimin e tyre me protestuesit e quajtur \u201cJelek\u00ebt e Verdh\u00eb\u201d, t\u00eb cil\u00ebt prej disa jav\u00ebsh jan\u00eb ngritur n\u00eb protesta kund\u00ebr taks\u00ebs s\u00eb karburantit.<\/span><\/p>\n<p><span style=\"color: #000000;\">Ndon\u00ebse ishin n\u00eb krye t\u00eb detyr\u00ebs p\u00ebr t\u00eb mir\u00ebmbajtur rendin, polic\u00ebt mb\u00ebshtet\u00ebn protestuesit duke hequr kokoret.<\/span><\/p>\n<p>https:\/\/www.youtube.com\/watch?v=Mr4AupQOODQ<\/p>\n","protected":false,"gt_translate_keys":[{"key":"rendered","format":"html"}]},"excerpt":{"rendered":"<p>&nbsp; Pas polic\u00ebve, edhe zjarrfik\u00ebsit francez\u00eb kan\u00eb dh\u00ebn\u00eb shenj\u00ebn e tyre se nuk i mb\u00ebshtesin qeveritar\u00ebt. Dit\u00ebn e shtun\u00eb gjat\u00eb kremtimit t\u00eb \u201cHoly Beard\u201d, Shenjt mbrojt\u00ebs i zjarrfik\u00ebsve, zjarrfik\u00ebsit u kthyen shpin\u00ebn disa qeveritar\u00ebve n\u00eb shenj\u00eb proteste. Ky gjest i jasht\u00ebzakonsh\u00ebm erdhi si shprehje e pak\u00ebnaq\u00ebsis\u00eb kund\u00ebr shkurtimeve n\u00eb vendet e tyre t\u00eb pun\u00ebs, dhe [&hellip;]<\/p>\n","protected":false,"gt_translate_keys":[{"key":"rendered","format":"html"}]},"author":30,"featured_media":255063,"comment_status":"open","ping_status":"open","sticky":false,"template":"","format":"standard","meta":{"footnotes":""},"categories":[6],"tags":[],"class_list":["post-255061","post","type-post","status-publish","format-standard","has-post-thumbnail","hentry","category-nderkombetare"],"gt_translate_keys":[{"key":"link","format":"url"}],"_links":{"self":[{"href":"https:\/\/www.hashtag.al\/index.php\/wp-json\/wp\/v2\/posts\/255061","targetHints":{"allow":["GET"]}}],"collection":[{"href":"https:\/\/www.hashtag.al\/index.php\/wp-json\/wp\/v2\/posts"}],"about":[{"href":"https:\/\/www.hashtag.al\/index.php\/wp-json\/wp\/v2\/types\/post"}],"author":[{"embeddable":true,"href":"https:\/\/www.hashtag.al\/index.php\/wp-json\/wp\/v2\/users\/30"}],"replies":[{"embeddable":true,"href":"https:\/\/www.hashtag.al\/index.php\/wp-json\/wp\/v2\/comments?post=255061"}],"version-history":[{"count":0,"href":"https:\/\/www.hashtag.al\/index.php\/wp-json\/wp\/v2\/posts\/255061\/revisions"}],"wp:featuredmedia":[{"embeddable":true,"href":"https:\/\/www.hashtag.al\/index.php\/wp-json\/wp\/v2\/media\/255063"}],"wp:attachment":[{"href":"https:\/\/www.hashtag.al\/index.php\/wp-json\/wp\/v2\/media?parent=255061"}],"wp:term":[{"taxonomy":"category","embeddable":true,"href":"https:\/\/www.hashtag.al\/index.php\/wp-json\/wp\/v2\/categories?post=255061"},{"taxonomy":"post_tag","embeddable":true,"href":"https:\/\/www.hashtag.al\/index.php\/wp-json\/wp\/v2\/tags?post=255061"}],"curies":[{"name":"wp","href":"https:\/\/api.w.org\/{rel}","templated":true}]}}