{"id":254710,"date":"2018-12-01T13:33:53","date_gmt":"2018-12-01T12:33:53","guid":{"rendered":"https:\/\/hashtag.al\/?p=254710"},"modified":"2018-12-01T13:33:53","modified_gmt":"2018-12-01T12:33:53","slug":"254710","status":"publish","type":"post","link":"https:\/\/www.hashtag.al\/index.php\/2018\/12\/01\/254710\/","title":{"rendered":"Qeveria gjermane: \u201cJO\u201d Shqip\u00ebris\u00eb s\u00eb Madhe, kjo ide nuk mb\u00ebshtet nga shqiptar\u00ebt","gt_translate_keys":[{"key":"rendered","format":"text"}]},"content":{"rendered":"<p><img loading=\"lazy\" decoding=\"async\" class=\"alignnone size-full wp-image-254711\" src=\"https:\/\/hashtag.al\/wp-content\/uploads\/2018\/12\/gjermania.jpg\" alt=\"\" width=\"700\" height=\"394\" srcset=\"https:\/\/www.hashtag.al\/wp-content\/uploads\/2018\/12\/gjermania.jpg 700w, https:\/\/www.hashtag.al\/wp-content\/uploads\/2018\/12\/gjermania-300x169.jpg 300w\" sizes=\"auto, (max-width: 700px) 100vw, 700px\" \/><\/p>\n<p><span style=\"color: #000000;\">Qeveria gjermane ka deklaruar s\u00eb fundmi se n\u00eb Shqip\u00ebri nuk ka\u00a0aktivitete ose parti q\u00eb e mb\u00ebshtesin iden\u00eb e bashkimit me Kosov\u00ebn. <\/span><\/p>\n<p><span style=\"color: #000000;\">DW shkruan se qeveria Gjermane \u00ebsht\u00eb e mendimit se Shqip\u00ebria luan parimisht nj\u00eb rol pozitiv n\u00eb rajon<\/span><\/p>\n<p><span style=\"color: #000000;\">&#8220;N\u00eb Shqip\u00ebri ekziston konsensus mbipartiak p\u00ebr an\u00ebtar\u00ebsin\u00eb n\u00eb NATO, integrimin n\u00eb BE, p\u00ebr nj\u00eb shtet demokratik dhe kushtetues dhe p\u00ebr mir\u00ebkuptim n\u00eb politikat rajonale&#8221;, thuhet nd\u00ebr t\u00eb tjera n\u00eb dokumentin e l\u00ebshaur nga qeveria.\u00a0<\/span><\/p>\n<p><span style=\"color: #000000;\"><b>Qeverisja e Ram\u00ebs dhe marr\u00ebdh\u00ebnia me Serbin\u00eb sipas qeveris\u00eb gjermane.\u00a0<\/b><\/span><\/p>\n<p><span style=\"color: #000000;\">&#8220;N\u00eb qeverisjen e kryeministrit Edi Rama ka pasur afrim me Republik\u00ebn e Serbis\u00eb, sidomos n\u00eb vazhd\u00ebn e procesit t\u00eb Berlinit. N\u00eb vitet 2014 dhe 2015 jan\u00eb shk\u00ebmbyer dy vizitat e para reciproke n\u00eb nivel kryeministrash q\u00eb nga\u00a0vitet 1940. N\u00eb vitin 2015 dy kryeministrat e dy vendeve hodh\u00ebn iden\u00eb p\u00ebr krijimin e nj\u00eb organizate bashk\u00ebpunimi rajonal p\u00ebr t\u00eb rinjt\u00eb, e cila filloi pun\u00ebn n\u00eb vitin\u00a0 2017 me seli n\u00eb Tiran\u00eb.<\/span><\/p>\n<p><span style=\"color: #000000;\">Qeveria shqiptare b\u00ebn p\u00ebrpjekje p\u00ebr marr\u00ebdh\u00ebnie t\u00eb fqinj\u00ebsis\u00eb s\u00eb mir\u00eb. Pyetjet e hapura n\u00eb raportet me Greqin\u00eb po bisedohen n\u00eb m\u00ebnyr\u00eb konstruktive q\u00eb prej vitit 2017. Shqip\u00ebria i ka mb\u00ebshtetur t\u00eb gjitha vendimet e marra n\u00eb politikat e p\u00ebrbashk\u00ebta t\u00eb jashtme dhe t\u00eb siguris\u00eb. Prej vitit 2009\u00a0Shqip\u00ebria \u00ebsht\u00eb an\u00ebtare e NATO-s. Dhe p\u00ebr vitin 2020 synon t\u00eb\u00a0 marr\u00eb n\u00eb dor\u00eb kryesin\u00eb e radh\u00ebs s\u00eb OSBE-s\u00eb, duke u rrekur k\u00ebshtu t\u00eb marr\u00eb p\u00ebrgjegj\u00ebsi p\u00ebrtej kufijve rajonal\u00eb&#8221;.\u00a0<\/span><\/p>\n","protected":false,"gt_translate_keys":[{"key":"rendered","format":"html"}]},"excerpt":{"rendered":"<p>Qeveria gjermane ka deklaruar s\u00eb fundmi se n\u00eb Shqip\u00ebri nuk ka\u00a0aktivitete ose parti q\u00eb e mb\u00ebshtesin iden\u00eb e bashkimit me Kosov\u00ebn. DW shkruan se qeveria Gjermane \u00ebsht\u00eb e mendimit se Shqip\u00ebria luan parimisht nj\u00eb rol pozitiv n\u00eb rajon &#8220;N\u00eb Shqip\u00ebri ekziston konsensus mbipartiak p\u00ebr an\u00ebtar\u00ebsin\u00eb n\u00eb NATO, integrimin n\u00eb BE, p\u00ebr nj\u00eb shtet demokratik dhe [&hellip;]<\/p>\n","protected":false,"gt_translate_keys":[{"key":"rendered","format":"html"}]},"author":30,"featured_media":254711,"comment_status":"open","ping_status":"open","sticky":false,"template":"","format":"standard","meta":{"footnotes":""},"categories":[65],"tags":[],"class_list":["post-254710","post","type-post","status-publish","format-standard","has-post-thumbnail","hentry","category-lajme"],"gt_translate_keys":[{"key":"link","format":"url"}],"_links":{"self":[{"href":"https:\/\/www.hashtag.al\/index.php\/wp-json\/wp\/v2\/posts\/254710","targetHints":{"allow":["GET"]}}],"collection":[{"href":"https:\/\/www.hashtag.al\/index.php\/wp-json\/wp\/v2\/posts"}],"about":[{"href":"https:\/\/www.hashtag.al\/index.php\/wp-json\/wp\/v2\/types\/post"}],"author":[{"embeddable":true,"href":"https:\/\/www.hashtag.al\/index.php\/wp-json\/wp\/v2\/users\/30"}],"replies":[{"embeddable":true,"href":"https:\/\/www.hashtag.al\/index.php\/wp-json\/wp\/v2\/comments?post=254710"}],"version-history":[{"count":0,"href":"https:\/\/www.hashtag.al\/index.php\/wp-json\/wp\/v2\/posts\/254710\/revisions"}],"wp:featuredmedia":[{"embeddable":true,"href":"https:\/\/www.hashtag.al\/index.php\/wp-json\/wp\/v2\/media\/254711"}],"wp:attachment":[{"href":"https:\/\/www.hashtag.al\/index.php\/wp-json\/wp\/v2\/media?parent=254710"}],"wp:term":[{"taxonomy":"category","embeddable":true,"href":"https:\/\/www.hashtag.al\/index.php\/wp-json\/wp\/v2\/categories?post=254710"},{"taxonomy":"post_tag","embeddable":true,"href":"https:\/\/www.hashtag.al\/index.php\/wp-json\/wp\/v2\/tags?post=254710"}],"curies":[{"name":"wp","href":"https:\/\/api.w.org\/{rel}","templated":true}]}}