{"id":254286,"date":"2018-11-29T20:06:36","date_gmt":"2018-11-29T19:06:36","guid":{"rendered":"https:\/\/hashtag.al\/?p=254286"},"modified":"2018-11-29T20:07:52","modified_gmt":"2018-11-29T19:07:52","slug":"254286","status":"publish","type":"post","link":"https:\/\/www.hashtag.al\/index.php\/2018\/11\/29\/254286\/","title":{"rendered":"Shefi i marin\u00ebs ukrainase: Do i k\u00ebrkojm\u00eb Turqis\u00eb t\u00eb bllokoj\u00eb ngushtic\u00ebn e Bosforit p\u00ebr rus\u00ebt","gt_translate_keys":[{"key":"rendered","format":"text"}]},"content":{"rendered":"<p><img loading=\"lazy\" decoding=\"async\" class=\"alignnone size-full wp-image-254290\" src=\"https:\/\/hashtag.al\/wp-content\/uploads\/2018\/11\/UKRAINA.jpg\" alt=\"\" width=\"900\" height=\"506\" srcset=\"https:\/\/www.hashtag.al\/wp-content\/uploads\/2018\/11\/UKRAINA.jpg 900w, https:\/\/www.hashtag.al\/wp-content\/uploads\/2018\/11\/UKRAINA-300x169.jpg 300w, https:\/\/www.hashtag.al\/wp-content\/uploads\/2018\/11\/UKRAINA-768x432.jpg 768w\" sizes=\"auto, (max-width: 900px) 100vw, 900px\" \/><\/p>\n<p>Nj\u00eb shef i marin\u00ebs ukrainase \u00ebsht\u00eb zotuar se do k\u00ebrkoj\u00eb nga Turqia q\u00eb t\u00eb mbyll\u00eb ngushtic\u00ebn e Bosforit p\u00ebr anijet luftarake ruse.<\/p>\n<p>&#8220;Un\u00eb jam i sigurt se bashk\u00ebsia nd\u00ebrkomb\u00ebtare\u00a0 do t\u00eb pranoj\u00eb se ka pasur nj\u00eb agresion ndaj shtetit t\u00eb Ukrain\u00ebs&#8221;, tha t\u00eb enjten komandanti i Marin\u00ebs ukrainase, admirali Igor Voron\u00e7enko.<\/p>\n<p>Duke p\u00ebrmendur k\u00ebt\u00eb dhe rregullat e Konvent\u00ebs s\u00eb Montreuksit, ai u shpreh: Do t\u00eb p\u00ebrpiqemi t&#8217;i k\u00ebrkojm\u00eb Republik\u00ebs s\u00eb Turqis\u00eb p\u00ebr mbylljen e Ngushtic\u00ebs s\u00eb Bosforit, q\u00eb rus\u00ebt t\u00eb m\u00ebsojn\u00eb\u00a0 se \u00e7far\u00eb duhet p\u00ebr t\u00eb shkelur rregullat nd\u00ebrkomb\u00ebtare &#8220;.<\/p>\n<p>&#8220;D\u00ebshira e Kievit p\u00ebr t\u00eb k\u00ebrkuar mbylljen e ngushtic\u00ebs s\u00eb Bosforit \u00ebsht\u00eb ligj\u00ebrisht e par\u00ebnd\u00ebsishme,&#8221; u tha gazetar\u00ebve senatori i lart\u00eb francez Franz Klintsevich. &#8220;Rusia nuk \u00ebsht\u00eb n\u00eb luft\u00eb me ask\u00ebnd, dhe nuk planifikon t\u00eb shkoj\u00eb n\u00eb luft\u00eb&#8221;, theksoi ai.<\/p>\n<p>Moska ka d\u00ebnuar incidentin n\u00eb Ngushtic\u00ebn Ker\u00e7 si nj\u00eb &#8220;provokim&#8221; t\u00eb planifikuar nga autoritetet e Kievit, nd\u00ebrsa Ukraina q\u00ebndron sipas versionit t\u00eb saj t\u00eb ngjarjeve. T\u00eb diel\u00ebn, Kievi d\u00ebrgoi tre anije ushtarake p\u00ebrmes ngushtic\u00ebs Ker\u00e7.<\/p>\n<p><strong>\u00a0Burimi:<\/strong> <a href=\"https:\/\/www.rt.com\/news\/445155-ukraine-ban-russian-ships-bosphorus\/?fbclid=IwAR1WFtw-K0KlP-E6krxVXgbp7-RxLJhkgh413X39gd62g1_vUicD6dlH4d0\">RT<\/a><\/p>\n<p>&nbsp;<\/p>\n<p>&nbsp;<\/p>\n","protected":false,"gt_translate_keys":[{"key":"rendered","format":"html"}]},"excerpt":{"rendered":"<p>Nj\u00eb shef i marin\u00ebs ukrainase \u00ebsht\u00eb zotuar se do k\u00ebrkoj\u00eb nga Turqia q\u00eb t\u00eb mbyll\u00eb ngushtic\u00ebn e Bosforit p\u00ebr anijet luftarake ruse. &#8220;Un\u00eb jam i sigurt se bashk\u00ebsia nd\u00ebrkomb\u00ebtare\u00a0 do t\u00eb pranoj\u00eb se ka pasur nj\u00eb agresion ndaj shtetit t\u00eb Ukrain\u00ebs&#8221;, tha t\u00eb enjten komandanti i Marin\u00ebs ukrainase, admirali Igor Voron\u00e7enko. Duke p\u00ebrmendur k\u00ebt\u00eb dhe [&hellip;]<\/p>\n","protected":false,"gt_translate_keys":[{"key":"rendered","format":"html"}]},"author":30,"featured_media":254290,"comment_status":"open","ping_status":"open","sticky":false,"template":"","format":"standard","meta":{"footnotes":""},"categories":[6],"tags":[],"class_list":["post-254286","post","type-post","status-publish","format-standard","has-post-thumbnail","hentry","category-nderkombetare"],"gt_translate_keys":[{"key":"link","format":"url"}],"_links":{"self":[{"href":"https:\/\/www.hashtag.al\/index.php\/wp-json\/wp\/v2\/posts\/254286","targetHints":{"allow":["GET"]}}],"collection":[{"href":"https:\/\/www.hashtag.al\/index.php\/wp-json\/wp\/v2\/posts"}],"about":[{"href":"https:\/\/www.hashtag.al\/index.php\/wp-json\/wp\/v2\/types\/post"}],"author":[{"embeddable":true,"href":"https:\/\/www.hashtag.al\/index.php\/wp-json\/wp\/v2\/users\/30"}],"replies":[{"embeddable":true,"href":"https:\/\/www.hashtag.al\/index.php\/wp-json\/wp\/v2\/comments?post=254286"}],"version-history":[{"count":0,"href":"https:\/\/www.hashtag.al\/index.php\/wp-json\/wp\/v2\/posts\/254286\/revisions"}],"wp:featuredmedia":[{"embeddable":true,"href":"https:\/\/www.hashtag.al\/index.php\/wp-json\/wp\/v2\/media\/254290"}],"wp:attachment":[{"href":"https:\/\/www.hashtag.al\/index.php\/wp-json\/wp\/v2\/media?parent=254286"}],"wp:term":[{"taxonomy":"category","embeddable":true,"href":"https:\/\/www.hashtag.al\/index.php\/wp-json\/wp\/v2\/categories?post=254286"},{"taxonomy":"post_tag","embeddable":true,"href":"https:\/\/www.hashtag.al\/index.php\/wp-json\/wp\/v2\/tags?post=254286"}],"curies":[{"name":"wp","href":"https:\/\/api.w.org\/{rel}","templated":true}]}}