{"id":254265,"date":"2018-11-29T19:03:34","date_gmt":"2018-11-29T18:03:34","guid":{"rendered":"https:\/\/hashtag.al\/?p=254265"},"modified":"2018-11-29T19:05:13","modified_gmt":"2018-11-29T18:05:13","slug":"silva-caka-rames-a-lihet-kjo-nene-shtatzene-ne-mes-te-kater-rrugeve","status":"publish","type":"post","link":"https:\/\/www.hashtag.al\/index.php\/2018\/11\/29\/silva-caka-rames-a-lihet-kjo-nene-shtatzene-ne-mes-te-kater-rrugeve\/","title":{"rendered":"Silva Caka-Ram\u00ebs: A lihet kjo n\u00ebn\u00eb shtatz\u00ebne n\u00eb mes t\u00eb kat\u00ebr rrug\u00ebve?","gt_translate_keys":[{"key":"rendered","format":"text"}]},"content":{"rendered":"<p><img loading=\"lazy\" decoding=\"async\" class=\"alignnone size-full wp-image-254241\" src=\"https:\/\/hashtag.al\/wp-content\/uploads\/2018\/11\/protesta-29-nentor.jpg\" alt=\"\" width=\"1280\" height=\"960\" srcset=\"https:\/\/www.hashtag.al\/wp-content\/uploads\/2018\/11\/protesta-29-nentor.jpg 1280w, https:\/\/www.hashtag.al\/wp-content\/uploads\/2018\/11\/protesta-29-nentor-300x225.jpg 300w, https:\/\/www.hashtag.al\/wp-content\/uploads\/2018\/11\/protesta-29-nentor-768x576.jpg 768w, https:\/\/www.hashtag.al\/wp-content\/uploads\/2018\/11\/protesta-29-nentor-1024x768.jpg 1024w\" sizes=\"auto, (max-width: 1280px) 100vw, 1280px\" \/><\/p>\n<p><span style=\"color: #000000;\">Deputetja e LSI-s\u00eb Silva Caka dit\u00ebn e sotme ishte e pranishme n\u00eb\u00a0 protest\u00ebn e banor\u00ebve t\u00eb Astirit.\u00a0\u00a0Caka u shpreh \u00a0se arrestimet e protestuesve jan\u00eb t\u00eb pabaza dhe me urdh\u00ebrin e Edi Ram\u00ebs.<\/span><\/p>\n<p><span style=\"color: #000000;\">\u201cMir\u00ebmbr\u00ebma, t\u00eb gjith\u00ebve si\u00e7 besoj e dini p\u00ebr aq koh\u00eb sa e keni ndjekur k\u00ebt\u00eb protest\u00eb n\u00eb \u00e7do dit\u00eb t\u00eb saj. Protesta tashm\u00eb ka hyr\u00eb n\u00eb dit\u00ebn e 26 t\u00eb saj dhe nuk kemi ende asnj\u00eb reagim nga qeveria p\u00ebr t\u00eb patur nj\u00eb komunikim midis qeveris\u00eb apo edhe bashkis\u00eb me qytetar\u00ebt e Unz\u00ebs s\u00eb Re. Marr shkas nga ajo q\u00eb ka ndodhur sot, me 2 arrestime t\u00eb reja, t\u00eb cilat ashtu si\u00e7 i p\u00ebrmendi edhe kolegu im i Partis\u00eb Demokratike, nuk ka ende nj\u00eb arsye p\u00ebr arrestimin e tyre q\u00eb d\u00ebshmojn\u00eb edhe nj\u00ebher\u00eb arroganc\u00ebn e qeveris\u00eb dhe mbi t\u00eb gjitha vdekjen e drejt\u00ebsis\u00eb dhe t\u00eb reform\u00ebs n\u00eb drejt\u00ebsi n\u00eb Shqip\u00ebri dhe e kemi th\u00ebn\u00eb me koh\u00eb q\u00eb reforma n\u00eb drejt\u00ebsi do t\u00eb sillte pik\u00ebrisht k\u00ebto pasoja sepse jemi shum\u00eb t\u00eb bindur q\u00eb edhe ato djem, q\u00eb jan\u00eb arrestuar dhe kan\u00eb marr\u00eb mas\u00ebn e siguris\u00eb me burg, si Dori apo edhe si djalit tjet\u00ebr q\u00eb i jan\u00eb thyer gishtat, edhe sot 2 zot\u00ebrinjt\u00eb q\u00eb jan\u00eb arrestuar sigurisht do t\u00eb marrin d\u00ebnim ashtu sipas urdhrave t\u00eb Edi Ram\u00ebs.\u201d- tha Caka.<\/span><\/p>\n<p><span style=\"color: #000000;\">M\u00eb tej ajo i \u00ebsht\u00eb drejtuar me nj\u00eb pyetje Edi Ram\u00ebs, ku shprehet se si mund t\u00eb lihet n\u00eb mes t\u00eb kat\u00ebr rrug\u00ebve nj\u00eb zonj\u00eb shtatz\u00ebn\u00eb.<\/span><\/p>\n<p><span style=\"color: #000000;\">\u201cUn\u00eb kam vet\u00ebm nj\u00eb pyetje p\u00ebr Edi Ram\u00ebn, a lihet kjo n\u00ebn\u00eb shtatz\u00ebne n\u00eb mes t\u00eb kat\u00ebr rrug\u00ebve dhe pa e futur n\u00eb sht\u00ebpi, duke i shembur sht\u00ebpin\u00eb, a lihet nj\u00eb vajz\u00eb e re q\u00eb pritet t\u00eb b\u00ebhet n\u00ebn\u00eb n\u00eb mes t\u00eb kat\u00ebr rrug\u00ebve dhe ti i premton q\u00eb do t\u2019ia prish\u00ebsh sht\u00ebpin\u00eb dhe nuk do ti jap\u00ebsh asnj\u00eb lloj d\u00ebmshp\u00ebrblim, k\u00ebt\u00eb mund ta b\u00ebj\u00eb vet\u00ebm nj\u00eb njeri q\u00eb \u00ebsht\u00eb m\u00eb i keq se pushtuesit. Fatmir\u00ebsisht, ne sot jemi n\u00eb nj\u00eb dat\u00eb historike, sepse para shum\u00eb vitesh ne jemi \u00e7liruar nga pushtimi nazist, por mesa duket ai q\u00eb \u00ebsht\u00eb m\u00eb i keq se nazist\u00ebt \u00ebsht\u00eb nj\u00eb njeri i cili votohet nga populli dhe q\u00eb e drejton popullin. K\u00ebshtu q\u00eb \u00ebsht\u00eb emergjenc\u00eb komb\u00ebtare t\u00eb \u00e7lirohemi nj\u00eb or\u00eb dhe m\u00eb p\u00ebrpara nga ky njeri dhe m\u00eb k\u00ebt\u00eb rast un\u00eb do doja shum\u00eb q\u00eb t\u00eb uroja t\u00eb gjith\u00eb shqiptar\u00ebve G\u00ebzuar Festat dhe mbi t\u00eb gjitha n\u00eb k\u00ebt\u00eb dit\u00eb t\u00eb shenjt\u00eb ti nd\u00ebrgjegj\u00ebsoj\u00eb t\u00eb gjith\u00eb sidomos banor\u00ebt e Unaz\u00ebs s\u00eb Re q\u00eb kan\u00eb treguar nj\u00eb shenj\u00eb t\u00eb jasht\u00ebzakonshme solidariteti dhe jo vet\u00ebm solidariteti por edhe q\u00ebndrese dhe duke ju uruar festat ju b\u00ebj thirrje t\u00eb gjith\u00eb shqiptar\u00ebve \u00ebsht\u00eb edhe nj\u00ebher\u00eb e nevojshme q\u00eb t\u00eb \u00e7lirohemi nga pushtuesit. \u201c, u shpreh Caka.<\/span><\/p>\n<p><img loading=\"lazy\" decoding=\"async\" class=\"alignnone size-full wp-image-253585\" src=\"https:\/\/hashtag.al\/wp-content\/uploads\/2018\/11\/protesta27nentor.jpg\" alt=\"\" width=\"786\" height=\"440\" srcset=\"https:\/\/www.hashtag.al\/wp-content\/uploads\/2018\/11\/protesta27nentor.jpg 786w, https:\/\/www.hashtag.al\/wp-content\/uploads\/2018\/11\/protesta27nentor-300x168.jpg 300w, https:\/\/www.hashtag.al\/wp-content\/uploads\/2018\/11\/protesta27nentor-768x430.jpg 768w\" sizes=\"auto, (max-width: 786px) 100vw, 786px\" \/><\/p>\n","protected":false,"gt_translate_keys":[{"key":"rendered","format":"html"}]},"excerpt":{"rendered":"<p>Deputetja e LSI-s\u00eb Silva Caka dit\u00ebn e sotme ishte e pranishme n\u00eb\u00a0 protest\u00ebn e banor\u00ebve t\u00eb Astirit.\u00a0\u00a0Caka u shpreh \u00a0se arrestimet e protestuesve jan\u00eb t\u00eb pabaza dhe me urdh\u00ebrin e Edi Ram\u00ebs. \u201cMir\u00ebmbr\u00ebma, t\u00eb gjith\u00ebve si\u00e7 besoj e dini p\u00ebr aq koh\u00eb sa e keni ndjekur k\u00ebt\u00eb protest\u00eb n\u00eb \u00e7do dit\u00eb t\u00eb saj. Protesta tashm\u00eb [&hellip;]<\/p>\n","protected":false,"gt_translate_keys":[{"key":"rendered","format":"html"}]},"author":30,"featured_media":254241,"comment_status":"open","ping_status":"open","sticky":false,"template":"","format":"standard","meta":{"footnotes":""},"categories":[65],"tags":[],"class_list":["post-254265","post","type-post","status-publish","format-standard","has-post-thumbnail","hentry","category-lajme"],"gt_translate_keys":[{"key":"link","format":"url"}],"_links":{"self":[{"href":"https:\/\/www.hashtag.al\/index.php\/wp-json\/wp\/v2\/posts\/254265","targetHints":{"allow":["GET"]}}],"collection":[{"href":"https:\/\/www.hashtag.al\/index.php\/wp-json\/wp\/v2\/posts"}],"about":[{"href":"https:\/\/www.hashtag.al\/index.php\/wp-json\/wp\/v2\/types\/post"}],"author":[{"embeddable":true,"href":"https:\/\/www.hashtag.al\/index.php\/wp-json\/wp\/v2\/users\/30"}],"replies":[{"embeddable":true,"href":"https:\/\/www.hashtag.al\/index.php\/wp-json\/wp\/v2\/comments?post=254265"}],"version-history":[{"count":0,"href":"https:\/\/www.hashtag.al\/index.php\/wp-json\/wp\/v2\/posts\/254265\/revisions"}],"wp:featuredmedia":[{"embeddable":true,"href":"https:\/\/www.hashtag.al\/index.php\/wp-json\/wp\/v2\/media\/254241"}],"wp:attachment":[{"href":"https:\/\/www.hashtag.al\/index.php\/wp-json\/wp\/v2\/media?parent=254265"}],"wp:term":[{"taxonomy":"category","embeddable":true,"href":"https:\/\/www.hashtag.al\/index.php\/wp-json\/wp\/v2\/categories?post=254265"},{"taxonomy":"post_tag","embeddable":true,"href":"https:\/\/www.hashtag.al\/index.php\/wp-json\/wp\/v2\/tags?post=254265"}],"curies":[{"name":"wp","href":"https:\/\/api.w.org\/{rel}","templated":true}]}}