{"id":254068,"date":"2018-11-29T07:52:46","date_gmt":"2018-11-29T06:52:46","guid":{"rendered":"https:\/\/hashtag.al\/?p=254068"},"modified":"2018-11-29T08:45:53","modified_gmt":"2018-11-29T07:45:53","slug":"aksident-ne-maliq-makina-del-nga-rruga-dhe-bie-ne-lume","status":"publish","type":"post","link":"https:\/\/www.hashtag.al\/index.php\/2018\/11\/29\/aksident-ne-maliq-makina-del-nga-rruga-dhe-bie-ne-lume\/","title":{"rendered":"Aksident n\u00eb Maliq, makina del nga rruga dhe bie n\u00eb lum\u00eb","gt_translate_keys":[{"key":"rendered","format":"text"}]},"content":{"rendered":"<p><span style=\"color: #000000;\"><img loading=\"lazy\" decoding=\"async\" class=\"aligncenter size-full wp-image-254064\" src=\"https:\/\/hashtag.al\/wp-content\/uploads\/2018\/11\/Makina-bie-ne-lumin-e-maliqit-770x433.jpg\" alt=\"\" width=\"770\" height=\"433\" \/>M\u00ebngjesi i sot\u00ebm ka nisur me nj\u00eb aksident n\u00eb Maliq, ku nj\u00eb automjet ka r\u00ebn\u00eb n\u00eb lum\u00eb.<\/span><\/p>\n<p><span style=\"color: #000000;\">M\u00ebsohet se ngjarja ka ndodhur rreth or\u00ebs 03:45 t\u00eb m\u00ebngjesit, n\u00eb aksin nacional Maliq-Kor\u00e7\u00eb, tek ura n\u00eb dalje t\u00eb Maliqit.<\/span><\/p>\n<p><span style=\"color: #000000;\">Sipas policis\u00eb, nj\u00eb automjet vetur\u00eb ka dal\u00eb nga rruga dhe ka r\u00ebn\u00eb n\u00eb lum\u00eb.<\/span><\/p>\n<p><span style=\"color: #000000;\">N\u00eb vendngjarje ndodhen sh\u00ebrbimet e Policis\u00eb dhe Zjarrfik\u00ebsja, mir\u00ebpo mjeti nuk \u00ebsht\u00eb nxjerr\u00eb dot p\u00ebr shkak t\u00eb thell\u00ebsis\u00eb s\u00eb madhe t\u00eb ujit.<\/span><\/p>\n<p><span style=\"color: #000000;\">Pritet ardhja e polumbar\u00ebve, p\u00ebr t\u00eb b\u00ebr\u00eb t\u00eb mundur nxjerrjen e mjetit, dhe personit\/ave q\u00eb mund t\u00eb ken\u00eb qen\u00eb t\u00eb pranish\u00ebm n\u00eb t\u00eb, fati i t\u00eb cilit\/cil\u00ebve nuk dihet ende.<\/span><\/p>\n<p><em><span style=\"color: #000000;\">\u201cM\u00eb dat\u00eb 29.11.2018, rreth or\u00ebs 03:45, n\u00eb aksin nacional Maliq-Kor\u00e7\u00eb, tek ura n\u00eb dalje t\u00eb Maliqit, nj\u00eb automjet vetur\u00eb ka dal\u00eb nga rruga dhe ka r\u00ebn\u00eb n\u00eb lum\u00eb.<\/span><\/em><\/p>\n<p><em><span style=\"color: #000000;\">N\u00eb vendngjarje ndodhen sh\u00ebrbimet e Policis\u00eb dhe Zjarrfik\u00ebsja, por p\u00ebr shkak t\u00eb thell\u00ebsis\u00eb s\u00eb madhe t\u00eb ujit, nuk \u00ebsht\u00eb b\u00ebr\u00eb e mundur nxjerrja e mjetit.\u00a0<\/span><\/em><span style=\"color: #000000;\"><em>Pritet ardhja e polumbar\u00ebve.\u201d,<\/em> thuhet n\u00eb njoftimin e policis\u00eb.<\/span><\/p>\n","protected":false,"gt_translate_keys":[{"key":"rendered","format":"html"}]},"excerpt":{"rendered":"<p>M\u00ebngjesi i sot\u00ebm ka nisur me nj\u00eb aksident n\u00eb Maliq, ku nj\u00eb automjet ka r\u00ebn\u00eb n\u00eb lum\u00eb. M\u00ebsohet se ngjarja ka ndodhur rreth or\u00ebs 03:45 t\u00eb m\u00ebngjesit, n\u00eb aksin nacional Maliq-Kor\u00e7\u00eb, tek ura n\u00eb dalje t\u00eb Maliqit. Sipas policis\u00eb, nj\u00eb automjet vetur\u00eb ka dal\u00eb nga rruga dhe ka r\u00ebn\u00eb n\u00eb lum\u00eb. N\u00eb vendngjarje ndodhen sh\u00ebrbimet [&hellip;]<\/p>\n","protected":false,"gt_translate_keys":[{"key":"rendered","format":"html"}]},"author":30,"featured_media":0,"comment_status":"open","ping_status":"open","sticky":false,"template":"","format":"standard","meta":{"footnotes":""},"categories":[65],"tags":[],"class_list":["post-254068","post","type-post","status-publish","format-standard","hentry","category-lajme"],"gt_translate_keys":[{"key":"link","format":"url"}],"_links":{"self":[{"href":"https:\/\/www.hashtag.al\/index.php\/wp-json\/wp\/v2\/posts\/254068","targetHints":{"allow":["GET"]}}],"collection":[{"href":"https:\/\/www.hashtag.al\/index.php\/wp-json\/wp\/v2\/posts"}],"about":[{"href":"https:\/\/www.hashtag.al\/index.php\/wp-json\/wp\/v2\/types\/post"}],"author":[{"embeddable":true,"href":"https:\/\/www.hashtag.al\/index.php\/wp-json\/wp\/v2\/users\/30"}],"replies":[{"embeddable":true,"href":"https:\/\/www.hashtag.al\/index.php\/wp-json\/wp\/v2\/comments?post=254068"}],"version-history":[{"count":0,"href":"https:\/\/www.hashtag.al\/index.php\/wp-json\/wp\/v2\/posts\/254068\/revisions"}],"wp:attachment":[{"href":"https:\/\/www.hashtag.al\/index.php\/wp-json\/wp\/v2\/media?parent=254068"}],"wp:term":[{"taxonomy":"category","embeddable":true,"href":"https:\/\/www.hashtag.al\/index.php\/wp-json\/wp\/v2\/categories?post=254068"},{"taxonomy":"post_tag","embeddable":true,"href":"https:\/\/www.hashtag.al\/index.php\/wp-json\/wp\/v2\/tags?post=254068"}],"curies":[{"name":"wp","href":"https:\/\/api.w.org\/{rel}","templated":true}]}}