{"id":253907,"date":"2018-11-28T14:58:00","date_gmt":"2018-11-28T13:58:00","guid":{"rendered":"https:\/\/hashtag.al\/?p=253907"},"modified":"2018-11-28T14:59:00","modified_gmt":"2018-11-28T13:59:00","slug":"meta-nderon-ish-presidentin-kroat-mesic-me-dekoraten-e-larte","status":"publish","type":"post","link":"https:\/\/www.hashtag.al\/index.php\/2018\/11\/28\/meta-nderon-ish-presidentin-kroat-mesic-me-dekoraten-e-larte\/","title":{"rendered":"Meta nderon ish-presidentin kroat Mesi\u00e7 me dekorat\u00ebn e lart\u00eb","gt_translate_keys":[{"key":"rendered","format":"text"}]},"content":{"rendered":"<p><img loading=\"lazy\" decoding=\"async\" class=\"aligncenter size-full wp-image-253908\" src=\"https:\/\/hashtag.al\/wp-content\/uploads\/2018\/11\/mesic.jpg\" alt=\"\" width=\"900\" height=\"650\" srcset=\"https:\/\/www.hashtag.al\/wp-content\/uploads\/2018\/11\/mesic.jpg 900w, https:\/\/www.hashtag.al\/wp-content\/uploads\/2018\/11\/mesic-300x217.jpg 300w, https:\/\/www.hashtag.al\/wp-content\/uploads\/2018\/11\/mesic-768x555.jpg 768w\" sizes=\"auto, (max-width: 900px) 100vw, 900px\" \/><\/p>\n<p><span style=\"color: #000000;\">Presidenti Meta ka dekoruar sot ish-presidentin e Kroacis\u00eb, Stjepan Mesi\u00e7 me &#8220;Dekorat\u00ebn e Flamurit Komb\u00ebtar&#8221;. <\/span><\/p>\n<p><span style=\"color: #000000;\">Meta vler\u00ebsoi mb\u00ebshtetjen e pal\u00ebkundur prej dekadash t\u00eb Mesi\u00e7it ndaj \u00e7\u00ebshtjes shqiptare dhe aspiratave t\u00eb tyre p\u00ebr livi, pavar\u00ebsi dhe integrim n\u00eb Bashkimin Evropian.<\/span><\/p>\n<p><span style=\"color: #000000;\"><em>\u201cPresidenti \u00ebsht\u00eb nj\u00eb mik i paz\u00ebvend\u00ebsuesh\u00ebm, i cili\u00a0 ka mbrojtur t\u00eb drejtat e shqiptar\u00ebve. Ai ka m\u00eb shum\u00eb se 50 vite n\u00eb mb\u00ebshtetje t\u00eb shqiptar\u00ebve dhe ishte nj\u00eb z\u00eb i fort\u00eb kund\u00ebr masakrave dhe spastrimeve etnike serbe ndaj shqiptar\u00ebve t\u00eb Kosov\u00ebs.<\/em><\/span><\/p>\n<p><span style=\"color: #000000;\"><em>Si presidenti i Kroacis\u00eb n\u00eb dy mandatet e tij, vijoi t\u00eb mbroj\u00eb kauz\u00ebn e Kosov\u00ebs dhe t\u00eb pavar\u00ebsis\u00eb s\u00eb saj. Ai \u00ebsht\u00eb nj\u00eb avokat i palodhur i mbrojtjes s\u00eb z\u00ebrave t\u00eb shqiptar\u00ebve n\u00eb Maqedoni dhe n\u00eb Lugin\u00ebn e Preshev\u00ebs. Kontributi i tij ka qen\u00eb shum\u00eb i vyer, por sot n\u00eb dit\u00ebn e flamurit ton\u00eb komb\u00ebtar ndaj k\u00ebtij burri t\u00eb shtrenjt\u00eb kam nderin ta dekoroj me dekorat\u00ebn e \u201cFlamurit Komb\u00ebtar\u201d. Faleminderit edhe nj\u00ebher\u00eb zoti president p\u00ebr gjith\u00e7ka ke b\u00ebr\u00eb p\u00ebr Shqip\u00ebrin\u00eb.\u201d<\/em> &#8211; tha Meta.<\/span><\/p>\n<p><span style=\"color: #000000;\">Pas fjal\u00ebs s\u00eb Met\u00ebs, ish-presidenti kroat vler\u00ebsoi popullin shqiptar dhe falenderoi nderimin q\u00eb iu b\u00eb nga autoritetet shqiptare.<\/span><\/p>\n<p><span style=\"color: #000000;\"><em>\u201cSot e pranoj k\u00ebt\u00eb dekorat\u00eb p\u00ebr at\u00eb q\u00eb kam b\u00ebr\u00eb, por edhe p\u00ebr at\u00eb q\u00eb m\u00eb duhet t\u00eb b\u00ebj. Si\u00e7 e dini edhe ju, un\u00eb kam qen\u00eb p\u00ebr 10 vite n\u00eb krye t\u00eb Kroacis\u00eb.\u00a0 Kam punuar\u00a0 dhe bashk\u00ebpunuar me Shqip\u00ebrin\u00eb si dhe t\u00eb drejtat e shqiptar\u00ebve n\u00eb Ballkan. Milloshevici ka qen\u00eb kund\u00ebr \u00e7do marr\u00ebveshje, ai ka qen\u00eb nism\u00ebtar i luft\u00ebrave dhe zgjerimit t\u00eb kufijve t\u00eb Serbis\u00eb duke provokuar luft\u00ebra q\u00eb kan\u00eb l\u00ebn\u00eb m\u00eb shum\u00eb se 100 mij\u00eb persona t\u00eb vdekur. Ai nuk ka fituar asnj\u00eb centimet\u00ebr kufi. Ne tani kemi nj\u00eb absurd, shum\u00eb flasin q\u00eb Milloshevici ka patur ide t\u00eb mira, por nuk i ka realizuar. Nj\u00eb politik\u00eb e gabuar. Kjo \u00ebsht\u00eb nj\u00ebsoj sikur t\u00eb themi se Hitleri n\u00eb Gjermani ka patur ide t\u00eb mira, por nuk i ka realizuar.\u201d &#8211;<\/em> tha Mesi\u00e7.<\/span><\/p>\n<p><img loading=\"lazy\" decoding=\"async\" class=\"aligncenter size-full wp-image-253910\" src=\"https:\/\/hashtag.al\/wp-content\/uploads\/2018\/11\/mesic3.jpg\" alt=\"\" width=\"900\" height=\"600\" srcset=\"https:\/\/www.hashtag.al\/wp-content\/uploads\/2018\/11\/mesic3.jpg 900w, https:\/\/www.hashtag.al\/wp-content\/uploads\/2018\/11\/mesic3-300x200.jpg 300w, https:\/\/www.hashtag.al\/wp-content\/uploads\/2018\/11\/mesic3-768x512.jpg 768w\" sizes=\"auto, (max-width: 900px) 100vw, 900px\" \/> <img loading=\"lazy\" decoding=\"async\" class=\"aligncenter size-full wp-image-253911\" src=\"https:\/\/hashtag.al\/wp-content\/uploads\/2018\/11\/mesic-2.jpg\" alt=\"\" width=\"900\" height=\"600\" srcset=\"https:\/\/www.hashtag.al\/wp-content\/uploads\/2018\/11\/mesic-2.jpg 900w, https:\/\/www.hashtag.al\/wp-content\/uploads\/2018\/11\/mesic-2-300x200.jpg 300w, https:\/\/www.hashtag.al\/wp-content\/uploads\/2018\/11\/mesic-2-768x512.jpg 768w\" sizes=\"auto, (max-width: 900px) 100vw, 900px\" \/> <img loading=\"lazy\" decoding=\"async\" class=\"aligncenter size-full wp-image-253912\" src=\"https:\/\/hashtag.al\/wp-content\/uploads\/2018\/11\/Meta-mesic.jpg\" alt=\"\" width=\"900\" height=\"600\" srcset=\"https:\/\/www.hashtag.al\/wp-content\/uploads\/2018\/11\/Meta-mesic.jpg 900w, https:\/\/www.hashtag.al\/wp-content\/uploads\/2018\/11\/Meta-mesic-300x200.jpg 300w, https:\/\/www.hashtag.al\/wp-content\/uploads\/2018\/11\/Meta-mesic-768x512.jpg 768w\" sizes=\"auto, (max-width: 900px) 100vw, 900px\" \/><\/p>\n","protected":false,"gt_translate_keys":[{"key":"rendered","format":"html"}]},"excerpt":{"rendered":"<p>Presidenti Meta ka dekoruar sot ish-presidentin e Kroacis\u00eb, Stjepan Mesi\u00e7 me &#8220;Dekorat\u00ebn e Flamurit Komb\u00ebtar&#8221;. Meta vler\u00ebsoi mb\u00ebshtetjen e pal\u00ebkundur prej dekadash t\u00eb Mesi\u00e7it ndaj \u00e7\u00ebshtjes shqiptare dhe aspiratave t\u00eb tyre p\u00ebr livi, pavar\u00ebsi dhe integrim n\u00eb Bashkimin Evropian. \u201cPresidenti \u00ebsht\u00eb nj\u00eb mik i paz\u00ebvend\u00ebsuesh\u00ebm, i cili\u00a0 ka mbrojtur t\u00eb drejtat e shqiptar\u00ebve. Ai ka [&hellip;]<\/p>\n","protected":false,"gt_translate_keys":[{"key":"rendered","format":"html"}]},"author":51,"featured_media":253909,"comment_status":"open","ping_status":"open","sticky":false,"template":"","format":"standard","meta":{"footnotes":""},"categories":[65],"tags":[],"class_list":["post-253907","post","type-post","status-publish","format-standard","has-post-thumbnail","hentry","category-lajme"],"gt_translate_keys":[{"key":"link","format":"url"}],"_links":{"self":[{"href":"https:\/\/www.hashtag.al\/index.php\/wp-json\/wp\/v2\/posts\/253907","targetHints":{"allow":["GET"]}}],"collection":[{"href":"https:\/\/www.hashtag.al\/index.php\/wp-json\/wp\/v2\/posts"}],"about":[{"href":"https:\/\/www.hashtag.al\/index.php\/wp-json\/wp\/v2\/types\/post"}],"author":[{"embeddable":true,"href":"https:\/\/www.hashtag.al\/index.php\/wp-json\/wp\/v2\/users\/51"}],"replies":[{"embeddable":true,"href":"https:\/\/www.hashtag.al\/index.php\/wp-json\/wp\/v2\/comments?post=253907"}],"version-history":[{"count":0,"href":"https:\/\/www.hashtag.al\/index.php\/wp-json\/wp\/v2\/posts\/253907\/revisions"}],"wp:featuredmedia":[{"embeddable":true,"href":"https:\/\/www.hashtag.al\/index.php\/wp-json\/wp\/v2\/media\/253909"}],"wp:attachment":[{"href":"https:\/\/www.hashtag.al\/index.php\/wp-json\/wp\/v2\/media?parent=253907"}],"wp:term":[{"taxonomy":"category","embeddable":true,"href":"https:\/\/www.hashtag.al\/index.php\/wp-json\/wp\/v2\/categories?post=253907"},{"taxonomy":"post_tag","embeddable":true,"href":"https:\/\/www.hashtag.al\/index.php\/wp-json\/wp\/v2\/tags?post=253907"}],"curies":[{"name":"wp","href":"https:\/\/api.w.org\/{rel}","templated":true}]}}