{"id":253829,"date":"2018-11-28T09:55:37","date_gmt":"2018-11-28T08:55:37","guid":{"rendered":"https:\/\/hashtag.al\/?p=253829"},"modified":"2018-11-28T09:57:13","modified_gmt":"2018-11-28T08:57:13","slug":"plagosi-me-arme-te-riun-ne-perrenjas-dhe-mori-peng-shoferin-me-golf-29-vjecari-kapet-per-pune-oresh","status":"publish","type":"post","link":"https:\/\/www.hashtag.al\/index.php\/2018\/11\/28\/plagosi-me-arme-te-riun-ne-perrenjas-dhe-mori-peng-shoferin-me-golf-29-vjecari-kapet-per-pune-oresh\/","title":{"rendered":"Plagosi me arm\u00eb t\u00eb riun n\u00eb P\u00ebrrenjas dhe mori peng shoferin me \u201cGolf\u201d, 29-vje\u00e7ari kapet p\u00ebr pun\u00eb or\u00ebsh","gt_translate_keys":[{"key":"rendered","format":"text"}]},"content":{"rendered":"<p><img loading=\"lazy\" decoding=\"async\" class=\"aligncenter size-full wp-image-253831\" src=\"https:\/\/hashtag.al\/wp-content\/uploads\/2018\/11\/librazhdii.jpg\" alt=\"\" width=\"492\" height=\"419\" srcset=\"https:\/\/www.hashtag.al\/wp-content\/uploads\/2018\/11\/librazhdii.jpg 492w, https:\/\/www.hashtag.al\/wp-content\/uploads\/2018\/11\/librazhdii-300x255.jpg 300w\" sizes=\"auto, (max-width: 492px) 100vw, 492px\" \/><\/p>\n<p><span style=\"color: #000000;\">Nj\u00eb plagosje me arm\u00eb zjarri ka ndodhur n\u00eb or\u00ebt e para t\u00eb dit\u00ebs s\u00eb sotme n\u00eb P\u00ebrrenjas. Pas nj\u00eb sherri n\u00eb nj\u00eb lokal, ka mbetur i plagosur nj\u00eb 23-vje\u00e7ar i cili \u00ebsht\u00eb transportuar n\u00eb Spitalin e Librazhdit dhe \u00ebsht\u00eb jasht\u00eb rrezikut p\u00ebr jet\u00ebn.<\/span><\/p>\n<p><span style=\"color: #000000;\">Brenda pak or\u00ebsh \u00ebsht\u00eb arrestuar 29-vje\u00e7ari i dyshuar p\u00ebr plagosjen me arm\u00eb, Afrim Radi\u00e7i, 29 vje\u00e7.<\/span><\/p>\n<p><span style=\"color: #000000;\">Ai dyshohet se rreth or\u00ebs 01:30, t\u00eb dit\u00ebs s\u00eb sotme, n\u00eb nj\u00eb lokal n\u00eb fshatin Kakavec t\u00eb Prrenjasit, ka q\u00eblluar 23-vje\u00e7arin me inicialet Xh.P.<\/span><\/p>\n<p><span style=\"color: #000000;\">Radi\u00e7i n\u00eb tentativ\u00eb p\u00ebr t&#8217;u larguar nga vendi i ngjarjes, ka dal\u00eb n\u00eb rrug\u00eb dhe n\u00ebn k\u00ebrc\u00ebnimin e arm\u00ebs ka ndaluar nj\u00eb mjet tip &#8220;Golf&#8221;, t\u00eb cilin e ka marr\u00eb dhe \u00ebsht\u00eb larguar me shpejt\u00ebsi nga vendi i ngjarjes.<\/span><\/p>\n<p><em><span style=\"color: #000000;\">\u201cFal\u00eb reagimit t\u00eb shpejt\u00eb e profesional t\u00eb Policis\u00eb, kapet n\u00eb koh\u00eb reale autori i plagosjes me arm\u00eb t\u00eb 22 vje\u00e7arit.<\/span><\/em><\/p>\n<p><em><span style=\"color: #000000;\">N\u00eb cil\u00ebsin\u00eb e prov\u00ebs materiale \u00ebsht\u00eb sekuestruar arma e zjarrit Pistolet\u00eb tip &#8220;Zantava&#8221; me 3 fishek\u00eb, si dhe automjeti i vjedhur.<\/span><\/em><\/p>\n<p><em><span style=\"color: #000000;\">M\u00eb dat\u00eb 28.11.2018, rreth or\u00ebs 01:30, n\u00eb nj\u00eb lokal n\u00eb fshatin Kakavec, Prrenjas, shtetasi Afrim Radi\u00e7i, 29 vje\u00e7, pas nj\u00eb konflikti t\u00eb \u00e7astit p\u00ebr motive t\u00eb dob\u00ebta ka plagosur me arm\u00eb zjarri pistolet\u00eb shtetasin Xh.P., 23 vje\u00e7, banues n\u00eb Kakavec, i cili \u00ebsht\u00eb transportuar n\u00eb Spitalin e Librazhdit dhe \u00ebsht\u00eb jasht\u00eb rrezikut p\u00ebr jet\u00ebn.<\/span><\/em><\/p>\n<p><em><span style=\"color: #000000;\">Shtetasi Afrim Radi\u00e7i n\u00eb tentativ\u00eb p\u00ebr t&#8217;u larguar nga vendi i ngjarjes ka dal\u00eb n\u00eb rrug\u00eb dhe n\u00ebn k\u00ebrc\u00ebnimin e arm\u00ebs ka ndaluar mjetin tip &#8220;Golf&#8221; n\u00eb pron\u00ebsi t\u00eb shtetasit A.B., t\u00eb cilin e ka marr\u00eb dhe \u00ebsht\u00eb larguar me shpejt\u00ebsi nga vendi i ngjarjes.<\/span><\/em><\/p>\n<p><em><span style=\"color: #000000;\">Fal\u00eb reagimit t\u00eb shpjet\u00eb t\u00eb Policis\u00eb Librazhd dhe mirorganizimit t\u00eb pun\u00ebs u b\u00eb e mundur q\u00eb rreth 60 kilometra nga vendi i ngjarjes, n\u00eb fshatin Dorez , t\u00eb kapej shtetasi Afrim Radi\u00e7i, autori i dyshuar i dy ngjarjeve, plagosjes me arm\u00eb t\u00eb 23 vje\u00e7arit si dhe t\u00eb rr\u00ebmbimit t\u00eb automjetit n\u00ebn k\u00ebrc\u00ebnimin e arm\u00ebs.<\/span><\/em><\/p>\n<p><span style=\"color: #000000;\"><em>N\u00eb cil\u00ebsin\u00eb e prov\u00ebs materiale \u00ebsht\u00eb sekuesrtruar arma e krimit si dhe automjeti tip &#8220;Golf&#8221;. Grupi hetimor po vijon pun\u00ebn p\u00ebr zbardhjen dhe dokumentin e plot\u00eb t\u00eb k\u00ebsaj ngjarje.\u201d,<\/em> thuhet n\u00eb njoftimin e policis\u00eb.<\/span><\/p>\n","protected":false,"gt_translate_keys":[{"key":"rendered","format":"html"}]},"excerpt":{"rendered":"<p>Nj\u00eb plagosje me arm\u00eb zjarri ka ndodhur n\u00eb or\u00ebt e para t\u00eb dit\u00ebs s\u00eb sotme n\u00eb P\u00ebrrenjas. Pas nj\u00eb sherri n\u00eb nj\u00eb lokal, ka mbetur i plagosur nj\u00eb 23-vje\u00e7ar i cili \u00ebsht\u00eb transportuar n\u00eb Spitalin e Librazhdit dhe \u00ebsht\u00eb jasht\u00eb rrezikut p\u00ebr jet\u00ebn. Brenda pak or\u00ebsh \u00ebsht\u00eb arrestuar 29-vje\u00e7ari i dyshuar p\u00ebr plagosjen me arm\u00eb, [&hellip;]<\/p>\n","protected":false,"gt_translate_keys":[{"key":"rendered","format":"html"}]},"author":30,"featured_media":253830,"comment_status":"open","ping_status":"open","sticky":false,"template":"","format":"standard","meta":{"footnotes":""},"categories":[65],"tags":[],"class_list":["post-253829","post","type-post","status-publish","format-standard","has-post-thumbnail","hentry","category-lajme"],"gt_translate_keys":[{"key":"link","format":"url"}],"_links":{"self":[{"href":"https:\/\/www.hashtag.al\/index.php\/wp-json\/wp\/v2\/posts\/253829","targetHints":{"allow":["GET"]}}],"collection":[{"href":"https:\/\/www.hashtag.al\/index.php\/wp-json\/wp\/v2\/posts"}],"about":[{"href":"https:\/\/www.hashtag.al\/index.php\/wp-json\/wp\/v2\/types\/post"}],"author":[{"embeddable":true,"href":"https:\/\/www.hashtag.al\/index.php\/wp-json\/wp\/v2\/users\/30"}],"replies":[{"embeddable":true,"href":"https:\/\/www.hashtag.al\/index.php\/wp-json\/wp\/v2\/comments?post=253829"}],"version-history":[{"count":0,"href":"https:\/\/www.hashtag.al\/index.php\/wp-json\/wp\/v2\/posts\/253829\/revisions"}],"wp:featuredmedia":[{"embeddable":true,"href":"https:\/\/www.hashtag.al\/index.php\/wp-json\/wp\/v2\/media\/253830"}],"wp:attachment":[{"href":"https:\/\/www.hashtag.al\/index.php\/wp-json\/wp\/v2\/media?parent=253829"}],"wp:term":[{"taxonomy":"category","embeddable":true,"href":"https:\/\/www.hashtag.al\/index.php\/wp-json\/wp\/v2\/categories?post=253829"},{"taxonomy":"post_tag","embeddable":true,"href":"https:\/\/www.hashtag.al\/index.php\/wp-json\/wp\/v2\/tags?post=253829"}],"curies":[{"name":"wp","href":"https:\/\/api.w.org\/{rel}","templated":true}]}}