{"id":253425,"date":"2018-11-26T20:43:50","date_gmt":"2018-11-26T19:43:50","guid":{"rendered":"https:\/\/hashtag.al\/?p=253425"},"modified":"2018-11-26T21:14:57","modified_gmt":"2018-11-26T20:14:57","slug":"fshf-largon-trajneret-e-moshave-qendron-bushi-iken-bogdani-vjen-nevil-dede","status":"publish","type":"post","link":"https:\/\/www.hashtag.al\/index.php\/2018\/11\/26\/fshf-largon-trajneret-e-moshave-qendron-bushi-iken-bogdani-vjen-nevil-dede\/","title":{"rendered":"FSHF largon trajner\u00ebt e moshave, q\u00ebndron Bushi ik\u00ebn Bogdani, vjen Nevil Dede","gt_translate_keys":[{"key":"rendered","format":"text"}]},"content":{"rendered":"<p><img loading=\"lazy\" decoding=\"async\" class=\"aligncenter size-full wp-image-253426\" src=\"https:\/\/hashtag.al\/wp-content\/uploads\/2018\/11\/bogdani.png\" alt=\"\" width=\"671\" height=\"429\" srcset=\"https:\/\/www.hashtag.al\/wp-content\/uploads\/2018\/11\/bogdani.png 671w, https:\/\/www.hashtag.al\/wp-content\/uploads\/2018\/11\/bogdani-300x192.png 300w\" sizes=\"auto, (max-width: 671px) 100vw, 671px\" \/><\/p>\n<p>Federata Shqiptare e Futbollit vendos t\u00eb ndryshoj\u00eb shumic\u00ebn prej trajner\u00ebve t\u00eb ekipeve komb\u00ebtare t\u00eb moshave.<\/p>\n<p>Duket se nd\u00ebr t\u00eb vetmit t\u00eb mbijetuar ka qen\u00eb trajneri i ekipit komb\u00ebtar U21, Alban Bushi, nd\u00ebrsa p\u00ebr ekipet e tjera t\u00eb moshave ka pasur nj\u00eb ndryshim.<\/p>\n<p>K\u00ebshtu Erjon Bogdani largohet nga ekipi U19 p\u00ebr t\u00eb z\u00ebvend\u00ebsuar nga Nevil Dede. Xhemal Mustedanagi\u00e7 \u00ebsht\u00eb larguar si trajner i komb\u00ebtares U17, i cili ka marr\u00eb postin e drejtorit t\u00eb ekipeve komb\u00ebtare. N\u00eb vendin e tij \u00ebsht\u00eb em\u00ebruar Elvin Beqiri, nd\u00ebrsa Armand Damo ka marr\u00eb drejtimin e ekipit U15.<\/p>\n<p>N\u00eb k\u00ebt\u00eb m\u00ebnyr\u00eb jan\u00eb ndryshuar t\u00eb gjith\u00eb trajner\u00ebt dhe arsyeja ka qen\u00eb \u201crezultatet jo t\u00eb mira\u201d.<\/p>\n<p>Trajner\u00ebt e sapoem\u00ebruar do t\u00eb jen\u00eb me koh\u00eb t\u00eb plot\u00eb dhe do t\u00eb ken\u00eb si kusht, p\u00ebr shtyrjen e kontrat\u00ebs s\u00eb tyre n\u00eb vazhdim\u00ebsi, kualifikimin n\u00eb aktivitetet p\u00ebrkat\u00ebse.<\/p>\n<p>Ende nuk dihen detaje t\u00eb tjera, pasi prezantimi i tyre do t\u00eb b\u00ebhet dit\u00ebn e nes\u00ebrme nga Federata Shqiptare e Futbollit, ku do t\u00eb m\u00ebsohet m\u00eb tep\u00ebr rreth objektivave dhe ndryshimeve q\u00eb do t\u00eb b\u00ebhen.<\/p>\n<p>&nbsp;<\/p>\n","protected":false,"gt_translate_keys":[{"key":"rendered","format":"html"}]},"excerpt":{"rendered":"<p>Federata Shqiptare e Futbollit vendos t\u00eb ndryshoj\u00eb shumic\u00ebn prej trajner\u00ebve t\u00eb ekipeve komb\u00ebtare t\u00eb moshave. Duket se nd\u00ebr t\u00eb vetmit t\u00eb mbijetuar ka qen\u00eb trajneri i ekipit komb\u00ebtar U21, Alban Bushi, nd\u00ebrsa p\u00ebr ekipet e tjera t\u00eb moshave ka pasur nj\u00eb ndryshim. K\u00ebshtu Erjon Bogdani largohet nga ekipi U19 p\u00ebr t\u00eb z\u00ebvend\u00ebsuar nga Nevil Dede. [&hellip;]<\/p>\n","protected":false,"gt_translate_keys":[{"key":"rendered","format":"html"}]},"author":32,"featured_media":253426,"comment_status":"open","ping_status":"open","sticky":false,"template":"","format":"standard","meta":{"footnotes":""},"categories":[134],"tags":[],"class_list":["post-253425","post","type-post","status-publish","format-standard","has-post-thumbnail","hentry","category-sport"],"gt_translate_keys":[{"key":"link","format":"url"}],"_links":{"self":[{"href":"https:\/\/www.hashtag.al\/index.php\/wp-json\/wp\/v2\/posts\/253425","targetHints":{"allow":["GET"]}}],"collection":[{"href":"https:\/\/www.hashtag.al\/index.php\/wp-json\/wp\/v2\/posts"}],"about":[{"href":"https:\/\/www.hashtag.al\/index.php\/wp-json\/wp\/v2\/types\/post"}],"author":[{"embeddable":true,"href":"https:\/\/www.hashtag.al\/index.php\/wp-json\/wp\/v2\/users\/32"}],"replies":[{"embeddable":true,"href":"https:\/\/www.hashtag.al\/index.php\/wp-json\/wp\/v2\/comments?post=253425"}],"version-history":[{"count":0,"href":"https:\/\/www.hashtag.al\/index.php\/wp-json\/wp\/v2\/posts\/253425\/revisions"}],"wp:featuredmedia":[{"embeddable":true,"href":"https:\/\/www.hashtag.al\/index.php\/wp-json\/wp\/v2\/media\/253426"}],"wp:attachment":[{"href":"https:\/\/www.hashtag.al\/index.php\/wp-json\/wp\/v2\/media?parent=253425"}],"wp:term":[{"taxonomy":"category","embeddable":true,"href":"https:\/\/www.hashtag.al\/index.php\/wp-json\/wp\/v2\/categories?post=253425"},{"taxonomy":"post_tag","embeddable":true,"href":"https:\/\/www.hashtag.al\/index.php\/wp-json\/wp\/v2\/tags?post=253425"}],"curies":[{"name":"wp","href":"https:\/\/api.w.org\/{rel}","templated":true}]}}