{"id":253416,"date":"2018-11-26T20:27:04","date_gmt":"2018-11-26T19:27:04","guid":{"rendered":"https:\/\/hashtag.al\/?p=253416"},"modified":"2018-11-26T20:28:15","modified_gmt":"2018-11-26T19:28:15","slug":"meta-vlereson-me-dekorata-ish-lojtaret-e-flamurtarit","status":"publish","type":"post","link":"https:\/\/www.hashtag.al\/index.php\/2018\/11\/26\/meta-vlereson-me-dekorata-ish-lojtaret-e-flamurtarit\/","title":{"rendered":"Meta vler\u00ebson me dekorata  ish-lojtar\u00ebt e Flamurtarit","gt_translate_keys":[{"key":"rendered","format":"text"}]},"content":{"rendered":"<p><img loading=\"lazy\" decoding=\"async\" class=\"alignnone size-full wp-image-253420\" src=\"https:\/\/hashtag.al\/wp-content\/uploads\/2018\/11\/ilir-meta-2.jpg\" alt=\"\" width=\"960\" height=\"640\" srcset=\"https:\/\/www.hashtag.al\/wp-content\/uploads\/2018\/11\/ilir-meta-2.jpg 960w, https:\/\/www.hashtag.al\/wp-content\/uploads\/2018\/11\/ilir-meta-2-300x200.jpg 300w, https:\/\/www.hashtag.al\/wp-content\/uploads\/2018\/11\/ilir-meta-2-768x512.jpg 768w\" sizes=\"auto, (max-width: 960px) 100vw, 960px\" \/><\/p>\n<p>Presidenti Ilir Meta n\u00eb nj\u00eb t\u00eb ceremoni t\u00eb ve\u00e7ant\u00eb t\u00eb mbajtur n\u00eb teatrin \u201cPetro Marko\u201d vler\u00ebsoi sot, arritjet e ekipit t\u00eb futbollit \u201cFlamurtari\u201d n\u00eb vitet 1986-87 si dhe disa nga futbollist\u00ebt m\u00eb t\u00eb spikatur vlonjat\u00eb t\u00eb asaj periudhe.<\/p>\n<p><strong>Vler\u00ebsimet:\u00a0<\/strong><\/p>\n<p>Gjat\u00eb ceremonis\u00eb n\u00eb kujtes\u00eb s\u00eb ndeshjeve t\u00eb paharrueshme me \u201cPartizanin\u201d e Beogradit dhe \u201cBarcelon\u00ebn\u201d, Meta dekoroi me Titullin \u201cKalor\u00ebs i Urdhrit t\u00eb Flamurit\u201d ekipin e futbollit \u201cFlamurtari\u201d t\u00eb vitit 1986-87: \u201cP\u00ebr rezultatet historike n\u00eb futbollin shqiptar, ve\u00e7an\u00ebrisht n\u00eb p\u00ebrballjet p\u00ebr kupat e Europ\u00ebs (1986-1987), duke manifestuar vlerat m\u00eb t\u00eb mira t\u00eb sportit ton\u00eb, n\u00eb aren\u00ebn nd\u00ebrkomb\u00ebtare\u201d.<\/p>\n<p>Gjithashtu Meta vler\u00ebsoi me Titullin \u201cMjesht\u00ebr i Madh\u201d ish-qend\u00ebrmbrojt\u00ebsin e shquar vlonjat Kreshnik \u00c7ipi me motivacionin: \u201cP\u00ebr talentin dhe personalitetin e tij t\u00eb gjithansh\u00ebm t\u00eb treguar n\u00eb loj\u00ebn e futbollit, duke d\u00ebshmuar cil\u00ebsi t\u00eb rralla si protagonist e kapiten i skuadr\u00ebs s\u00eb \u2018Flamurtarit\u2019 dhe titullar i ekipit komb\u00ebtar.\u201d; ish-sulmuesin Sokol Kushta: \u201cP\u00ebr talentin dhe p\u00ebrkushtimin n\u00eb arritjen e rezultateve t\u00eb larta n\u00eb kampionatet komb\u00ebtare dhe p\u00ebrfaq\u00ebsimin dinjitoz n\u00eb aren\u00ebn nd\u00ebrkomb\u00ebtare t\u00eb futbollit ton\u00eb.\u201d; ish-mbrojt\u00ebsin Rrapo Taho: \u201cP\u00ebr profesionalizmin n\u00eb loj\u00ebn e suksesshme t\u00eb tij, duke u b\u00ebr\u00eb nj\u00eb fortes\u00eb e pakalueshme e mbrojtjes vlonjate, si dhe p\u00ebr kontributin n\u00eb ekipin komb\u00ebtar.\u201d; ish-mesfushorin Latif Gjondeda: \u201cP\u00ebr aft\u00ebsit\u00eb e tij drejtuese n\u00eb loj\u00ebn e futbollit si mesfushor i spikatur i skuadr\u00ebs \u2018Flamurtari\u2019, duke treguar cil\u00ebsi t\u00eb larta menaxhimi si nj\u00eb lojtar profesionist i suksessh\u00ebm.\u201d dhe ish-mbrojt\u00ebsin Petro Ruci (pas vdekjes): \u201cP\u00ebr aft\u00ebsit\u00eb e treguara dhe k\u00ebmb\u00ebnguljen, n\u00eb mbrojtjen e skuadr\u00ebs vlonjate me loj\u00ebn e spikatur prej profesionisti, ku u shqua p\u00ebr pasionin, p\u00ebrkushtimin dhe suksesin gjat\u00eb gjith\u00eb karrier\u00ebs si futbollist.\u201d. Por Meta ka mar\u00eb edhe nj\u00eb dhurat\u00eb, nj\u00eb fanel\u00eb t\u00eb Flamurtarit me nr.11 dhe me emrin e tij t\u00eb shkruar.<\/p>\n<p>\u201cCeremonit\u00eb e dekorimit p\u00ebr legjendat dhe ikonat e futbollit shqiptar, gjithmon\u00eb i p\u00ebrjetoj me emocione t\u00eb ve\u00e7anta dhe me kujtime t\u00eb pashlyeshme, ashtu si \u00e7do shqiptar q\u00eb jeton me dashurin\u00eb dhe magjin\u00eb k\u00ebtij sporti kaq popullor. Ekipi i Flamurtarit dhe \u2018heronjt\u00eb e tij\u2019 n\u00eb fush\u00eb, pa asnj\u00eb m\u00ebdyshje, kan\u00eb b\u00ebr\u00eb epok\u00eb n\u00eb historin\u00eb e futbollit shqiptar. Ndeshjet e mrekullueshme dhe rezultatet fantastike t\u00eb Flamurtarit n\u00eb vitet 1986-1987, na b\u00ebjn\u00eb edhe sot pas m\u00eb shum\u00eb se 30 vitesh, krenar duke lart\u00ebsuar jo vet\u00ebm emrin e qytetit t\u00eb Vlor\u00ebs, por edhe t\u00eb futbollit shqiptar n\u00eb aren\u00ebn nd\u00ebrkomb\u00ebtare.<\/p>\n<p>Rezultatet e suksesshme t\u00eb Flamurtarit p\u00ebrball\u00eb \u2018skuadrave titane\u2019, m\u00eb t\u00eb mira t\u00eb koh\u00ebs, si\u00e7 ishte Barcelona, kan\u00eb l\u00ebn\u00eb gjurm\u00eb t\u00eb thella n\u00eb krenarin\u00eb ton\u00eb komb\u00ebtare. T\u00eb gjith\u00eb i kujtojm\u00eb me nostalgji ndeshjet n\u00eb Vlor\u00eb dhe golat magjik\u00eb t\u00eb t\u00eb m\u00ebdhenjve, Vasil Ruci e Sokol Kushta, me t\u00eb cilat u trondit Barcelona e yjeve t\u00eb futbollit bot\u00ebror, si Zubizarreta, Shuster e Geri Lineker. Vet\u00ebm kaq do t\u00eb mjaftonte p\u00ebr nj\u00eb falenderim, mir\u00ebnjohje dhe respekt t\u00eb madh p\u00ebr t\u00eb gjith\u00eb ju, futbollist\u00ebt e Flamurtarit, t\u00eb cil\u00ebt nd\u00ebr vite keni falur kaq shum\u00eb emocione p\u00ebr dhjet\u00ebra mij\u00ebra tifoz\u00eb dhe qindra mij\u00ebra shqiptar\u00eb, k\u00ebtu dhe jasht\u00eb vendit. Nj\u00eb vler\u00ebsim dhe falenderim i p\u00ebrzem\u00ebrt shkon edhe p\u00ebr m\u00ebsuesit, trajner\u00ebt e drejtuesit e futbollit t\u00eb \u2018Flamurtarit\u2019, t\u00eb cil\u00ebt me pun\u00ebn e tyre t\u00eb palodhur kan\u00eb trajnuar breza t\u00eb t\u00ebr\u00eb futbollist\u00ebsh t\u00eb klasit t\u00eb lart\u00eb, p\u00ebr t\u00eb cil\u00ebt kemi pasur fatin t\u2019i shikojm\u00eb dhe t\u2019i shijojm\u00eb me loj\u00ebn e tyre magjeps\u00ebse n\u00eb \u2018tapetin e gjelb\u00ebr\u2019.<\/p>\n<p>Futbolli vlonjat ka nevoj\u00eb t\u00eb vler\u00ebsoj\u00eb historin\u00eb e tij t\u00eb lavdishme dhe un\u00eb besoj se Vlora e ka nj\u00eb potencial t\u00eb till\u00eb dhe sot. D\u00ebshiroj t\u2019u drejtohem lojtar\u00ebve t\u00eb dikursh\u00ebm, q\u00eb suksesin e arritur n\u00eb ato vite, ta p\u00ebrcjellin te futbollist\u00ebt e sot\u00ebm vlonjat\u00eb dhe t\u00eb mbar\u00eb Shqip\u00ebris\u00eb, p\u00ebr t\u00eb kultivuar tek futbollist\u00ebt e rinj pasionin dhe d\u00ebshir\u00ebn p\u00ebr futbollin.<\/p>\n<p>Po k\u00ebshtu fitorja e Flamurtarit k\u00ebtu 2-0 me \u201cPartizanin\u201d e Beogradit dhe sidomos goli gjunj\u00ebzues i Kusht\u00ebs n\u00eb Beograd jan\u00eb gdhendur n\u00eb memorien e \u00e7do sportdash\u00ebsi, vlonjat e shqiptar.<br \/>\nJam i k\u00ebnaqur dhe i lumtur q\u00eb mund t\u00eb shpreh p\u00ebrg\u00ebzimet m\u00eb t\u00eb mira p\u00ebr lojtar\u00ebt e m\u00ebdhenj si: Luan Bir\u00e7e, Anesti Arapi, Artur Lekbello, Petro Ruci, Rapo Taho, Kreshnik \u00c7ipi, P\u00ebrparim Lushaj, Roland Iliadhi, Alfred Ferko, Alfred Ziaji, Latif Gjondeda, Vasil Ziu, Vasil Ruci, Agim Bubeqi, Sokol Kushta, Eqerem Memushi, Viktor Daullja, e shum\u00eb t\u00eb tjer\u00eb.<br \/>\nSi dhe trajner\u00ebt e tyre: Leonidha \u00c7urri dhe Sk\u00ebnder Elmazi.<\/p>\n<div id=\"videoad\">\u00a0\u00cbsht\u00eb ky sukses dhe kjo trash\u00ebgimi e lavdishme e historis\u00eb s\u00eb futbollit vlonjat dhe mbar\u00ebkomb\u00ebtar q\u00eb na ka b\u00ebr\u00eb bashk\u00eb n\u00eb k\u00ebt\u00eb ceremoni dekorimi.<\/div>\n<p>Edhe sot, ju mbani mbi shpatulla jo vet\u00ebm meritat dhe kontributet n\u00eb lart\u00ebsimin e futbollit shqiptar nd\u00ebr vite, por edhe nj\u00eb p\u00ebrgjegj\u00ebsi t\u00eb madhe, sepse jeni modeli i duhur p\u00ebr t\u00eb frym\u00ebzuar sportist\u00ebt tan\u00eb t\u00eb rinj n\u00eb arritjen e sukseseve n\u00eb futboll.<br \/>\nPrandaj, kam privilegjin dhe kenaq\u00ebsin\u00eb t\u00eb vler\u00ebsoj p\u00ebr kontributin dhe rezultatet e arritura ekipin e futbollit t\u00eb \u2018Flamurtarit\u2019 me Titullin e lart\u00eb \u2018Kalor\u00ebs i Urdh\u00ebrit t\u00eb Flamurit\u2019.<br \/>\nGjithashtu vler\u00ebsimin me Titullin e lart\u00eb \u2018Mjesht\u00ebr i Madh\u2019, d\u00ebshiroj t\u2019ua akordoj lojtar\u00ebve t\u00eb spikatur t\u00eb k\u00ebtij ekipi, q\u00eb me loj\u00ebn dhe shpirtin e tyre t\u00eb gar\u00ebs respektohen dhe sot nga mbar\u00eb sportdash\u00ebsit shqiptar\u00eb, si:<br \/>\n\u2666 Kapitenin e skuadr\u00ebs Kreshnik \u00c7ipi;<br \/>\n\u2666 Qend\u00ebrmbrojt\u00ebsin e pakaluesh\u00ebm Rapo Taho;<br \/>\n\u2666 Sulmuesin e mjeshtrin e golave Sokol Kushta;<br \/>\n\u2666 Dirigjentin e mesfush\u00ebs Latif Gjondeda;<br \/>\ndhe Petro Rucin q\u00eb nuk ndodhet m\u00eb mes nesh.<br \/>\nJu fal\u00ebnderoj p\u00ebr gjith\u00e7ka keni b\u00ebr\u00eb, p\u00ebr sukseset e arritura, p\u00ebr krenarin\u00eb dhe k\u00ebnaq\u00ebsin\u00eb q\u00eb u keni dhuruar tifoz\u00ebve vlonjat\u00eb dhe gjith\u00eb shqiptar\u00ebve!<br \/>\nJu uroj sh\u00ebndet dhe lumturi juve dhe familjeve tuaja!\u201d, tha Meta.<\/p>\n<p>Po ashtu ish-lojtar\u00ebt dhe figurat e shquara sportive vlonjate firmos\u00ebn fanell\u00ebn e \u201cFlamurtarit\u201d, e cila do t\u00eb z\u00ebr\u00eb vendin e saj t\u00eb merituar n\u00eb memorialin e krijuar me k\u00ebt\u00eb rast n\u00eb Institucionin e Presidentit t\u00eb Republik\u00ebs.<\/p>\n<p><img loading=\"lazy\" decoding=\"async\" class=\"alignnone size-full wp-image-253421\" src=\"https:\/\/hashtag.al\/wp-content\/uploads\/2018\/11\/55-1.jpg\" alt=\"\" width=\"960\" height=\"640\" srcset=\"https:\/\/www.hashtag.al\/wp-content\/uploads\/2018\/11\/55-1.jpg 960w, https:\/\/www.hashtag.al\/wp-content\/uploads\/2018\/11\/55-1-300x200.jpg 300w, https:\/\/www.hashtag.al\/wp-content\/uploads\/2018\/11\/55-1-768x512.jpg 768w\" sizes=\"auto, (max-width: 960px) 100vw, 960px\" \/><\/p>\n<p><img loading=\"lazy\" decoding=\"async\" class=\"alignnone size-full wp-image-253423\" src=\"https:\/\/hashtag.al\/wp-content\/uploads\/2018\/11\/55-2.jpg\" alt=\"\" width=\"960\" height=\"640\" srcset=\"https:\/\/www.hashtag.al\/wp-content\/uploads\/2018\/11\/55-2.jpg 960w, https:\/\/www.hashtag.al\/wp-content\/uploads\/2018\/11\/55-2-300x200.jpg 300w, https:\/\/www.hashtag.al\/wp-content\/uploads\/2018\/11\/55-2-768x512.jpg 768w\" sizes=\"auto, (max-width: 960px) 100vw, 960px\" \/><\/p>\n","protected":false,"gt_translate_keys":[{"key":"rendered","format":"html"}]},"excerpt":{"rendered":"<p>Presidenti Ilir Meta n\u00eb nj\u00eb t\u00eb ceremoni t\u00eb ve\u00e7ant\u00eb t\u00eb mbajtur n\u00eb teatrin \u201cPetro Marko\u201d vler\u00ebsoi sot, arritjet e ekipit t\u00eb futbollit \u201cFlamurtari\u201d n\u00eb vitet 1986-87 si dhe disa nga futbollist\u00ebt m\u00eb t\u00eb spikatur vlonjat\u00eb t\u00eb asaj periudhe. Vler\u00ebsimet:\u00a0 Gjat\u00eb ceremonis\u00eb n\u00eb kujtes\u00eb s\u00eb ndeshjeve t\u00eb paharrueshme me \u201cPartizanin\u201d e Beogradit dhe \u201cBarcelon\u00ebn\u201d, Meta dekoroi [&hellip;]<\/p>\n","protected":false,"gt_translate_keys":[{"key":"rendered","format":"html"}]},"author":30,"featured_media":253420,"comment_status":"open","ping_status":"open","sticky":false,"template":"","format":"standard","meta":{"footnotes":""},"categories":[65],"tags":[],"class_list":["post-253416","post","type-post","status-publish","format-standard","has-post-thumbnail","hentry","category-lajme"],"gt_translate_keys":[{"key":"link","format":"url"}],"_links":{"self":[{"href":"https:\/\/www.hashtag.al\/index.php\/wp-json\/wp\/v2\/posts\/253416","targetHints":{"allow":["GET"]}}],"collection":[{"href":"https:\/\/www.hashtag.al\/index.php\/wp-json\/wp\/v2\/posts"}],"about":[{"href":"https:\/\/www.hashtag.al\/index.php\/wp-json\/wp\/v2\/types\/post"}],"author":[{"embeddable":true,"href":"https:\/\/www.hashtag.al\/index.php\/wp-json\/wp\/v2\/users\/30"}],"replies":[{"embeddable":true,"href":"https:\/\/www.hashtag.al\/index.php\/wp-json\/wp\/v2\/comments?post=253416"}],"version-history":[{"count":0,"href":"https:\/\/www.hashtag.al\/index.php\/wp-json\/wp\/v2\/posts\/253416\/revisions"}],"wp:featuredmedia":[{"embeddable":true,"href":"https:\/\/www.hashtag.al\/index.php\/wp-json\/wp\/v2\/media\/253420"}],"wp:attachment":[{"href":"https:\/\/www.hashtag.al\/index.php\/wp-json\/wp\/v2\/media?parent=253416"}],"wp:term":[{"taxonomy":"category","embeddable":true,"href":"https:\/\/www.hashtag.al\/index.php\/wp-json\/wp\/v2\/categories?post=253416"},{"taxonomy":"post_tag","embeddable":true,"href":"https:\/\/www.hashtag.al\/index.php\/wp-json\/wp\/v2\/tags?post=253416"}],"curies":[{"name":"wp","href":"https:\/\/api.w.org\/{rel}","templated":true}]}}