{"id":253397,"date":"2018-11-26T19:21:02","date_gmt":"2018-11-26T18:21:02","guid":{"rendered":"https:\/\/hashtag.al\/?p=253397"},"modified":"2018-11-26T19:33:56","modified_gmt":"2018-11-26T18:33:56","slug":"taksa-ndaj-mallrave-serbe-ambasada-amerikane-rrit-tensionet","status":"publish","type":"post","link":"https:\/\/www.hashtag.al\/index.php\/2018\/11\/26\/taksa-ndaj-mallrave-serbe-ambasada-amerikane-rrit-tensionet\/","title":{"rendered":"Taksa ndaj mallrave serbe, ambasada amerikane: Rrit tensionet","gt_translate_keys":[{"key":"rendered","format":"text"}]},"content":{"rendered":"<p><img loading=\"lazy\" decoding=\"async\" class=\"alignnone size-full wp-image-253399\" src=\"https:\/\/hashtag.al\/wp-content\/uploads\/2018\/11\/haradinaj.jpg\" alt=\"\" width=\"1023\" height=\"575\" srcset=\"https:\/\/www.hashtag.al\/wp-content\/uploads\/2018\/11\/haradinaj.jpg 1023w, https:\/\/www.hashtag.al\/wp-content\/uploads\/2018\/11\/haradinaj-300x169.jpg 300w, https:\/\/www.hashtag.al\/wp-content\/uploads\/2018\/11\/haradinaj-768x432.jpg 768w\" sizes=\"auto, (max-width: 1023px) 100vw, 1023px\" \/><\/p>\n<p>P\u00ebr vendimin e taks\u00ebs 100% ndaj mallrave serbe q\u00eb hyjn\u00eb n\u00eb Serbi ka reaguar edhe ambasada amerikane n\u00eb Kosov\u00eb.<\/p>\n<p class=\"description\">Colleen Hyland, e ka cil\u00ebsuar si t\u00eb d\u00ebmshme vendosjen e taks\u00ebs s\u00eb Kosov\u00ebs ndaj produkteve t\u00eb Serbis\u00eb. Sipas saj, rritja e taksave ndaj Serbis\u00eb n\u00ebnkupton rritje t\u00eb tensioneve dhe rritje t\u00eb d\u00ebmtimit t\u00eb reputacionit t\u00eb Kosov\u00ebs.<\/p>\n<div id=\"article-text\">\n<div class=\"teads-adCall\">\u201cRritja e taksave p\u00ebr an\u00ebtar\u00ebt e CEFTA-s\u00eb &#8211;\u00a0rritje e dhimbjes p\u00ebr qytetar\u00ebt e Kosov\u00ebs, rritje e tensioneve dhe rritje e d\u00ebmtimit t\u00eb reputacionit t\u00eb Kosov\u00ebs. Udh\u00ebheqja strategjike, reagimet joemocionale, jan\u00eb t\u00eb nevojshme p\u00ebr t\u00eb siguruar t\u00eb ardhmen evropiane t\u00eb Kosov\u00ebs dhe nj\u00eb marr\u00ebdh\u00ebnie t\u00eb normalizuar me Serbin\u00eb\u201d, ka shkruar Hyland n\u00eb Twitter.<\/div>\n<div><img loading=\"lazy\" decoding=\"async\" class=\"alignnone size-full wp-image-222045\" src=\"https:\/\/hashtag.al\/wp-content\/uploads\/2018\/08\/haradinaj.jpg\" alt=\"\" width=\"640\" height=\"427\" \/><\/div>\n<\/div>\n","protected":false,"gt_translate_keys":[{"key":"rendered","format":"html"}]},"excerpt":{"rendered":"<p>P\u00ebr vendimin e taks\u00ebs 100% ndaj mallrave serbe q\u00eb hyjn\u00eb n\u00eb Serbi ka reaguar edhe ambasada amerikane n\u00eb Kosov\u00eb. Colleen Hyland, e ka cil\u00ebsuar si t\u00eb d\u00ebmshme vendosjen e taks\u00ebs s\u00eb Kosov\u00ebs ndaj produkteve t\u00eb Serbis\u00eb. Sipas saj, rritja e taksave ndaj Serbis\u00eb n\u00ebnkupton rritje t\u00eb tensioneve dhe rritje t\u00eb d\u00ebmtimit t\u00eb reputacionit t\u00eb Kosov\u00ebs. [&hellip;]<\/p>\n","protected":false,"gt_translate_keys":[{"key":"rendered","format":"html"}]},"author":30,"featured_media":253399,"comment_status":"open","ping_status":"open","sticky":false,"template":"","format":"standard","meta":{"footnotes":""},"categories":[149],"tags":[],"class_list":["post-253397","post","type-post","status-publish","format-standard","has-post-thumbnail","hentry","category-kosoverajon"],"gt_translate_keys":[{"key":"link","format":"url"}],"_links":{"self":[{"href":"https:\/\/www.hashtag.al\/index.php\/wp-json\/wp\/v2\/posts\/253397","targetHints":{"allow":["GET"]}}],"collection":[{"href":"https:\/\/www.hashtag.al\/index.php\/wp-json\/wp\/v2\/posts"}],"about":[{"href":"https:\/\/www.hashtag.al\/index.php\/wp-json\/wp\/v2\/types\/post"}],"author":[{"embeddable":true,"href":"https:\/\/www.hashtag.al\/index.php\/wp-json\/wp\/v2\/users\/30"}],"replies":[{"embeddable":true,"href":"https:\/\/www.hashtag.al\/index.php\/wp-json\/wp\/v2\/comments?post=253397"}],"version-history":[{"count":0,"href":"https:\/\/www.hashtag.al\/index.php\/wp-json\/wp\/v2\/posts\/253397\/revisions"}],"wp:featuredmedia":[{"embeddable":true,"href":"https:\/\/www.hashtag.al\/index.php\/wp-json\/wp\/v2\/media\/253399"}],"wp:attachment":[{"href":"https:\/\/www.hashtag.al\/index.php\/wp-json\/wp\/v2\/media?parent=253397"}],"wp:term":[{"taxonomy":"category","embeddable":true,"href":"https:\/\/www.hashtag.al\/index.php\/wp-json\/wp\/v2\/categories?post=253397"},{"taxonomy":"post_tag","embeddable":true,"href":"https:\/\/www.hashtag.al\/index.php\/wp-json\/wp\/v2\/tags?post=253397"}],"curies":[{"name":"wp","href":"https:\/\/api.w.org\/{rel}","templated":true}]}}