{"id":253335,"date":"2018-11-26T16:09:07","date_gmt":"2018-11-26T15:09:07","guid":{"rendered":"https:\/\/hashtag.al\/?p=253335"},"modified":"2018-11-26T16:13:51","modified_gmt":"2018-11-26T15:13:51","slug":"daniel-drobajt-iu-thyen-gishterinjte-me-urdher-te-rames","status":"publish","type":"post","link":"https:\/\/www.hashtag.al\/index.php\/2018\/11\/26\/daniel-drobajt-iu-thyen-gishterinjte-me-urdher-te-rames\/","title":{"rendered":"&#8220;Daniel Drobajt iu thyen gisht\u00ebrinjt\u00eb me urdh\u00ebr t\u00eb Ram\u00ebs&#8221;","gt_translate_keys":[{"key":"rendered","format":"text"}]},"content":{"rendered":"<div id=\"js_7zh\" class=\"_5pbx userContent _3576\" data-ad-preview=\"message\" data-ft=\"{&quot;tn&quot;:&quot;K&quot;}\">\n<p><img loading=\"lazy\" decoding=\"async\" class=\"alignnone size-full wp-image-253336\" src=\"https:\/\/hashtag.al\/wp-content\/uploads\/2018\/11\/berisha-1.jpg\" alt=\"\" width=\"720\" height=\"960\" srcset=\"https:\/\/www.hashtag.al\/wp-content\/uploads\/2018\/11\/berisha-1.jpg 720w, https:\/\/www.hashtag.al\/wp-content\/uploads\/2018\/11\/berisha-1-225x300.jpg 225w\" sizes=\"auto, (max-width: 720px) 100vw, 720px\" \/><\/p>\n<p><span style=\"color: #000000;\">Fotoja e 18-vje\u00e7arit Daniel Drobaj, brenda kafazit t\u00eb xhamt\u00eb n\u00eb Gjykat\u00ebn e Tiran\u00ebs, ku shfaqet me dor\u00ebn e fshuar po b\u00ebn xhiron e rrjetit.\u00a0<\/span><\/p>\n<p><span style=\"color: #000000;\">Ish-kryeministri Sali Berisha ka reaguar duke shprehur se ky\u00a0 \u00ebsht\u00eb nj\u00eb akt primitiv hakmarr\u00ebs q\u00eb u b\u00eb me urdh\u00ebr t\u00eb Ram\u00ebs. Kujtojm\u00eb se Drobaj akuzohet p\u00ebr plagosjen me kapsoll\u00eb t\u00eb efektives s\u00eb policis\u00eb Ina Nuka, e cila humbi 2 gishta p\u00ebr shkak t\u00eb shp\u00ebrthimit t\u00eb l\u00ebnd\u00ebs plas\u00ebse.<\/span><\/p>\n<p><span style=\"color: #000000;\">\u00a0&#8220;Ja si i thyen studentit te shkelqyer Daniel Drobaj gishterinjte, ne nje akt primitv hakmarrje, narkos-it me urdher te Edvin Kristaq. Urrejtjes per nje akuze te pa provuar dhe fund e krye politike.&#8221;, shkruan Berisha n\u00eb Facebook.\u00a0<\/span><\/p>\n<p><img loading=\"lazy\" decoding=\"async\" class=\"alignnone size-full wp-image-252463\" src=\"https:\/\/hashtag.al\/wp-content\/uploads\/2018\/11\/policja.jpg\" alt=\"\" width=\"1080\" height=\"2220\" srcset=\"https:\/\/www.hashtag.al\/wp-content\/uploads\/2018\/11\/policja.jpg 1080w, https:\/\/www.hashtag.al\/wp-content\/uploads\/2018\/11\/policja-146x300.jpg 146w, https:\/\/www.hashtag.al\/wp-content\/uploads\/2018\/11\/policja-768x1579.jpg 768w, https:\/\/www.hashtag.al\/wp-content\/uploads\/2018\/11\/policja-498x1024.jpg 498w\" sizes=\"auto, (max-width: 1080px) 100vw, 1080px\" \/><\/p>\n<\/div>\n<div class=\"_3x-2\" data-ft=\"{&quot;tn&quot;:&quot;H&quot;}\">\n<div data-ft=\"{&quot;tn&quot;:&quot;H&quot;}\">\n<div class=\"mtm\">\n<div>\n<div class=\"_1ktf\" data-ft=\"{&quot;tn&quot;:&quot;E&quot;}\"><span style=\"color: #000000;\">\u00a0<\/span><\/div>\n<\/div>\n<\/div>\n<\/div>\n<\/div>\n","protected":false,"gt_translate_keys":[{"key":"rendered","format":"html"}]},"excerpt":{"rendered":"<p>Fotoja e 18-vje\u00e7arit Daniel Drobaj, brenda kafazit t\u00eb xhamt\u00eb n\u00eb Gjykat\u00ebn e Tiran\u00ebs, ku shfaqet me dor\u00ebn e fshuar po b\u00ebn xhiron e rrjetit.\u00a0 Ish-kryeministri Sali Berisha ka reaguar duke shprehur se ky\u00a0 \u00ebsht\u00eb nj\u00eb akt primitiv hakmarr\u00ebs q\u00eb u b\u00eb me urdh\u00ebr t\u00eb Ram\u00ebs. Kujtojm\u00eb se Drobaj akuzohet p\u00ebr plagosjen me kapsoll\u00eb t\u00eb efektives [&hellip;]<\/p>\n","protected":false,"gt_translate_keys":[{"key":"rendered","format":"html"}]},"author":30,"featured_media":253336,"comment_status":"open","ping_status":"open","sticky":false,"template":"","format":"standard","meta":{"footnotes":""},"categories":[65],"tags":[],"class_list":["post-253335","post","type-post","status-publish","format-standard","has-post-thumbnail","hentry","category-lajme"],"gt_translate_keys":[{"key":"link","format":"url"}],"_links":{"self":[{"href":"https:\/\/www.hashtag.al\/index.php\/wp-json\/wp\/v2\/posts\/253335","targetHints":{"allow":["GET"]}}],"collection":[{"href":"https:\/\/www.hashtag.al\/index.php\/wp-json\/wp\/v2\/posts"}],"about":[{"href":"https:\/\/www.hashtag.al\/index.php\/wp-json\/wp\/v2\/types\/post"}],"author":[{"embeddable":true,"href":"https:\/\/www.hashtag.al\/index.php\/wp-json\/wp\/v2\/users\/30"}],"replies":[{"embeddable":true,"href":"https:\/\/www.hashtag.al\/index.php\/wp-json\/wp\/v2\/comments?post=253335"}],"version-history":[{"count":0,"href":"https:\/\/www.hashtag.al\/index.php\/wp-json\/wp\/v2\/posts\/253335\/revisions"}],"wp:featuredmedia":[{"embeddable":true,"href":"https:\/\/www.hashtag.al\/index.php\/wp-json\/wp\/v2\/media\/253336"}],"wp:attachment":[{"href":"https:\/\/www.hashtag.al\/index.php\/wp-json\/wp\/v2\/media?parent=253335"}],"wp:term":[{"taxonomy":"category","embeddable":true,"href":"https:\/\/www.hashtag.al\/index.php\/wp-json\/wp\/v2\/categories?post=253335"},{"taxonomy":"post_tag","embeddable":true,"href":"https:\/\/www.hashtag.al\/index.php\/wp-json\/wp\/v2\/tags?post=253335"}],"curies":[{"name":"wp","href":"https:\/\/api.w.org\/{rel}","templated":true}]}}