{"id":253090,"date":"2018-11-25T14:14:57","date_gmt":"2018-11-25T13:14:57","guid":{"rendered":"https:\/\/hashtag.al\/?p=253090"},"modified":"2018-11-25T14:14:57","modified_gmt":"2018-11-25T13:14:57","slug":"253090","status":"publish","type":"post","link":"https:\/\/www.hashtag.al\/index.php\/2018\/11\/25\/253090\/","title":{"rendered":"BE miratoi \u201cBrexit-in\u201d, Junker: Lajm i trisht\u00eb, nuk \u00ebsht\u00eb dit\u00eb feste","gt_translate_keys":[{"key":"rendered","format":"text"}]},"content":{"rendered":"<div class=\"clearfix\"><\/div>\n<div><img loading=\"lazy\" decoding=\"async\" class=\"alignnone size-full wp-image-238953\" src=\"https:\/\/hashtag.al\/wp-content\/uploads\/2018\/10\/junker.jpg\" alt=\"\" width=\"696\" height=\"463\" \/><\/div>\n<div class=\"clearfix\">Bashkimi Europian m\u00eb n\u00eb fund miratoi marr\u00ebveshjen p\u00ebr largimin e Mbret\u00ebris\u00eb s\u00eb Bashkuar nga BE gjat\u00eb nj\u00eb samiti emergjent n\u00eb Bruksel. Marr\u00ebveshja tani pritet t\u00eb miratohet, ose t\u00eb refuzohet, nga deputet\u00ebt britanik\u00eb.<\/p>\n<div class=\"clearfix\">N\u00eb lidhje me k\u00ebt\u00eb vendim ka reaguar edhe\u00a0presidenti\u00a0 Komisionit Europian, Jean-Claude Juncker i cili \u00ebsht\u00eb shprehur se n\u00eb fakt\u00a0 kjo \u00ebsht\u00eb nj\u00eb tragjedi.<\/div>\n<p>\u201c\u00cbsht\u00eb nj\u00eb dit\u00eb e trishtuar t\u00eb shoh\u00ebsh nj\u00eb vend si Britania e Madhe t\u00eb dal\u00eb nga BE. Nuk \u00ebsht\u00eb nj\u00eb moment g\u00ebzimi dhe as feste. \u00cbsht\u00eb nj\u00eb dit\u00eb e trishtuar, nj\u00eb tragjedi\u201d, tha Jean-Claude Juncker, president i Komisionit Europian.<\/p>\n<p>Parlamenti britanik pritet ta votoj\u00eb marr\u00ebveshjen n\u00eb fillim t\u00eb dhjetorit, por miratimi i saj nuk \u00ebsht\u00eb i garantuar, me laburist\u00eb, deputet\u00eb t\u00eb tjer\u00eb e madje edhe konservator\u00eb, q\u00eb pritet t\u00eb votojn\u00eb kund\u00ebr.<\/p>\n<p><img loading=\"lazy\" decoding=\"async\" class=\"alignnone size-full wp-image-250652\" src=\"https:\/\/hashtag.al\/wp-content\/uploads\/2018\/11\/may16nentor.jpg\" alt=\"\" width=\"1440\" height=\"960\" srcset=\"https:\/\/www.hashtag.al\/wp-content\/uploads\/2018\/11\/may16nentor.jpg 1440w, https:\/\/www.hashtag.al\/wp-content\/uploads\/2018\/11\/may16nentor-300x200.jpg 300w, https:\/\/www.hashtag.al\/wp-content\/uploads\/2018\/11\/may16nentor-768x512.jpg 768w, https:\/\/www.hashtag.al\/wp-content\/uploads\/2018\/11\/may16nentor-1024x683.jpg 1024w\" sizes=\"auto, (max-width: 1440px) 100vw, 1440px\" \/><\/p>\n<p>&nbsp;<\/p>\n<\/div>\n<p class=\"last\">\n","protected":false,"gt_translate_keys":[{"key":"rendered","format":"html"}]},"excerpt":{"rendered":"<p>Bashkimi Europian m\u00eb n\u00eb fund miratoi marr\u00ebveshjen p\u00ebr largimin e Mbret\u00ebris\u00eb s\u00eb Bashkuar nga BE gjat\u00eb nj\u00eb samiti emergjent n\u00eb Bruksel. Marr\u00ebveshja tani pritet t\u00eb miratohet, ose t\u00eb refuzohet, nga deputet\u00ebt britanik\u00eb. N\u00eb lidhje me k\u00ebt\u00eb vendim ka reaguar edhe\u00a0presidenti\u00a0 Komisionit Europian, Jean-Claude Juncker i cili \u00ebsht\u00eb shprehur se n\u00eb fakt\u00a0 kjo \u00ebsht\u00eb nj\u00eb tragjedi. [&hellip;]<\/p>\n","protected":false,"gt_translate_keys":[{"key":"rendered","format":"html"}]},"author":30,"featured_media":238953,"comment_status":"open","ping_status":"open","sticky":false,"template":"","format":"standard","meta":{"footnotes":""},"categories":[6],"tags":[],"class_list":["post-253090","post","type-post","status-publish","format-standard","has-post-thumbnail","hentry","category-nderkombetare"],"gt_translate_keys":[{"key":"link","format":"url"}],"_links":{"self":[{"href":"https:\/\/www.hashtag.al\/index.php\/wp-json\/wp\/v2\/posts\/253090","targetHints":{"allow":["GET"]}}],"collection":[{"href":"https:\/\/www.hashtag.al\/index.php\/wp-json\/wp\/v2\/posts"}],"about":[{"href":"https:\/\/www.hashtag.al\/index.php\/wp-json\/wp\/v2\/types\/post"}],"author":[{"embeddable":true,"href":"https:\/\/www.hashtag.al\/index.php\/wp-json\/wp\/v2\/users\/30"}],"replies":[{"embeddable":true,"href":"https:\/\/www.hashtag.al\/index.php\/wp-json\/wp\/v2\/comments?post=253090"}],"version-history":[{"count":0,"href":"https:\/\/www.hashtag.al\/index.php\/wp-json\/wp\/v2\/posts\/253090\/revisions"}],"wp:featuredmedia":[{"embeddable":true,"href":"https:\/\/www.hashtag.al\/index.php\/wp-json\/"}],"wp:attachment":[{"href":"https:\/\/www.hashtag.al\/index.php\/wp-json\/wp\/v2\/media?parent=253090"}],"wp:term":[{"taxonomy":"category","embeddable":true,"href":"https:\/\/www.hashtag.al\/index.php\/wp-json\/wp\/v2\/categories?post=253090"},{"taxonomy":"post_tag","embeddable":true,"href":"https:\/\/www.hashtag.al\/index.php\/wp-json\/wp\/v2\/tags?post=253090"}],"curies":[{"name":"wp","href":"https:\/\/api.w.org\/{rel}","templated":true}]}}