{"id":252899,"date":"2018-11-24T17:30:26","date_gmt":"2018-11-24T16:30:26","guid":{"rendered":"https:\/\/hashtag.al\/?p=252899"},"modified":"2018-11-24T17:32:09","modified_gmt":"2018-11-24T16:32:09","slug":"afera-e-unazes-se-re-megavjedhje-40-milione-euro-rruga-e-vetme-largimi-i-rames-basha","status":"publish","type":"post","link":"https:\/\/www.hashtag.al\/index.php\/2018\/11\/24\/afera-e-unazes-se-re-megavjedhje-40-milione-euro-rruga-e-vetme-largimi-i-rames-basha\/","title":{"rendered":"&#8220;Afera e Unaz\u00ebs s\u00eb Re megavjedhje 40 milion\u00eb euro, rruga e vetme largimi i Ram\u00ebs&#8221; &#8211; Basha","gt_translate_keys":[{"key":"rendered","format":"text"}]},"content":{"rendered":"<p><img loading=\"lazy\" decoding=\"async\" class=\"aligncenter size-full wp-image-252900\" src=\"https:\/\/hashtag.al\/wp-content\/uploads\/2018\/11\/basha24nentor.jpg\" alt=\"\" width=\"857\" height=\"596\" srcset=\"https:\/\/www.hashtag.al\/wp-content\/uploads\/2018\/11\/basha24nentor.jpg 857w, https:\/\/www.hashtag.al\/wp-content\/uploads\/2018\/11\/basha24nentor-300x209.jpg 300w, https:\/\/www.hashtag.al\/wp-content\/uploads\/2018\/11\/basha24nentor-768x534.jpg 768w\" sizes=\"auto, (max-width: 857px) 100vw, 857px\" \/><\/p>\n<p><span style=\"color: #000000;\">Ka nisur protesta t\u00eb Unaza e Re. Qindra banor\u00eb t\u00eb Astirit dhe Bregut t\u00eb Lumit jan\u00eb mbledhur n\u00eb dit\u00ebn e 20-t\u00eb t\u00eb protest\u00ebs kund\u00ebr prishjes s\u00eb banesave t\u00eb tyre. <\/span><\/p>\n<p><span style=\"color: #000000;\">Protest\u00ebs u jan\u00eb bashkuar edhe deputet\u00eb t\u00eb Partis\u00eb Demokratike dhe L\u00ebvizjes Socialiste p\u00ebr Integrim. \u00a0Ata kan\u00eb shprehur mb\u00ebshtetjen e plot\u00eb p\u00ebr protest\u00ebn e banor\u00ebve nd\u00ebrsa kan\u00eb shprehur se protesta nuk \u00ebsht\u00eb aspak politike por jet\u00ebsore p\u00ebr banor\u00ebt q\u00eb preken nga prishja e banesave. <\/span><\/p>\n<p><span style=\"color: #000000;\">Kreu i Partis\u00eb Demokratike, Basha, deklaroi se afera e Unaz\u00ebs s\u00eb Re \u00ebsht\u00eb nj\u00eb megavjedhje prej 40 milion\u00eb eurosh nd\u00ebrsa tha se rruga e vetme \u00ebsht\u00eb largimi i Ram\u00ebs me revolta popullore.<\/span><\/p>\n<p><span style=\"color: #000000;\"><em>\u201c\u2018Ajo q\u00eb po ndodh k\u00ebtu \u00ebsht\u00eb nj\u00eb barbari, shkelje e ligjeve themelore t\u00eb vendit, e ligjeve q\u00eb garantojn\u00eb transparenc\u00ebn dhe d\u00ebmshp\u00ebrblimin e duhur, dhe t\u00eb m\u00ebnyr\u00ebs se si kjo vep\u00ebr publike \u00ebsht\u00eb prokuruar, kemi t\u00eb b\u00ebjm\u00eb me nj\u00eb vjedhje t\u00eb madhe. Ata nuk do t\u2019i l\u00ebshojn\u00eb sht\u00ebpit\u00eb e tyre, dhe se Edi Rama ti vej\u00eb gishtin kok\u00ebs. Afera \u00ebsht\u00eb e qart\u00eb p\u00ebr 40 milion\u00eb euro, p\u00ebr 1 centimet\u00ebr rrug\u00eb 2 mij\u00eb euro, Rama do t\u00eb nxjerr\u00eb nga sht\u00ebpia mij\u00ebra qytetar\u00eb. Babai i Vilsonit \u00ebsht\u00eb n\u00eb burg sepse kriminel\u00ebt e v\u00ebrtet\u00eb jan\u00eb n\u00eb krah\u00eb t\u00eb Edi Ram\u00ebs. Ai ka shpikur skemat m\u00eb perverse p\u00ebr t\u00eb vjedhur Shqip\u00ebrin\u00eb. I b\u00ebj thirrje policis\u00eb mos t\u00eb vendosen kund\u00ebr ligjit p\u00ebrball\u00eb qytetar\u00ebve po k\u00ebshtu dua ti b\u00ebj nj\u00eb thirrje Ram\u00ebs dhe qeveritar\u00ebve ti b\u00ebjn\u00eb mir\u00eb hesapet kur v\u00ebrsulin policin\u00eb ndaj qytetar\u00ebve. Dhuna q\u00eb kan\u00eb ushtruar n\u00eb komisariate \u00ebsht\u00eb e regjistruar, secili prej tyre do t\u00eb mbaj\u00eb p\u00ebrgjegj\u00ebsi. Rruga e vetme \u00ebsht\u00eb revolta popullore, dhe largimi i k\u00ebsaj bande me n\u00eb krye Edi Ram\u00ebn\u201d<\/em>, tha Basha.<\/span><\/p>\n<p><img loading=\"lazy\" decoding=\"async\" class=\"aligncenter size-full wp-image-252901\" src=\"https:\/\/hashtag.al\/wp-content\/uploads\/2018\/11\/Unaza-e-Re.jpg\" alt=\"\" width=\"770\" height=\"407\" srcset=\"https:\/\/www.hashtag.al\/wp-content\/uploads\/2018\/11\/Unaza-e-Re.jpg 770w, https:\/\/www.hashtag.al\/wp-content\/uploads\/2018\/11\/Unaza-e-Re-300x160.jpg 300w, https:\/\/www.hashtag.al\/wp-content\/uploads\/2018\/11\/Unaza-e-Re-768x406.jpg 768w\" sizes=\"auto, (max-width: 770px) 100vw, 770px\" \/><\/p>\n","protected":false,"gt_translate_keys":[{"key":"rendered","format":"html"}]},"excerpt":{"rendered":"<p>Ka nisur protesta t\u00eb Unaza e Re. Qindra banor\u00eb t\u00eb Astirit dhe Bregut t\u00eb Lumit jan\u00eb mbledhur n\u00eb dit\u00ebn e 20-t\u00eb t\u00eb protest\u00ebs kund\u00ebr prishjes s\u00eb banesave t\u00eb tyre. Protest\u00ebs u jan\u00eb bashkuar edhe deputet\u00eb t\u00eb Partis\u00eb Demokratike dhe L\u00ebvizjes Socialiste p\u00ebr Integrim. \u00a0Ata kan\u00eb shprehur mb\u00ebshtetjen e plot\u00eb p\u00ebr protest\u00ebn e banor\u00ebve nd\u00ebrsa kan\u00eb [&hellip;]<\/p>\n","protected":false,"gt_translate_keys":[{"key":"rendered","format":"html"}]},"author":51,"featured_media":252902,"comment_status":"open","ping_status":"open","sticky":false,"template":"","format":"standard","meta":{"footnotes":""},"categories":[65],"tags":[],"class_list":["post-252899","post","type-post","status-publish","format-standard","has-post-thumbnail","hentry","category-lajme"],"gt_translate_keys":[{"key":"link","format":"url"}],"_links":{"self":[{"href":"https:\/\/www.hashtag.al\/index.php\/wp-json\/wp\/v2\/posts\/252899","targetHints":{"allow":["GET"]}}],"collection":[{"href":"https:\/\/www.hashtag.al\/index.php\/wp-json\/wp\/v2\/posts"}],"about":[{"href":"https:\/\/www.hashtag.al\/index.php\/wp-json\/wp\/v2\/types\/post"}],"author":[{"embeddable":true,"href":"https:\/\/www.hashtag.al\/index.php\/wp-json\/wp\/v2\/users\/51"}],"replies":[{"embeddable":true,"href":"https:\/\/www.hashtag.al\/index.php\/wp-json\/wp\/v2\/comments?post=252899"}],"version-history":[{"count":0,"href":"https:\/\/www.hashtag.al\/index.php\/wp-json\/wp\/v2\/posts\/252899\/revisions"}],"wp:featuredmedia":[{"embeddable":true,"href":"https:\/\/www.hashtag.al\/index.php\/wp-json\/wp\/v2\/media\/252902"}],"wp:attachment":[{"href":"https:\/\/www.hashtag.al\/index.php\/wp-json\/wp\/v2\/media?parent=252899"}],"wp:term":[{"taxonomy":"category","embeddable":true,"href":"https:\/\/www.hashtag.al\/index.php\/wp-json\/wp\/v2\/categories?post=252899"},{"taxonomy":"post_tag","embeddable":true,"href":"https:\/\/www.hashtag.al\/index.php\/wp-json\/wp\/v2\/tags?post=252899"}],"curies":[{"name":"wp","href":"https:\/\/api.w.org\/{rel}","templated":true}]}}