{"id":252581,"date":"2018-11-23T15:08:20","date_gmt":"2018-11-23T14:08:20","guid":{"rendered":"https:\/\/hashtag.al\/?p=252581"},"modified":"2018-11-23T15:09:24","modified_gmt":"2018-11-23T14:09:24","slug":"soros-i-eshte-versulur-gruevskit-me-organizatat-e-tij-kryeministri-hungarez-orban","status":"publish","type":"post","link":"https:\/\/www.hashtag.al\/index.php\/2018\/11\/23\/soros-i-eshte-versulur-gruevskit-me-organizatat-e-tij-kryeministri-hungarez-orban\/","title":{"rendered":"&#8220;Soros i \u00ebsht\u00eb v\u00ebrsulur Gruevskit me organizatat e tij&#8221; &#8211; Kryeministri hungarez, Orban","gt_translate_keys":[{"key":"rendered","format":"text"}]},"content":{"rendered":"<p><img loading=\"lazy\" decoding=\"async\" class=\"aligncenter size-full wp-image-252582\" src=\"https:\/\/hashtag.al\/wp-content\/uploads\/2018\/11\/Gruevski-3.jpg\" alt=\"\" width=\"700\" height=\"403\" srcset=\"https:\/\/www.hashtag.al\/wp-content\/uploads\/2018\/11\/Gruevski-3.jpg 700w, https:\/\/www.hashtag.al\/wp-content\/uploads\/2018\/11\/Gruevski-3-300x173.jpg 300w\" sizes=\"auto, (max-width: 700px) 100vw, 700px\" \/><\/p>\n<p><span style=\"color: #000000;\">Kryeministri hungarez, Orban, ka deklaruar se organizatat q\u00eb kan\u00eb lidhje me miliarderin hungarezo-amerikan, Soros, jan\u00eb v\u00ebn\u00eb n\u00eb\u00a0 p\u00ebrndjekjen e ish-kryeministrit t\u00eb Maqeonis\u00eb, Gruevski, i cili ndodhet n\u00eb Hungari ku ka k\u00ebrkuar azil politik. <\/span><\/p>\n<p><span style=\"color: #000000;\">Ai e vler\u00ebsoi ish-homologun e tij p\u00ebr pun\u00ebn e b\u00ebr\u00eb n\u00eb parandalimin e kalimit t\u00eb emigrant\u00ebve drejt Hungaris\u00eb.<\/span><\/p>\n<p><span style=\"color: #000000;\"><em>\u201cOrganizatat e af\u00ebrta me filantropin George Soros jan\u00eb l\u00ebshuar n\u00eb p\u00ebrndjekjen e Gruevskit. Pa ish-kryeministrin e Maqedonis\u00eb, Nikola Gruevski, do t\u00eb ishte m\u00eb e v\u00ebshtir\u00eb t\u00eb mbrohej kufiri i Hungaris\u00eb\u201d<\/em>, tha Orban, raporton \u201cPortalb.mk.\u201d<\/span><\/p>\n<p><span style=\"color: #000000;\">Orban tha se Hungaria i trajton bashk\u00ebpun\u00ebtor\u00ebt n\u00eb m\u00ebnyr\u00eb t\u00eb drejt\u00eb, nd\u00ebrsa theksoi se Gruevski \u00ebsht\u00eb bashk\u00ebpun\u00ebtor i tij, por edhe i popullit hungarez.<\/span><\/p>\n<p><span style=\"color: #000000;\"><em>\u201cNuk mundemi q\u00eb t\u2019i p\u00ebrjashtojm\u00eb procedurat juridike, por mundemi t\u00eb mund\u00ebsojm\u00eb trajtim t\u00eb drejt\u00eb\u201d<\/em>, tha kryeministri hungarez.<\/span><\/p>\n<p><span style=\"color: #000000;\">Shpresat p\u00ebr ekstradimin e Gruevskit n\u00eb Maqedoni jan\u00eb tejet t\u00eb pakta, gj\u00eb q\u00eb u pohua nga ministri i Drejt\u00ebsis\u00eb s\u00eb Hungaris\u00eb, Llazo Troshani, i cili tha: <em>\u201cMe miratimin e azilti, Hungaria e pranon se Gruevski \u00ebsht\u00eb viktim\u00eb e persekutimit dhe nuk mund t\u00eb ekstradohet\u201d.<\/em><\/span><\/p>\n<p><img loading=\"lazy\" decoding=\"async\" class=\"aligncenter size-full wp-image-252583\" src=\"https:\/\/hashtag.al\/wp-content\/uploads\/2018\/11\/Orban-Gruevski.jpg\" alt=\"\" width=\"2000\" height=\"1000\" srcset=\"https:\/\/www.hashtag.al\/wp-content\/uploads\/2018\/11\/Orban-Gruevski.jpg 2000w, https:\/\/www.hashtag.al\/wp-content\/uploads\/2018\/11\/Orban-Gruevski-300x150.jpg 300w, https:\/\/www.hashtag.al\/wp-content\/uploads\/2018\/11\/Orban-Gruevski-768x384.jpg 768w, https:\/\/www.hashtag.al\/wp-content\/uploads\/2018\/11\/Orban-Gruevski-1024x512.jpg 1024w\" sizes=\"auto, (max-width: 2000px) 100vw, 2000px\" \/><\/p>\n","protected":false,"gt_translate_keys":[{"key":"rendered","format":"html"}]},"excerpt":{"rendered":"<p>Kryeministri hungarez, Orban, ka deklaruar se organizatat q\u00eb kan\u00eb lidhje me miliarderin hungarezo-amerikan, Soros, jan\u00eb v\u00ebn\u00eb n\u00eb\u00a0 p\u00ebrndjekjen e ish-kryeministrit t\u00eb Maqeonis\u00eb, Gruevski, i cili ndodhet n\u00eb Hungari ku ka k\u00ebrkuar azil politik. Ai e vler\u00ebsoi ish-homologun e tij p\u00ebr pun\u00ebn e b\u00ebr\u00eb n\u00eb parandalimin e kalimit t\u00eb emigrant\u00ebve drejt Hungaris\u00eb. \u201cOrganizatat e af\u00ebrta me [&hellip;]<\/p>\n","protected":false,"gt_translate_keys":[{"key":"rendered","format":"html"}]},"author":51,"featured_media":252584,"comment_status":"open","ping_status":"open","sticky":false,"template":"","format":"standard","meta":{"footnotes":""},"categories":[6],"tags":[],"class_list":["post-252581","post","type-post","status-publish","format-standard","has-post-thumbnail","hentry","category-nderkombetare"],"gt_translate_keys":[{"key":"link","format":"url"}],"_links":{"self":[{"href":"https:\/\/www.hashtag.al\/index.php\/wp-json\/wp\/v2\/posts\/252581","targetHints":{"allow":["GET"]}}],"collection":[{"href":"https:\/\/www.hashtag.al\/index.php\/wp-json\/wp\/v2\/posts"}],"about":[{"href":"https:\/\/www.hashtag.al\/index.php\/wp-json\/wp\/v2\/types\/post"}],"author":[{"embeddable":true,"href":"https:\/\/www.hashtag.al\/index.php\/wp-json\/wp\/v2\/users\/51"}],"replies":[{"embeddable":true,"href":"https:\/\/www.hashtag.al\/index.php\/wp-json\/wp\/v2\/comments?post=252581"}],"version-history":[{"count":0,"href":"https:\/\/www.hashtag.al\/index.php\/wp-json\/wp\/v2\/posts\/252581\/revisions"}],"wp:featuredmedia":[{"embeddable":true,"href":"https:\/\/www.hashtag.al\/index.php\/wp-json\/wp\/v2\/media\/252584"}],"wp:attachment":[{"href":"https:\/\/www.hashtag.al\/index.php\/wp-json\/wp\/v2\/media?parent=252581"}],"wp:term":[{"taxonomy":"category","embeddable":true,"href":"https:\/\/www.hashtag.al\/index.php\/wp-json\/wp\/v2\/categories?post=252581"},{"taxonomy":"post_tag","embeddable":true,"href":"https:\/\/www.hashtag.al\/index.php\/wp-json\/wp\/v2\/tags?post=252581"}],"curies":[{"name":"wp","href":"https:\/\/api.w.org\/{rel}","templated":true}]}}