{"id":252403,"date":"2018-11-22T20:23:04","date_gmt":"2018-11-22T19:23:04","guid":{"rendered":"https:\/\/hashtag.al\/?p=252403"},"modified":"2018-11-22T20:28:09","modified_gmt":"2018-11-22T19:28:09","slug":"252403","status":"publish","type":"post","link":"https:\/\/www.hashtag.al\/index.php\/2018\/11\/22\/252403\/","title":{"rendered":"Detyra e re q\u00eb merr Fatmir Xhafaj","gt_translate_keys":[{"key":"rendered","format":"text"}]},"content":{"rendered":"<p><img loading=\"lazy\" decoding=\"async\" class=\"aligncenter size-full wp-image-244981\" src=\"https:\/\/hashtag.al\/wp-content\/uploads\/2018\/10\/fatmir-xhafaj-1.jpg\" alt=\"\" width=\"640\" height=\"459\" srcset=\"https:\/\/www.hashtag.al\/wp-content\/uploads\/2018\/10\/fatmir-xhafaj-1.jpg 640w, https:\/\/www.hashtag.al\/wp-content\/uploads\/2018\/10\/fatmir-xhafaj-1-300x215.jpg 300w\" sizes=\"auto, (max-width: 640px) 100vw, 640px\" \/><\/p>\n<p><span style=\"color: #000000;\">Mbr\u00ebmjen e sotme kuvendi ka votuar me\u00a0 77 vota pro dhe asnj\u00eb kund\u00ebr miratimin e propozimit q\u00eb Fatmir Xhafaj t\u00eb jet\u00eb an\u00ebtar i Komisionit t\u00eb Ligjeve. <\/span><\/p>\n<p><span style=\"color: #000000;\">Pas dor\u00ebheqjes nga posti i Ministrit t\u00eb Brendsh\u00ebm, kjo \u00ebsht\u00eb detyra q\u00eb i besohet Xhaf\u00ebs nga maxhoranca<strong>.<\/strong><\/span><\/p>\n<p><span style=\"color: #000000;\">Kujtojm\u00eb q\u00eb Xhafaj, se gjat\u00eb legjislatur\u00ebs s\u00eb kaluar ka qen\u00eb kryetari i Komisionit t\u00eb Ligjeve dhe ka drejtuar Reform\u00ebn n\u00eb Drejt\u00ebsi. Xhafaj nga posti i Ministrit t\u00eb Brendhs\u00ebm u t\u00ebrhoq pak jav\u00eb m\u00eb par\u00eb. Vendin e tij e zuri Sand\u00ebr Lleshi.\u00a0<\/span><\/p>\n<p><span style=\"color: #000000;\">Po k\u00ebshtu kuvendi\u00a0 ka votuar dit\u00ebn e sotme dekretin e Presidentit Ilir Meta p\u00ebr em\u00ebrimin e Sand\u00ebr Lleshit si Minist\u00ebr i Brendsh\u00ebm.<\/span><\/p>\n<p><img loading=\"lazy\" decoding=\"async\" class=\"aligncenter size-full wp-image-245217\" src=\"https:\/\/hashtag.al\/wp-content\/uploads\/2018\/10\/xhafaj-1.png\" alt=\"\" width=\"834\" height=\"360\" srcset=\"https:\/\/www.hashtag.al\/wp-content\/uploads\/2018\/10\/xhafaj-1.png 834w, https:\/\/www.hashtag.al\/wp-content\/uploads\/2018\/10\/xhafaj-1-300x129.png 300w, https:\/\/www.hashtag.al\/wp-content\/uploads\/2018\/10\/xhafaj-1-768x332.png 768w\" sizes=\"auto, (max-width: 834px) 100vw, 834px\" \/><\/p>\n<p><img loading=\"lazy\" decoding=\"async\" class=\"aligncenter size-full wp-image-245217\" src=\"https:\/\/hashtag.al\/wp-content\/uploads\/2018\/10\/xhafaj-1.png\" alt=\"\" width=\"834\" height=\"360\" srcset=\"https:\/\/www.hashtag.al\/wp-content\/uploads\/2018\/10\/xhafaj-1.png 834w, https:\/\/www.hashtag.al\/wp-content\/uploads\/2018\/10\/xhafaj-1-300x129.png 300w, https:\/\/www.hashtag.al\/wp-content\/uploads\/2018\/10\/xhafaj-1-768x332.png 768w\" sizes=\"auto, (max-width: 834px) 100vw, 834px\" \/><\/p>\n<p><img loading=\"lazy\" decoding=\"async\" class=\"aligncenter size-full wp-image-245217\" src=\"https:\/\/hashtag.al\/wp-content\/uploads\/2018\/10\/xhafaj-1.png\" alt=\"\" width=\"834\" height=\"360\" srcset=\"https:\/\/www.hashtag.al\/wp-content\/uploads\/2018\/10\/xhafaj-1.png 834w, https:\/\/www.hashtag.al\/wp-content\/uploads\/2018\/10\/xhafaj-1-300x129.png 300w, https:\/\/www.hashtag.al\/wp-content\/uploads\/2018\/10\/xhafaj-1-768x332.png 768w\" sizes=\"auto, (max-width: 834px) 100vw, 834px\" \/><\/p>\n","protected":false,"gt_translate_keys":[{"key":"rendered","format":"html"}]},"excerpt":{"rendered":"<p>Mbr\u00ebmjen e sotme kuvendi ka votuar me\u00a0 77 vota pro dhe asnj\u00eb kund\u00ebr miratimin e propozimit q\u00eb Fatmir Xhafaj t\u00eb jet\u00eb an\u00ebtar i Komisionit t\u00eb Ligjeve. Pas dor\u00ebheqjes nga posti i Ministrit t\u00eb Brendsh\u00ebm, kjo \u00ebsht\u00eb detyra q\u00eb i besohet Xhaf\u00ebs nga maxhoranca. Kujtojm\u00eb q\u00eb Xhafaj, se gjat\u00eb legjislatur\u00ebs s\u00eb kaluar ka qen\u00eb kryetari i [&hellip;]<\/p>\n","protected":false,"gt_translate_keys":[{"key":"rendered","format":"html"}]},"author":51,"featured_media":241218,"comment_status":"open","ping_status":"open","sticky":false,"template":"","format":"standard","meta":{"footnotes":""},"categories":[65],"tags":[],"class_list":["post-252403","post","type-post","status-publish","format-standard","has-post-thumbnail","hentry","category-lajme"],"gt_translate_keys":[{"key":"link","format":"url"}],"_links":{"self":[{"href":"https:\/\/www.hashtag.al\/index.php\/wp-json\/wp\/v2\/posts\/252403","targetHints":{"allow":["GET"]}}],"collection":[{"href":"https:\/\/www.hashtag.al\/index.php\/wp-json\/wp\/v2\/posts"}],"about":[{"href":"https:\/\/www.hashtag.al\/index.php\/wp-json\/wp\/v2\/types\/post"}],"author":[{"embeddable":true,"href":"https:\/\/www.hashtag.al\/index.php\/wp-json\/wp\/v2\/users\/51"}],"replies":[{"embeddable":true,"href":"https:\/\/www.hashtag.al\/index.php\/wp-json\/wp\/v2\/comments?post=252403"}],"version-history":[{"count":0,"href":"https:\/\/www.hashtag.al\/index.php\/wp-json\/wp\/v2\/posts\/252403\/revisions"}],"wp:featuredmedia":[{"embeddable":true,"href":"https:\/\/www.hashtag.al\/index.php\/wp-json\/wp\/v2\/media\/241218"}],"wp:attachment":[{"href":"https:\/\/www.hashtag.al\/index.php\/wp-json\/wp\/v2\/media?parent=252403"}],"wp:term":[{"taxonomy":"category","embeddable":true,"href":"https:\/\/www.hashtag.al\/index.php\/wp-json\/wp\/v2\/categories?post=252403"},{"taxonomy":"post_tag","embeddable":true,"href":"https:\/\/www.hashtag.al\/index.php\/wp-json\/wp\/v2\/tags?post=252403"}],"curies":[{"name":"wp","href":"https:\/\/api.w.org\/{rel}","templated":true}]}}