{"id":252325,"date":"2018-11-22T16:44:20","date_gmt":"2018-11-22T15:44:20","guid":{"rendered":"https:\/\/hashtag.al\/?p=252325"},"modified":"2018-11-24T21:24:33","modified_gmt":"2018-11-24T20:24:33","slug":"nga-proteste-e-turpshme-te-zaptues-tokash-4-shprehjet-e-rames-kunder-banoreve","status":"publish","type":"post","link":"https:\/\/www.hashtag.al\/index.php\/2018\/11\/22\/nga-proteste-e-turpshme-te-zaptues-tokash-4-shprehjet-e-rames-kunder-banoreve\/","title":{"rendered":"Nga protest\u00eb e turpshme te zaptues, 4 shprehjet e Ram\u00ebs kund\u00ebr banor\u00ebve","gt_translate_keys":[{"key":"rendered","format":"text"}]},"content":{"rendered":"<p><span style=\"color: #000000;\"><img loading=\"lazy\" decoding=\"async\" class=\"aligncenter size-full wp-image-252311\" src=\"https:\/\/hashtag.al\/wp-content\/uploads\/2018\/11\/88-1.jpg\" alt=\"\" width=\"1068\" height=\"712\" srcset=\"https:\/\/www.hashtag.al\/wp-content\/uploads\/2018\/11\/88-1.jpg 1068w, https:\/\/www.hashtag.al\/wp-content\/uploads\/2018\/11\/88-1-300x200.jpg 300w, https:\/\/www.hashtag.al\/wp-content\/uploads\/2018\/11\/88-1-768x512.jpg 768w, https:\/\/www.hashtag.al\/wp-content\/uploads\/2018\/11\/88-1-1024x683.jpg 1024w\" sizes=\"auto, (max-width: 1068px) 100vw, 1068px\" \/><\/span><\/p>\n<p><span style=\"color: #000000;\">Kryeministri Edi Rama \u00ebsht\u00eb shfaqur i prer\u00eb n\u00eb lidhje me protest\u00ebn e Astirit ku banor\u00ebt k\u00ebrkojn\u00eb d\u00ebmshp\u00ebrblim sipas vler\u00ebs s\u00eb tregut p\u00ebr banesat e tyre.\u00a0 Ata nuk i kan\u00eb ndalur protestat e tyre\u00a0\u00e7do dit\u00eb.\u00a0<\/span><\/p>\n<p><span style=\"color: #000000;\">Kryeministri edhe sot ka deklaruar se te \u201cUnaza e Re\u201d p\u00ebr ata q\u00eb kan\u00eb dokumenta do t\u00eb zbatohet ligji, kush \u00ebsht\u00eb me nj\u00eb streh\u00eb do marr bonus qeraje, nd\u00ebrsa t\u00eb tjer\u00ebt t\u00eb largohen sa m\u00eb par\u00eb se nuk do marrin asgj\u00eb. M\u00eb posht\u00eb jan\u00eb edhe 4 shprehjet me t\u00eb cilat Rama ka folur p\u00ebr protest\u00ebn e k\u00ebtyre banor\u00ebve dhe nuk i ka kursyer as epitetet p\u00ebr ata.\u00a0<\/span><\/p>\n<p><span style=\"color: #000000;\"><strong>Zaptues tokash- protestuesit<\/strong><\/span><\/p>\n<p><span style=\"color: #000000;\">\u201cMIR\u00cbM\u00cbNGJES\u00a0dhe me k\u00ebt\u00eb pasqyr\u00eb sqaruese t\u00eb situat\u00ebs ligjore n\u00eb Unaz\u00ebn e Re, ku nd\u00ebr ata q\u00eb e quajn\u00eb veten n\u00eb \u201cproces legalizimi\u201d, jan\u00eb shfaqur edhe nj\u00eb kategori e panjohur m\u00eb par\u00eb e zaptuesve profesionist\u00eb t\u00eb trojeve publike a private, ju siguroj se s\u2019ka asnj\u00eb shans q\u00eb paligjshm\u00ebria t\u00eb d\u00ebmshp\u00ebrblehet me taksat tuaja dhe ju uroj nj\u00eb dit\u00eb t\u00eb mbar\u00eb\u201d, shkruajti Rama pak dit\u00eb m\u00eb par\u00eb n\u00eb Facebook.<\/span><\/p>\n<p><span style=\"color: #000000;\"><strong>Bllokimin e rrug\u00ebs te &#8220;Unaza e Re&#8221; t\u00eb banor\u00ebve<\/strong><\/span><\/p>\n<p><span style=\"color: #000000;\">Ai e ka quajtur bllokimin e rrug\u00ebs \u201cshprehjen m\u00eb spektakolare t\u00eb degradimit total t\u00eb t\u00eb menduarit shoq\u00ebror e politik t\u00eb vendit\u201d.\u00a0&#8220;Pa asnj\u00eb gajle bllokojn\u00eb qarkullimin dhe natyrisht jan\u00eb shprehja m\u00eb spektakolare e nj\u00eb degradimi total t\u00eb t\u00eb menduarit shoq\u00ebror dhe politik t\u00eb k\u00ebtij vendi<em>.&#8221;, <\/em>tha Rama.<\/span><\/p>\n<p><span style=\"color: #000000;\"><strong>Protest\u00eb e turpshme<\/strong><\/span><\/p>\n<p><span style=\"color: #000000;\">\u201cOpozita po udh\u00ebheq protest\u00ebn m\u00eb t\u00eb turpshme q\u00eb kemi par\u00eb ndonj\u00ebher\u00eb, n\u00eb mbrojtje t\u00eb nd\u00ebrtimeve t\u00eb paligjshme kund\u00ebr interesit publik.\u00a0Zaptues profesionist\u00eb, jan\u00eb shfaqur si nj\u00eb kategori e re e pamjohur. Rezulton se e kan\u00eb kthyer n\u00eb biznes nd\u00ebrtimt\u00ebrin\u00eb pa leje.<\/span><\/p>\n<p><span style=\"color: #000000;\"> Edhe e duan d\u00ebmshp\u00ebrblimin 100% edhe pse kan\u00eb dy godina t\u00eb tjera pa leje n\u00eb nj\u00ebsin\u00eb nr. 7, ka nj\u00eb godin\u00eb tjet\u00ebr n\u00eb Kashar e i \u00ebsht\u00eb legalizuar edhe ai dhe ka nj\u00eb tjet\u00ebr n\u00eb proces legalizimi.\u201d, tha Rama n\u00eb Kuvend.\u00a0<\/span><\/p>\n<p><span style=\"color: #000000;\"><strong>Vij\u00eb e kuqe p\u00ebr ata q\u00eb po i kund\u00ebrvihen ligjit<\/strong><\/span><\/p>\n<p><span style=\"color: #000000;\">&#8220;Prerja e gishtave \u00ebsht\u00eb nj\u00eb vije e kuqe p\u00ebr ata q\u00eb sot kan\u00eb marr p\u00ebrsip\u00ebr t\u2019i kund\u00ebrvihen ligjit. Nuk ka shans q\u00eb ligji t\u00eb mos zbatohet nj\u00ebsoj p\u00ebr t\u00eb gjith\u00eb dhe policia e shtetit t\u00eb kthehet n\u00eb target p\u00ebr kapsolla gur\u00eb.\u201d u shpreh Rama para kamerave dit\u00ebn e sotme.&#8221;<strong>\/Hashtag.al\u00a0<\/strong><\/span><\/p>\n<p><span style=\"color: #000000;\"><img loading=\"lazy\" decoding=\"async\" class=\"aligncenter size-full wp-image-252301\" src=\"https:\/\/hashtag.al\/wp-content\/uploads\/2018\/11\/rama-5.jpg\" alt=\"\" width=\"682\" height=\"450\" srcset=\"https:\/\/www.hashtag.al\/wp-content\/uploads\/2018\/11\/rama-5.jpg 682w, https:\/\/www.hashtag.al\/wp-content\/uploads\/2018\/11\/rama-5-300x198.jpg 300w\" sizes=\"auto, (max-width: 682px) 100vw, 682px\" \/><\/span><\/p>\n<p>&nbsp;<\/p>\n<p>&nbsp;<\/p>\n","protected":false,"gt_translate_keys":[{"key":"rendered","format":"html"}]},"excerpt":{"rendered":"<p>Kryeministri Edi Rama \u00ebsht\u00eb shfaqur i prer\u00eb n\u00eb lidhje me protest\u00ebn e Astirit ku banor\u00ebt k\u00ebrkojn\u00eb d\u00ebmshp\u00ebrblim sipas vler\u00ebs s\u00eb tregut p\u00ebr banesat e tyre.\u00a0 Ata nuk i kan\u00eb ndalur protestat e tyre\u00a0\u00e7do dit\u00eb.\u00a0 Kryeministri edhe sot ka deklaruar se te \u201cUnaza e Re\u201d p\u00ebr ata q\u00eb kan\u00eb dokumenta do t\u00eb zbatohet ligji, kush \u00ebsht\u00eb [&hellip;]<\/p>\n","protected":false,"gt_translate_keys":[{"key":"rendered","format":"html"}]},"author":51,"featured_media":252311,"comment_status":"open","ping_status":"open","sticky":false,"template":"","format":"standard","meta":{"footnotes":""},"categories":[22,65],"tags":[],"class_list":["post-252325","post","type-post","status-publish","format-standard","has-post-thumbnail","hentry","category-ballina","category-lajme"],"gt_translate_keys":[{"key":"link","format":"url"}],"_links":{"self":[{"href":"https:\/\/www.hashtag.al\/index.php\/wp-json\/wp\/v2\/posts\/252325","targetHints":{"allow":["GET"]}}],"collection":[{"href":"https:\/\/www.hashtag.al\/index.php\/wp-json\/wp\/v2\/posts"}],"about":[{"href":"https:\/\/www.hashtag.al\/index.php\/wp-json\/wp\/v2\/types\/post"}],"author":[{"embeddable":true,"href":"https:\/\/www.hashtag.al\/index.php\/wp-json\/wp\/v2\/users\/51"}],"replies":[{"embeddable":true,"href":"https:\/\/www.hashtag.al\/index.php\/wp-json\/wp\/v2\/comments?post=252325"}],"version-history":[{"count":0,"href":"https:\/\/www.hashtag.al\/index.php\/wp-json\/wp\/v2\/posts\/252325\/revisions"}],"wp:featuredmedia":[{"embeddable":true,"href":"https:\/\/www.hashtag.al\/index.php\/wp-json\/wp\/v2\/media\/252311"}],"wp:attachment":[{"href":"https:\/\/www.hashtag.al\/index.php\/wp-json\/wp\/v2\/media?parent=252325"}],"wp:term":[{"taxonomy":"category","embeddable":true,"href":"https:\/\/www.hashtag.al\/index.php\/wp-json\/wp\/v2\/categories?post=252325"},{"taxonomy":"post_tag","embeddable":true,"href":"https:\/\/www.hashtag.al\/index.php\/wp-json\/wp\/v2\/tags?post=252325"}],"curies":[{"name":"wp","href":"https:\/\/api.w.org\/{rel}","templated":true}]}}