{"id":252309,"date":"2018-11-22T16:11:06","date_gmt":"2018-11-22T15:11:06","guid":{"rendered":"https:\/\/hashtag.al\/?p=252309"},"modified":"2018-11-22T16:13:38","modified_gmt":"2018-11-22T15:13:38","slug":"banoret-e-unazes-se-re-gjuajne-ramen-me-kepuce-fotot","status":"publish","type":"post","link":"https:\/\/www.hashtag.al\/index.php\/2018\/11\/22\/banoret-e-unazes-se-re-gjuajne-ramen-me-kepuce-fotot\/","title":{"rendered":"Banor\u00ebt e &#8220;Unaz\u00ebs s\u00eb Re&#8221; gjuajn\u00eb  Ram\u00ebn me k\u00ebpuc\u00eb (FOTOT)","gt_translate_keys":[{"key":"rendered","format":"text"}]},"content":{"rendered":"<p><span style=\"color: #000000;\"><img loading=\"lazy\" decoding=\"async\" class=\"aligncenter size-full wp-image-252311\" src=\"https:\/\/hashtag.al\/wp-content\/uploads\/2018\/11\/88-1.jpg\" alt=\"\" width=\"1068\" height=\"712\" srcset=\"https:\/\/www.hashtag.al\/wp-content\/uploads\/2018\/11\/88-1.jpg 1068w, https:\/\/www.hashtag.al\/wp-content\/uploads\/2018\/11\/88-1-300x200.jpg 300w, https:\/\/www.hashtag.al\/wp-content\/uploads\/2018\/11\/88-1-768x512.jpg 768w, https:\/\/www.hashtag.al\/wp-content\/uploads\/2018\/11\/88-1-1024x683.jpg 1024w\" sizes=\"auto, (max-width: 1068px) 100vw, 1068px\" \/><\/span><\/p>\n<p><span style=\"color: #000000;\">Kryeministri Edi Rama pasi vizitoi n\u00eb spital efektiven e policis\u00eb s\u00eb humbi 4 gishta \u00ebsht\u00eb shprehur se kjo \u00ebsht\u00eb vij\u00eb e kuqe p\u00ebr ata q\u00eb sot kan\u00eb marr p\u00ebrsip\u00ebr t\u2019i kund\u00ebrvihen ligjit.\u00a0<\/span><\/p>\n<p><span style=\"color: #000000;\">Por kryeministri\u00a0\u00ebsht\u00eb pritur nga familjar\u00ebt e protestuesve t\u00eb plagosur,\u00a0 t\u00eb cil\u00ebt nuk i kan\u00eb kursyer\u00a0 fyerjet ndaj tij. Madje e kan\u00eb q\u00eblluar edhe me k\u00ebpuc\u00eb. Pas k\u00ebtij incidenti polcia ka shoq\u00ebruar protestuesit, nd\u00ebrsa kryeminsitri \u00ebsht\u00eb larguar.<\/span><\/p>\n<p><span style=\"color: #000000;\"><strong>Deklarata e Ram\u00ebs pas vizit\u00ebs n\u00eb spital:<\/strong><\/span><\/p>\n<p><span style=\"color: #000000;\">\u201cP\u00ebrfytyroni, \u00e7do prind, \u00e7do v\u00eblla, \u00e7do mot\u00ebr, \u00e7do t\u00eb thot\u00eb t\u00eb vij\u00eb vajza nga puna, vet\u00eb 24 vje\u00e7 me gishta t\u00eb k\u00ebputur, pasi ka dal\u00eb t\u00eb kryej\u00eb detyr\u00ebn. \u00cbsht\u00eb nj\u00eb situat\u00eb q\u00eb nuk ka ndodhur q\u00eb nga prishjet e parkut Rinia.\u00a0Nj\u00eb parti q\u00eb merr persip\u00ebr t\u00eb mbroj\u00eb zpatues pronash, kund\u00ebr interesit publik p\u00ebr t\u00eb frenuar zhvillimin e nj\u00eb \u00a0vepre q\u00eb nuk kan\u00eb p\u00ebr ta frenuar dot. <\/span><\/p>\n<p><span style=\"color: #000000;\">Prerja e gishtave \u00ebsht\u00eb nj\u00eb vije e kuqe p\u00ebr ata q\u00eb sot kan\u00eb marr p\u00ebrsip\u00ebr t\u2019i kund\u00ebrvihen ligjit. Nuk ka shans q\u00eb ligji t\u00eb mos zbatohet nj\u00ebsoj p\u00ebr t\u00eb gjith\u00eb dhe policia e shtetit t\u00eb kthehet n\u00eb target p\u00ebr kapsolla gur\u00eb.\u201d u shpreh Rama.\u00a0<\/span><\/p>\n<p><span style=\"color: #000000;\">Rama deklaroi m\u00eb tej se te &#8220;Unaza e Re&#8221; ata q\u00eb kan\u00eb dokumenta do t\u00eb zbatohet ligji, kush \u00ebsht\u00eb me nj\u00eb streh\u00eb do marr bonus qeraje, nd\u00ebrsa t\u00eb tjer\u00ebt t\u00eb largohen sa m\u00eb par\u00eb se nuk do marrin asgj\u00eb.<\/span><\/p>\n<p><span style=\"color: #000000;\"><img loading=\"lazy\" decoding=\"async\" class=\"aligncenter size-full wp-image-252312\" src=\"https:\/\/hashtag.al\/wp-content\/uploads\/2018\/11\/rama-4.jpg\" alt=\"\" width=\"1068\" height=\"712\" srcset=\"https:\/\/www.hashtag.al\/wp-content\/uploads\/2018\/11\/rama-4.jpg 1068w, https:\/\/www.hashtag.al\/wp-content\/uploads\/2018\/11\/rama-4-300x200.jpg 300w, https:\/\/www.hashtag.al\/wp-content\/uploads\/2018\/11\/rama-4-768x512.jpg 768w, https:\/\/www.hashtag.al\/wp-content\/uploads\/2018\/11\/rama-4-1024x683.jpg 1024w\" sizes=\"auto, (max-width: 1068px) 100vw, 1068px\" \/><\/span><\/p>\n<p><span style=\"color: #000000;\"><img loading=\"lazy\" decoding=\"async\" class=\"aligncenter size-full wp-image-252313\" src=\"https:\/\/hashtag.al\/wp-content\/uploads\/2018\/11\/rama-55.jpg\" alt=\"\" width=\"1068\" height=\"712\" srcset=\"https:\/\/www.hashtag.al\/wp-content\/uploads\/2018\/11\/rama-55.jpg 1068w, https:\/\/www.hashtag.al\/wp-content\/uploads\/2018\/11\/rama-55-300x200.jpg 300w, https:\/\/www.hashtag.al\/wp-content\/uploads\/2018\/11\/rama-55-768x512.jpg 768w, https:\/\/www.hashtag.al\/wp-content\/uploads\/2018\/11\/rama-55-1024x683.jpg 1024w\" sizes=\"auto, (max-width: 1068px) 100vw, 1068px\" \/><\/span><\/p>\n","protected":false,"gt_translate_keys":[{"key":"rendered","format":"html"}]},"excerpt":{"rendered":"<p>Kryeministri Edi Rama pasi vizitoi n\u00eb spital efektiven e policis\u00eb s\u00eb humbi 4 gishta \u00ebsht\u00eb shprehur se kjo \u00ebsht\u00eb vij\u00eb e kuqe p\u00ebr ata q\u00eb sot kan\u00eb marr p\u00ebrsip\u00ebr t\u2019i kund\u00ebrvihen ligjit.\u00a0 Por kryeministri\u00a0\u00ebsht\u00eb pritur nga familjar\u00ebt e protestuesve t\u00eb plagosur,\u00a0 t\u00eb cil\u00ebt nuk i kan\u00eb kursyer\u00a0 fyerjet ndaj tij. Madje e kan\u00eb q\u00eblluar edhe [&hellip;]<\/p>\n","protected":false,"gt_translate_keys":[{"key":"rendered","format":"html"}]},"author":51,"featured_media":252314,"comment_status":"open","ping_status":"open","sticky":false,"template":"","format":"standard","meta":{"footnotes":""},"categories":[65],"tags":[],"class_list":["post-252309","post","type-post","status-publish","format-standard","has-post-thumbnail","hentry","category-lajme"],"gt_translate_keys":[{"key":"link","format":"url"}],"_links":{"self":[{"href":"https:\/\/www.hashtag.al\/index.php\/wp-json\/wp\/v2\/posts\/252309","targetHints":{"allow":["GET"]}}],"collection":[{"href":"https:\/\/www.hashtag.al\/index.php\/wp-json\/wp\/v2\/posts"}],"about":[{"href":"https:\/\/www.hashtag.al\/index.php\/wp-json\/wp\/v2\/types\/post"}],"author":[{"embeddable":true,"href":"https:\/\/www.hashtag.al\/index.php\/wp-json\/wp\/v2\/users\/51"}],"replies":[{"embeddable":true,"href":"https:\/\/www.hashtag.al\/index.php\/wp-json\/wp\/v2\/comments?post=252309"}],"version-history":[{"count":0,"href":"https:\/\/www.hashtag.al\/index.php\/wp-json\/wp\/v2\/posts\/252309\/revisions"}],"wp:featuredmedia":[{"embeddable":true,"href":"https:\/\/www.hashtag.al\/index.php\/wp-json\/wp\/v2\/media\/252314"}],"wp:attachment":[{"href":"https:\/\/www.hashtag.al\/index.php\/wp-json\/wp\/v2\/media?parent=252309"}],"wp:term":[{"taxonomy":"category","embeddable":true,"href":"https:\/\/www.hashtag.al\/index.php\/wp-json\/wp\/v2\/categories?post=252309"},{"taxonomy":"post_tag","embeddable":true,"href":"https:\/\/www.hashtag.al\/index.php\/wp-json\/wp\/v2\/tags?post=252309"}],"curies":[{"name":"wp","href":"https:\/\/api.w.org\/{rel}","templated":true}]}}