{"id":252226,"date":"2018-11-22T11:39:49","date_gmt":"2018-11-22T10:39:49","guid":{"rendered":"https:\/\/hashtag.al\/?p=252226"},"modified":"2018-11-22T11:40:59","modified_gmt":"2018-11-22T10:40:59","slug":"protesta-para-kuvendit-lendohen-6-police","status":"publish","type":"post","link":"https:\/\/www.hashtag.al\/index.php\/2018\/11\/22\/protesta-para-kuvendit-lendohen-6-police\/","title":{"rendered":"Protesta para Kuvendit, l\u00ebndohen 6 polic\u00eb","gt_translate_keys":[{"key":"rendered","format":"text"}]},"content":{"rendered":"<p><img loading=\"lazy\" decoding=\"async\" class=\"aligncenter size-full wp-image-252227\" src=\"https:\/\/hashtag.al\/wp-content\/uploads\/2018\/11\/policia-2-1.jpg\" alt=\"\" width=\"900\" height=\"600\" srcset=\"https:\/\/www.hashtag.al\/wp-content\/uploads\/2018\/11\/policia-2-1.jpg 900w, https:\/\/www.hashtag.al\/wp-content\/uploads\/2018\/11\/policia-2-1-300x200.jpg 300w, https:\/\/www.hashtag.al\/wp-content\/uploads\/2018\/11\/policia-2-1-768x512.jpg 768w\" sizes=\"auto, (max-width: 900px) 100vw, 900px\" \/><\/p>\n<p><span style=\"color: #000000;\">6 efektiv\u00eb policie jan\u00eb plagosur nga p\u00ebrplasja e mes protestuesve dhe polici\u00eb para Kuvendit. <\/span><\/p>\n<p><span style=\"color: #000000;\">Efektiv\u00ebt e plagosur jan\u00eb d\u00ebrguar p\u00ebr mjekim n\u00eb spital nd\u00ebrsa dyshohet se plagosja e tyre ka ndodhur nga shashkat q\u00eb kan\u00eb plasur. <\/span><\/p>\n<p><span style=\"color: #000000;\">Banor\u00ebt kan\u00eb mohuar t\u00eb ken\u00eb hedhur shashkat dhe tymueset nd\u00ebrsa kan\u00eb th\u00ebrritur: <em>&#8220;Mos na provokoni.&#8221;<\/em><\/span><\/p>\n<p><span style=\"color: #000000;\">Situata para Kuvendit u tensionua teksa protestuesit tentuan t\u00eb \u00e7anin kordonin e policis\u00eb por me nd\u00ebrhyrjen e Forcave t\u00eb Nd\u00ebrhyrjes s\u00eb Shpejt\u00eb, situata \u00ebsht\u00eb normalizuar disi. <\/span><\/p>\n<p><span style=\"color: #000000;\">Qindra banor\u00eb t\u00eb Unaz\u00ebs s\u00eb Re dhe Bregut t\u00eb Lumit, u mbodh\u00ebn sot oara Kuvendit p\u00ebr t\u00eb kund\u00ebrshtuar prishjen e banesave t\u00eb tyre q\u00eb preken nga zgjerimi i Unaz\u00ebs s\u00eb Re dhe Bulevardit t\u00eb Ri t\u00eb Tiran\u00ebs. <\/span><\/p>\n<p><span style=\"color: #000000;\">Ata kan\u00eb deklaruar se nuk do e lejojn\u00eb prishjen e banesave dhe do i mbrojn\u00eb sht\u00ebpit\u00eb e tyre me gjak. Protest\u00ebs i jan\u00eb bashkuar edhe deputet\u00ebt e opozit\u00ebs s\u00eb bashkuar. <\/span><\/p>\n<p><span style=\"color: #000000;\">Policia nga ana e saj u ka b\u00ebr\u00eb thirrje protestuesve q\u00eb t\u00eb distancohen nga aktet e dhunshme dhe po k\u00ebshtu u ka b\u00ebr\u00eb t\u00eb nj\u00ebjt\u00ebn thirrje edhe deputet\u00ebve t\u00eb opozit\u00ebs.<\/span><\/p>\n<p><img loading=\"lazy\" decoding=\"async\" class=\"aligncenter size-full wp-image-252228\" src=\"https:\/\/hashtag.al\/wp-content\/uploads\/2018\/11\/Policia.jpg\" alt=\"\" width=\"900\" height=\"600\" srcset=\"https:\/\/www.hashtag.al\/wp-content\/uploads\/2018\/11\/Policia.jpg 900w, https:\/\/www.hashtag.al\/wp-content\/uploads\/2018\/11\/Policia-300x200.jpg 300w, https:\/\/www.hashtag.al\/wp-content\/uploads\/2018\/11\/Policia-768x512.jpg 768w\" sizes=\"auto, (max-width: 900px) 100vw, 900px\" \/><\/p>\n","protected":false,"gt_translate_keys":[{"key":"rendered","format":"html"}]},"excerpt":{"rendered":"<p>6 efektiv\u00eb policie jan\u00eb plagosur nga p\u00ebrplasja e mes protestuesve dhe polici\u00eb para Kuvendit. Efektiv\u00ebt e plagosur jan\u00eb d\u00ebrguar p\u00ebr mjekim n\u00eb spital nd\u00ebrsa dyshohet se plagosja e tyre ka ndodhur nga shashkat q\u00eb kan\u00eb plasur. Banor\u00ebt kan\u00eb mohuar t\u00eb ken\u00eb hedhur shashkat dhe tymueset nd\u00ebrsa kan\u00eb th\u00ebrritur: &#8220;Mos na provokoni.&#8221; Situata para Kuvendit u [&hellip;]<\/p>\n","protected":false,"gt_translate_keys":[{"key":"rendered","format":"html"}]},"author":51,"featured_media":252229,"comment_status":"open","ping_status":"open","sticky":false,"template":"","format":"standard","meta":{"footnotes":""},"categories":[65],"tags":[],"class_list":["post-252226","post","type-post","status-publish","format-standard","has-post-thumbnail","hentry","category-lajme"],"gt_translate_keys":[{"key":"link","format":"url"}],"_links":{"self":[{"href":"https:\/\/www.hashtag.al\/index.php\/wp-json\/wp\/v2\/posts\/252226","targetHints":{"allow":["GET"]}}],"collection":[{"href":"https:\/\/www.hashtag.al\/index.php\/wp-json\/wp\/v2\/posts"}],"about":[{"href":"https:\/\/www.hashtag.al\/index.php\/wp-json\/wp\/v2\/types\/post"}],"author":[{"embeddable":true,"href":"https:\/\/www.hashtag.al\/index.php\/wp-json\/wp\/v2\/users\/51"}],"replies":[{"embeddable":true,"href":"https:\/\/www.hashtag.al\/index.php\/wp-json\/wp\/v2\/comments?post=252226"}],"version-history":[{"count":0,"href":"https:\/\/www.hashtag.al\/index.php\/wp-json\/wp\/v2\/posts\/252226\/revisions"}],"wp:featuredmedia":[{"embeddable":true,"href":"https:\/\/www.hashtag.al\/index.php\/wp-json\/wp\/v2\/media\/252229"}],"wp:attachment":[{"href":"https:\/\/www.hashtag.al\/index.php\/wp-json\/wp\/v2\/media?parent=252226"}],"wp:term":[{"taxonomy":"category","embeddable":true,"href":"https:\/\/www.hashtag.al\/index.php\/wp-json\/wp\/v2\/categories?post=252226"},{"taxonomy":"post_tag","embeddable":true,"href":"https:\/\/www.hashtag.al\/index.php\/wp-json\/wp\/v2\/tags?post=252226"}],"curies":[{"name":"wp","href":"https:\/\/api.w.org\/{rel}","templated":true}]}}