{"id":252062,"date":"2018-11-21T19:28:23","date_gmt":"2018-11-21T18:28:23","guid":{"rendered":"https:\/\/hashtag.al\/?p=252062"},"modified":"2018-11-21T19:30:56","modified_gmt":"2018-11-21T18:30:56","slug":"vendimi-i-haradinajt-qe-alarmoi-vucic-in-dhe-beri-qe-te-reagoje-be-ja","status":"publish","type":"post","link":"https:\/\/www.hashtag.al\/index.php\/2018\/11\/21\/vendimi-i-haradinajt-qe-alarmoi-vucic-in-dhe-beri-qe-te-reagoje-be-ja\/","title":{"rendered":"Vendimi i Haradinajt q\u00eb alarmoi Vu\u00e7i\u00e7-in dhe b\u00ebri q\u00eb t\u00eb reagoj\u00eb BE-ja","gt_translate_keys":[{"key":"rendered","format":"text"}]},"content":{"rendered":"<p><span style=\"color: #000000;\"><img loading=\"lazy\" decoding=\"async\" class=\"alignnone size-full wp-image-252064\" src=\"https:\/\/hashtag.al\/wp-content\/uploads\/2018\/11\/vucic-haradinaj.png\" alt=\"\" width=\"640\" height=\"482\" srcset=\"https:\/\/www.hashtag.al\/wp-content\/uploads\/2018\/11\/vucic-haradinaj.png 640w, https:\/\/www.hashtag.al\/wp-content\/uploads\/2018\/11\/vucic-haradinaj-300x226.png 300w\" sizes=\"auto, (max-width: 640px) 100vw, 640px\" \/><\/span><\/p>\n<p><span style=\"color: #000000;\">Kryeministri i Kosov\u00ebs Ramush Haradinaj b\u00ebri publik sot vendimin e qeveris\u00eb, q\u00eb t\u00eb vendoset taks\u00eb prej 100 p\u00ebr qind p\u00ebr produktet me origjin\u00eb serbe.<\/span><\/p>\n<p><span style=\"color: #000000;\">\u201cNga sot mas\u00eb 100% ndaj Serbis\u00eb.\u00a0Qeveria e Kosov\u00ebs n\u00eb mbledhjen e sotme, ka marr\u00eb vendim q\u00eb t\u00eb vendoset masa prej 100% ndaj produkteve t\u00eb importuara me origjin\u00eb nga Serbia dhe Bosnja e Hercegovina, p\u00ebrjashtuar brendet nd\u00ebrkomb\u00ebtare t\u00eb listuara n\u00eb aneks.<\/span><\/p>\n<p><span style=\"color: #000000;\">Poashtu, qeveria e vendit obligon Ministrin\u00eb e Tregtis\u00eb dhe t\u00eb Industris\u00eb dhe t\u00eb gjitha institucionet relevante, q\u00eb t\u00eb largojn\u00eb dhe t\u00eb ndalojn\u00eb importin dhe hyrjen potenciale n\u00eb treg t\u00eb t\u00eb gjitha produkteve, t\u00eb cilat nuk i referohen dhe jan\u00eb n\u00eb kund\u00ebrshtim me em\u00ebrtimin zyrtar dhe kushtetues t\u00eb Republik\u00ebs s\u00eb Kosov\u00ebs.&#8221;, u shpreh Haradinaj.<\/span><\/p>\n<p><span style=\"color: #000000;\">N\u00eb lidhje me k\u00ebt\u00eb vendim ka reaguar menj\u00ebher\u00eb Bashkimi Europian i cili i k\u00ebrkon qeveris\u00eb s\u00eb Kosov\u00eb t\u00eb t\u00ebrheq\u00eb mbrapsht k\u00ebt\u00eb vendim.\u00a0<\/span><\/p>\n<p><span style=\"color: #000000;\">&#8220;Vendimi i sot\u00ebm i qeveris\u00eb s\u00eb Kosov\u00ebs p\u00ebr t\u00eb rritur taks\u00ebn ndaj mallrave t\u00eb importuara nga Serbia dhe Bosnja p\u00ebr 100 p\u00ebr qind \u00ebsht\u00eb shkelje e past\u00ebr e CEFTA-s dhe frym\u00ebs s\u00eb Marr\u00ebveshjes p\u00ebr Stabilizim-Asociim mes Bashkimit Evropian dhe Kosov\u00ebs. Ajo p\u00ebrkeq\u00ebson situat\u00ebn pas vendimit t\u00eb par\u00eb prej 10 p\u00ebr qind jav\u00ebn e kaluar. Qeveria e Kosov\u00ebs duhet menj\u00ebher\u00eb t\u00eb anuloj\u00eb k\u00ebto vendime\u201d, ka deklaruar p\u00ebrfaq\u00ebsuesja e Lart\u00eb e Bashkimit Evropian, Federica Mogherini.<\/span><\/p>\n<p><span style=\"color: #000000;\"><strong>\u00a0Alarmohet Aleksand\u00ebr Vu\u00e7i\u00e7<\/strong><\/span><\/p>\n<p><span style=\"color: #000000;\">Pas vendimit t\u00eb Haradinaj ka reaguar edhe Vu\u00e7i\u00e7.\u00a0 Ai ka thirrur\u00a0n\u00eb nj\u00eb takim t\u00eb jasht\u00ebzakonsh\u00ebm\u00a0ambasador\u00ebt e Kin\u00ebs, Rusis\u00eb, BE-s\u00eb. Presidenti serb ka thirrur edhe nj\u00eb mbledhje t\u00eb K\u00ebshillit p\u00ebr Siguri Komb\u00ebtare t\u00eb Serbis\u00eb pas k\u00ebtyre masave t\u00eb qeveris\u00eb s\u00eb Republik\u00ebs s\u00eb Kosov\u00ebs.\/Hashtag.al<\/span><\/p>\n<p><span style=\"color: #000000;\"><img loading=\"lazy\" decoding=\"async\" class=\"alignnone size-full wp-image-222045\" src=\"https:\/\/hashtag.al\/wp-content\/uploads\/2018\/08\/haradinaj.jpg\" alt=\"\" width=\"640\" height=\"427\" \/><\/span><\/p>\n","protected":false,"gt_translate_keys":[{"key":"rendered","format":"html"}]},"excerpt":{"rendered":"<p>Kryeministri i Kosov\u00ebs Ramush Haradinaj b\u00ebri publik sot vendimin e qeveris\u00eb, q\u00eb t\u00eb vendoset taks\u00eb prej 100 p\u00ebr qind p\u00ebr produktet me origjin\u00eb serbe. \u201cNga sot mas\u00eb 100% ndaj Serbis\u00eb.\u00a0Qeveria e Kosov\u00ebs n\u00eb mbledhjen e sotme, ka marr\u00eb vendim q\u00eb t\u00eb vendoset masa prej 100% ndaj produkteve t\u00eb importuara me origjin\u00eb nga Serbia dhe Bosnja [&hellip;]<\/p>\n","protected":false,"gt_translate_keys":[{"key":"rendered","format":"html"}]},"author":30,"featured_media":252064,"comment_status":"open","ping_status":"open","sticky":false,"template":"","format":"standard","meta":{"footnotes":""},"categories":[22,65],"tags":[],"class_list":["post-252062","post","type-post","status-publish","format-standard","has-post-thumbnail","hentry","category-ballina","category-lajme"],"gt_translate_keys":[{"key":"link","format":"url"}],"_links":{"self":[{"href":"https:\/\/www.hashtag.al\/index.php\/wp-json\/wp\/v2\/posts\/252062","targetHints":{"allow":["GET"]}}],"collection":[{"href":"https:\/\/www.hashtag.al\/index.php\/wp-json\/wp\/v2\/posts"}],"about":[{"href":"https:\/\/www.hashtag.al\/index.php\/wp-json\/wp\/v2\/types\/post"}],"author":[{"embeddable":true,"href":"https:\/\/www.hashtag.al\/index.php\/wp-json\/wp\/v2\/users\/30"}],"replies":[{"embeddable":true,"href":"https:\/\/www.hashtag.al\/index.php\/wp-json\/wp\/v2\/comments?post=252062"}],"version-history":[{"count":0,"href":"https:\/\/www.hashtag.al\/index.php\/wp-json\/wp\/v2\/posts\/252062\/revisions"}],"wp:featuredmedia":[{"embeddable":true,"href":"https:\/\/www.hashtag.al\/index.php\/wp-json\/wp\/v2\/media\/252064"}],"wp:attachment":[{"href":"https:\/\/www.hashtag.al\/index.php\/wp-json\/wp\/v2\/media?parent=252062"}],"wp:term":[{"taxonomy":"category","embeddable":true,"href":"https:\/\/www.hashtag.al\/index.php\/wp-json\/wp\/v2\/categories?post=252062"},{"taxonomy":"post_tag","embeddable":true,"href":"https:\/\/www.hashtag.al\/index.php\/wp-json\/wp\/v2\/tags?post=252062"}],"curies":[{"name":"wp","href":"https:\/\/api.w.org\/{rel}","templated":true}]}}