{"id":252018,"date":"2018-11-21T17:28:44","date_gmt":"2018-11-21T16:28:44","guid":{"rendered":"https:\/\/hashtag.al\/?p=252018"},"modified":"2018-11-21T17:28:44","modified_gmt":"2018-11-21T16:28:44","slug":"252018","status":"publish","type":"post","link":"https:\/\/www.hashtag.al\/index.php\/2018\/11\/21\/252018\/","title":{"rendered":"Lubonja-Ahmetajt: Kur flet p\u00ebr zhvillim t\u00eb ekonomis\u00eb mos po fut edhe parat\u00eb e drog\u00ebs?","gt_translate_keys":[{"key":"rendered","format":"text"}]},"content":{"rendered":"<p><img loading=\"lazy\" decoding=\"async\" class=\"alignnone size-full wp-image-252019\" src=\"https:\/\/hashtag.al\/wp-content\/uploads\/2018\/11\/ahmetaj-lubonja.png\" alt=\"\" width=\"773\" height=\"398\" srcset=\"https:\/\/www.hashtag.al\/wp-content\/uploads\/2018\/11\/ahmetaj-lubonja.png 773w, https:\/\/www.hashtag.al\/wp-content\/uploads\/2018\/11\/ahmetaj-lubonja-300x154.png 300w, https:\/\/www.hashtag.al\/wp-content\/uploads\/2018\/11\/ahmetaj-lubonja-768x395.png 768w\" sizes=\"auto, (max-width: 773px) 100vw, 773px\" \/><\/p>\n<p>Analisti Fatos Lubonja ka folur p\u00ebr ekomonin\u00eb e vendit ton\u00eb dhe ka hedhur posht\u00eb deklarat\u00ebn e Ahmetajt se vendi ka zhvillim ekonomik. Ai i \u00ebsht\u00eb drejtuar ministrit se k\u00ebt\u00eb zhvillim ekonomik q\u00eb ky i fundit deklaroi nj\u00eb dit\u00eb m\u00eb par\u00eb\u00a0 ka futur edhe parat\u00eb e\u00a0 pista dhe t\u00eb drog\u00ebs.<\/p>\n<p>&#8220;K\u00ebtu ka vet\u00ebm, ha, kafsho dhe ik\u00eb. Kafsho n\u00eb bregdet, ku t\u00eb mundesh pa asnj\u00eb strategji dhe ik\u00eb. K\u00ebtu nuk ka zhvillim, por t\u00eb kishte zhvillim nuk t\u00eb k\u00ebrkonin 52% e shqiptar\u00ebve t\u00eb iknin. Ahmetaj ku e ke rritjen e ekonomis\u00eb ti? Mos po fut edhe ato parat\u00eb e\u00a0 pista dhe t\u00eb drog\u00ebs?\u00a0 K\u00ebto nuk jan\u00eb zhvillime k\u00ebto jan\u00eb tumorre q\u00eb duhet t\u00eb operohen, t\u00eb kurohen.<\/p>\n<p>Po t\u00eb ishte se shqiptar\u00ebt do t\u00eb kishin m\u00eb shum\u00eb, k\u00ebta nuk do t\u00eb ikin n\u00eb Gjermani. P\u00ebr\u00a0 mua k\u00ebtu n\u00eb vend ka vet\u00ebm nj\u00eb pakice, t\u00eb tjer\u00ebt jo, nuk jan\u00eb mir\u00eb&#8221;, u shpreh Lubonja n\u00eb &#8220;News 24&#8221;\u00a0 teksa foli p\u00ebr ekonomin\u00eb e vendit.<\/p>\n<p><img loading=\"lazy\" decoding=\"async\" class=\"alignnone size-full wp-image-108439\" src=\"https:\/\/hashtag.al\/wp-content\/uploads\/2017\/04\/fatos-lubonja-mesazh-p-euml-r-shqiptar-euml-t-e-kosov-euml-s_hd-780x439.jpg\" alt=\"\" width=\"780\" height=\"439\" \/><\/p>\n","protected":false,"gt_translate_keys":[{"key":"rendered","format":"html"}]},"excerpt":{"rendered":"<p>Analisti Fatos Lubonja ka folur p\u00ebr ekomonin\u00eb e vendit ton\u00eb dhe ka hedhur posht\u00eb deklarat\u00ebn e Ahmetajt se vendi ka zhvillim ekonomik. Ai i \u00ebsht\u00eb drejtuar ministrit se k\u00ebt\u00eb zhvillim ekonomik q\u00eb ky i fundit deklaroi nj\u00eb dit\u00eb m\u00eb par\u00eb\u00a0 ka futur edhe parat\u00eb e\u00a0 pista dhe t\u00eb drog\u00ebs. &#8220;K\u00ebtu ka vet\u00ebm, ha, kafsho dhe [&hellip;]<\/p>\n","protected":false,"gt_translate_keys":[{"key":"rendered","format":"html"}]},"author":30,"featured_media":252019,"comment_status":"open","ping_status":"open","sticky":false,"template":"","format":"standard","meta":{"footnotes":""},"categories":[65],"tags":[],"class_list":["post-252018","post","type-post","status-publish","format-standard","has-post-thumbnail","hentry","category-lajme"],"gt_translate_keys":[{"key":"link","format":"url"}],"_links":{"self":[{"href":"https:\/\/www.hashtag.al\/index.php\/wp-json\/wp\/v2\/posts\/252018","targetHints":{"allow":["GET"]}}],"collection":[{"href":"https:\/\/www.hashtag.al\/index.php\/wp-json\/wp\/v2\/posts"}],"about":[{"href":"https:\/\/www.hashtag.al\/index.php\/wp-json\/wp\/v2\/types\/post"}],"author":[{"embeddable":true,"href":"https:\/\/www.hashtag.al\/index.php\/wp-json\/wp\/v2\/users\/30"}],"replies":[{"embeddable":true,"href":"https:\/\/www.hashtag.al\/index.php\/wp-json\/wp\/v2\/comments?post=252018"}],"version-history":[{"count":0,"href":"https:\/\/www.hashtag.al\/index.php\/wp-json\/wp\/v2\/posts\/252018\/revisions"}],"wp:featuredmedia":[{"embeddable":true,"href":"https:\/\/www.hashtag.al\/index.php\/wp-json\/wp\/v2\/media\/252019"}],"wp:attachment":[{"href":"https:\/\/www.hashtag.al\/index.php\/wp-json\/wp\/v2\/media?parent=252018"}],"wp:term":[{"taxonomy":"category","embeddable":true,"href":"https:\/\/www.hashtag.al\/index.php\/wp-json\/wp\/v2\/categories?post=252018"},{"taxonomy":"post_tag","embeddable":true,"href":"https:\/\/www.hashtag.al\/index.php\/wp-json\/wp\/v2\/tags?post=252018"}],"curies":[{"name":"wp","href":"https:\/\/api.w.org\/{rel}","templated":true}]}}