{"id":251983,"date":"2018-11-21T15:57:19","date_gmt":"2018-11-21T14:57:19","guid":{"rendered":"https:\/\/hashtag.al\/?p=251983"},"modified":"2018-11-21T16:04:20","modified_gmt":"2018-11-21T15:04:20","slug":"demshperblimet-kreu-i-arrsh-se-do-vleresohen-subjektet-me-vertetim-pronesie-te-prekurit-e-tjere-3-vite-qera-dhe-kredi-te-buta","status":"publish","type":"post","link":"https:\/\/www.hashtag.al\/index.php\/2018\/11\/21\/demshperblimet-kreu-i-arrsh-se-do-vleresohen-subjektet-me-vertetim-pronesie-te-prekurit-e-tjere-3-vite-qera-dhe-kredi-te-buta\/","title":{"rendered":"D\u00ebmshp\u00ebrblimet, kreu i ARRSH-s\u00eb: Do vler\u00ebsohen subjektet me v\u00ebrtetim pron\u00ebsie, t\u00eb prekurit e tjer\u00eb 3 vite qera dhe kredi t\u00eb buta","gt_translate_keys":[{"key":"rendered","format":"text"}]},"content":{"rendered":"<div class=\"firstP\">\n<p><span style=\"color: #000000;\"><img loading=\"lazy\" decoding=\"async\" class=\"alignnone size-full wp-image-251916\" src=\"https:\/\/hashtag.al\/wp-content\/uploads\/2018\/11\/protesta-3.jpg\" alt=\"\" width=\"2048\" height=\"1449\" srcset=\"https:\/\/www.hashtag.al\/wp-content\/uploads\/2018\/11\/protesta-3.jpg 2048w, https:\/\/www.hashtag.al\/wp-content\/uploads\/2018\/11\/protesta-3-300x212.jpg 300w, https:\/\/www.hashtag.al\/wp-content\/uploads\/2018\/11\/protesta-3-768x543.jpg 768w, https:\/\/www.hashtag.al\/wp-content\/uploads\/2018\/11\/protesta-3-1024x725.jpg 1024w\" sizes=\"auto, (max-width: 2048px) 100vw, 2048px\" \/><\/span><\/p>\n<p><span style=\"color: #000000;\">N\u00eb lidhje me projektin e &#8220;Unaz\u00ebs s\u00eb Re&#8221; ka folur s\u00eb fundmi kreu i ARRSH-s\u00eb, Afrim Qendro i cili ka theksuar se ky projekt do t\u00eb ket\u00eb nj\u00eb risi.<\/span><\/p>\n<\/div>\n<p><span style=\"color: #000000;\">Sipas Qendros, Policia Bashkiake do t\u00eb ket\u00eb sinjalistik\u00eb t\u00eb p\u00ebrcaktuar p\u00ebr zon\u00ebn e \u201cAstirit\u201d, nd\u00ebrsa transporti publik do t\u00eb funksionoj\u00eb nj\u00ebsoj. N\u00ebse do t\u00eb duhet, tha ai, do t\u00eb vler\u00ebsojm\u00eb edhe nj\u00eb plan B.\u00a0<\/span><\/p>\n<p><span style=\"color: #000000;\">P\u00ebr shpron\u00ebsimet ai u shpreh se\u00a0do t\u00eb nis\u00eb procesi i banesave q\u00eb jan\u00eb me v\u00ebrtetim pron\u00ebsie, nd\u00ebrsa pritet q\u00eb s\u00eb shpejti t\u00eb dal\u00eb edhe nj\u00eb vendim i K\u00ebshillit t\u00eb Ministrave me vlerat p\u00ebrkat\u00ebse.<\/span><\/p>\n<p><span style=\"color: #000000;\">Ai tha m\u00eb tej se inxhinier\u00ebt dhe specialist\u00ebt q\u00eb do t\u00eb b\u00ebjn\u00eb vler\u00ebsimin e subjekeve.\u00a0 Nd\u00ebrsa p\u00ebr banor\u00ebt e prekur q\u00eb jan\u00eb pa dokumente pron\u00ebsie do t\u00eb ket\u00eb bonus qiraje p\u00ebr 3 vite dhe kredi t\u00eb buta p\u00ebr sht\u00ebpi.<\/span><\/p>\n<p><span style=\"color: #000000;\"><img loading=\"lazy\" decoding=\"async\" class=\"alignnone size-full wp-image-251915\" src=\"https:\/\/hashtag.al\/wp-content\/uploads\/2018\/11\/Protesta-1.jpg\" alt=\"\" width=\"675\" height=\"450\" srcset=\"https:\/\/www.hashtag.al\/wp-content\/uploads\/2018\/11\/Protesta-1.jpg 675w, https:\/\/www.hashtag.al\/wp-content\/uploads\/2018\/11\/Protesta-1-300x200.jpg 300w\" sizes=\"auto, (max-width: 675px) 100vw, 675px\" \/><\/span><\/p>\n","protected":false,"gt_translate_keys":[{"key":"rendered","format":"html"}]},"excerpt":{"rendered":"<p>N\u00eb lidhje me projektin e &#8220;Unaz\u00ebs s\u00eb Re&#8221; ka folur s\u00eb fundmi kreu i ARRSH-s\u00eb, Afrim Qendro i cili ka theksuar se ky projekt do t\u00eb ket\u00eb nj\u00eb risi. Sipas Qendros, Policia Bashkiake do t\u00eb ket\u00eb sinjalistik\u00eb t\u00eb p\u00ebrcaktuar p\u00ebr zon\u00ebn e \u201cAstirit\u201d, nd\u00ebrsa transporti publik do t\u00eb funksionoj\u00eb nj\u00ebsoj. N\u00ebse do t\u00eb duhet, tha [&hellip;]<\/p>\n","protected":false,"gt_translate_keys":[{"key":"rendered","format":"html"}]},"author":30,"featured_media":251916,"comment_status":"open","ping_status":"open","sticky":false,"template":"","format":"standard","meta":{"footnotes":""},"categories":[65],"tags":[],"class_list":["post-251983","post","type-post","status-publish","format-standard","has-post-thumbnail","hentry","category-lajme"],"gt_translate_keys":[{"key":"link","format":"url"}],"_links":{"self":[{"href":"https:\/\/www.hashtag.al\/index.php\/wp-json\/wp\/v2\/posts\/251983","targetHints":{"allow":["GET"]}}],"collection":[{"href":"https:\/\/www.hashtag.al\/index.php\/wp-json\/wp\/v2\/posts"}],"about":[{"href":"https:\/\/www.hashtag.al\/index.php\/wp-json\/wp\/v2\/types\/post"}],"author":[{"embeddable":true,"href":"https:\/\/www.hashtag.al\/index.php\/wp-json\/wp\/v2\/users\/30"}],"replies":[{"embeddable":true,"href":"https:\/\/www.hashtag.al\/index.php\/wp-json\/wp\/v2\/comments?post=251983"}],"version-history":[{"count":0,"href":"https:\/\/www.hashtag.al\/index.php\/wp-json\/wp\/v2\/posts\/251983\/revisions"}],"wp:featuredmedia":[{"embeddable":true,"href":"https:\/\/www.hashtag.al\/index.php\/wp-json\/wp\/v2\/media\/251916"}],"wp:attachment":[{"href":"https:\/\/www.hashtag.al\/index.php\/wp-json\/wp\/v2\/media?parent=251983"}],"wp:term":[{"taxonomy":"category","embeddable":true,"href":"https:\/\/www.hashtag.al\/index.php\/wp-json\/wp\/v2\/categories?post=251983"},{"taxonomy":"post_tag","embeddable":true,"href":"https:\/\/www.hashtag.al\/index.php\/wp-json\/wp\/v2\/tags?post=251983"}],"curies":[{"name":"wp","href":"https:\/\/api.w.org\/{rel}","templated":true}]}}