{"id":251939,"date":"2018-11-21T13:01:17","date_gmt":"2018-11-21T12:01:17","guid":{"rendered":"https:\/\/hashtag.al\/?p=251939"},"modified":"2018-11-21T13:02:56","modified_gmt":"2018-11-21T12:02:56","slug":"u-denoncua-nga-banoret-nderhyrja-te-unaza-e-re-ishte-pa-leje","status":"publish","type":"post","link":"https:\/\/www.hashtag.al\/index.php\/2018\/11\/21\/u-denoncua-nga-banoret-nderhyrja-te-unaza-e-re-ishte-pa-leje\/","title":{"rendered":"U denoncua nga banor\u00ebt, nd\u00ebrhyrja te Unaza e Re ishte pa leje","gt_translate_keys":[{"key":"rendered","format":"text"}]},"content":{"rendered":"<p><img loading=\"lazy\" decoding=\"async\" class=\"aligncenter size-full wp-image-251941\" src=\"https:\/\/hashtag.al\/wp-content\/uploads\/2018\/11\/protestaunazaere.jpg\" alt=\"\" width=\"1280\" height=\"853\" srcset=\"https:\/\/www.hashtag.al\/wp-content\/uploads\/2018\/11\/protestaunazaere.jpg 1280w, https:\/\/www.hashtag.al\/wp-content\/uploads\/2018\/11\/protestaunazaere-300x200.jpg 300w, https:\/\/www.hashtag.al\/wp-content\/uploads\/2018\/11\/protestaunazaere-768x512.jpg 768w, https:\/\/www.hashtag.al\/wp-content\/uploads\/2018\/11\/protestaunazaere-1024x682.jpg 1024w\" sizes=\"auto, (max-width: 1280px) 100vw, 1280px\" \/><\/p>\n<p><span style=\"color: #000000;\">K\u00ebshilli Komb\u00ebtar i Territorit ka vendosur n\u00eb mbledhjen e dit\u00ebs s\u00eb djeshme dh\u00ebnien e lejes p\u00ebr nd\u00ebrhyrjen te Unaza e Re. <\/span><\/p>\n<p><span style=\"color: #000000;\">Edhe pse banor\u00ebt e Unaz\u00ebs s\u00eb Re kan\u00eb 18 dit\u00eb q\u00eb protestojn\u00eb kund\u00ebr prishjes s\u00eb banesave t\u00eb tyre, KKT-ja ka miratuar vet\u00ebm dje lejen e zhvillimit p\u00ebr segmentin q\u00eb zgjerohet nga Sheshi Shqiponja te Pallati me Shigjeta. <\/span><\/p>\n<p><span style=\"color: #000000;\">Pak dit\u00eb m\u00eb par\u00eb, banor\u00ebt e Unaz\u00ebs s\u00eb Re, rr\u00ebzuan rrethimin e kantierit e nj\u00eb prej kompanive q\u00eb do merret me zbatimin e projektit. <\/span><\/p>\n<p><span style=\"color: #000000;\">Edhe Avokatja e Popullit, n\u00eb nj\u00eb deklarat\u00eb p\u00ebr mediat ka th\u00ebn\u00eb se nd\u00ebrhyrja ishte n\u00eb shkelje t\u00eb ligjit duke qen\u00eb se nuk kishte ende nj\u00eb leje nd\u00ebrtimi p\u00ebr nd\u00ebrhyrjen, leje q\u00eb \u00ebsht\u00eb miratuar n\u00eb mbledhjen e djeshme t\u00eb K\u00ebshillit Komb\u00ebtar t\u00eb Territorit. <\/span><\/p>\n<p><span style=\"color: #000000;\">Banor\u00ebt e Unaz\u00ebs s\u00eb Re, por edhe ata t\u00eb Bregut t\u00eb Lumit kan\u00eb deklaruar se nuk do i lirojn\u00eb banesat e tyre pa u d\u00ebmshp\u00ebrblyer p\u00ebr prishjen e tyre.<\/span><\/p>\n<p><img loading=\"lazy\" decoding=\"async\" class=\"aligncenter size-full wp-image-251940\" src=\"https:\/\/hashtag.al\/wp-content\/uploads\/2018\/11\/KKT21nentor.png\" alt=\"\" width=\"900\" height=\"369\" srcset=\"https:\/\/www.hashtag.al\/wp-content\/uploads\/2018\/11\/KKT21nentor.png 900w, https:\/\/www.hashtag.al\/wp-content\/uploads\/2018\/11\/KKT21nentor-300x123.png 300w, https:\/\/www.hashtag.al\/wp-content\/uploads\/2018\/11\/KKT21nentor-768x315.png 768w\" sizes=\"auto, (max-width: 900px) 100vw, 900px\" \/><\/p>\n","protected":false,"gt_translate_keys":[{"key":"rendered","format":"html"}]},"excerpt":{"rendered":"<p>K\u00ebshilli Komb\u00ebtar i Territorit ka vendosur n\u00eb mbledhjen e dit\u00ebs s\u00eb djeshme dh\u00ebnien e lejes p\u00ebr nd\u00ebrhyrjen te Unaza e Re. Edhe pse banor\u00ebt e Unaz\u00ebs s\u00eb Re kan\u00eb 18 dit\u00eb q\u00eb protestojn\u00eb kund\u00ebr prishjes s\u00eb banesave t\u00eb tyre, KKT-ja ka miratuar vet\u00ebm dje lejen e zhvillimit p\u00ebr segmentin q\u00eb zgjerohet nga Sheshi Shqiponja te [&hellip;]<\/p>\n","protected":false,"gt_translate_keys":[{"key":"rendered","format":"html"}]},"author":51,"featured_media":251942,"comment_status":"open","ping_status":"open","sticky":false,"template":"","format":"standard","meta":{"footnotes":""},"categories":[65],"tags":[],"class_list":["post-251939","post","type-post","status-publish","format-standard","has-post-thumbnail","hentry","category-lajme"],"gt_translate_keys":[{"key":"link","format":"url"}],"_links":{"self":[{"href":"https:\/\/www.hashtag.al\/index.php\/wp-json\/wp\/v2\/posts\/251939","targetHints":{"allow":["GET"]}}],"collection":[{"href":"https:\/\/www.hashtag.al\/index.php\/wp-json\/wp\/v2\/posts"}],"about":[{"href":"https:\/\/www.hashtag.al\/index.php\/wp-json\/wp\/v2\/types\/post"}],"author":[{"embeddable":true,"href":"https:\/\/www.hashtag.al\/index.php\/wp-json\/wp\/v2\/users\/51"}],"replies":[{"embeddable":true,"href":"https:\/\/www.hashtag.al\/index.php\/wp-json\/wp\/v2\/comments?post=251939"}],"version-history":[{"count":0,"href":"https:\/\/www.hashtag.al\/index.php\/wp-json\/wp\/v2\/posts\/251939\/revisions"}],"wp:featuredmedia":[{"embeddable":true,"href":"https:\/\/www.hashtag.al\/index.php\/wp-json\/wp\/v2\/media\/251942"}],"wp:attachment":[{"href":"https:\/\/www.hashtag.al\/index.php\/wp-json\/wp\/v2\/media?parent=251939"}],"wp:term":[{"taxonomy":"category","embeddable":true,"href":"https:\/\/www.hashtag.al\/index.php\/wp-json\/wp\/v2\/categories?post=251939"},{"taxonomy":"post_tag","embeddable":true,"href":"https:\/\/www.hashtag.al\/index.php\/wp-json\/wp\/v2\/tags?post=251939"}],"curies":[{"name":"wp","href":"https:\/\/api.w.org\/{rel}","templated":true}]}}