{"id":251888,"date":"2018-11-21T10:47:04","date_gmt":"2018-11-21T09:47:04","guid":{"rendered":"https:\/\/hashtag.al\/?p=251888"},"modified":"2018-11-21T15:12:22","modified_gmt":"2018-11-21T14:12:22","slug":"prishja-e-banesave-te-bregu-i-lumit-po-na-hedhin-ne-rruge-sdalim-pa-demshperblim","status":"publish","type":"post","link":"https:\/\/www.hashtag.al\/index.php\/2018\/11\/21\/prishja-e-banesave-te-bregu-i-lumit-po-na-hedhin-ne-rruge-sdalim-pa-demshperblim\/","title":{"rendered":"Prishja e banesave te Bregu i Lumit: Po na hedhin n\u00eb rrug\u00eb, s&#8217;dalim pa d\u00ebmshp\u00ebrblim","gt_translate_keys":[{"key":"rendered","format":"text"}]},"content":{"rendered":"<p><img loading=\"lazy\" decoding=\"async\" class=\"aligncenter size-full wp-image-251897\" src=\"https:\/\/hashtag.al\/wp-content\/uploads\/2018\/11\/veliaj-rama-21-nentor.png\" alt=\"\" width=\"920\" height=\"611\" srcset=\"https:\/\/www.hashtag.al\/wp-content\/uploads\/2018\/11\/veliaj-rama-21-nentor.png 920w, https:\/\/www.hashtag.al\/wp-content\/uploads\/2018\/11\/veliaj-rama-21-nentor-300x199.png 300w, https:\/\/www.hashtag.al\/wp-content\/uploads\/2018\/11\/veliaj-rama-21-nentor-768x510.png 768w\" sizes=\"auto, (max-width: 920px) 100vw, 920px\" \/><\/p>\n<p><span style=\"color: #000000;\">Pas Unaz\u00ebs s\u00eb Re, ku qeveria dhe bashkia parashikojn\u00eb t\u00eb prishin m\u00eb shum\u00eb se 300 banesa dhe biznese p\u00ebr zgjerimin e segmentit rrugor nga &#8220;Shqiponja&#8221; te &#8220;Pallati me Shigjeta&#8221;, para dy dit\u00ebsh edhe banor\u00ebt e Bregut t\u00eb Lumit jan\u00eb p\u00ebrballur me t\u00eb nj\u00ebjt\u00ebn situat\u00eb.<\/span><\/p>\n<p><span style=\"color: #000000;\">Ata jan\u00eb lajm\u00ebruar nga nj\u00eb inspektor i INUV-it q\u00eb t\u00eb lirojn\u00eb banesat e tyre brenda nj\u00eb afati 10-ditor pa asnj\u00eb t\u00eb dh\u00ebn\u00eb lidhur me trajtimin financiar t\u00eb tyre. B\u00ebhet fjal\u00eb p\u00ebr 44 banesa ku jetojn\u00eb m\u00eb shum\u00eb se aq familje.<\/span><\/p>\n<p><span style=\"color: #000000;\">Banor\u00ebt e Bregut t\u00eb Lumit, preken nga zgjatimi i &#8220;Bulevardit t\u00eb Ri&#8221;, q\u00eb pasi \u00ebsht\u00eb nd\u00ebrtuar n\u00eb 3 segmentet e para t\u00eb tij do shtrihet edhe n\u00eb segmentin e kat\u00ebrt deri n\u00eb Bregun e Lumit.<\/span><\/p>\n<p><span style=\"color: #000000;\">ALUIZNI, Bashkia dhe t\u00eb gjitha institucionet e tjera p\u00ebrgjegj\u00ebse p\u00ebr prishjen e banesave n\u00eb kuad\u00ebr t\u00eb zgjatimit t\u00eb Bulevardit, kan\u00eb deklaruar se nuk do d\u00ebmshp\u00ebrblejn\u00eb asnj\u00eb familje nga prishja e banes\u00ebs ku jetojn\u00eb prej m\u00eb shum\u00eb se 20 vitesh, duke paguar taksa dhe duke qen\u00eb n\u00eb rregull me t\u00eb gjitha detyrimet e pretenduar nga shteti ndaj tyre.<\/span><\/p>\n<p><span style=\"color: #000000;\">Banor\u00ebt tregojn\u00eb dokumentet q\u00eb kan\u00eb, duke th\u00ebn\u00eb se jan\u00eb t\u00eb ligjsh\u00ebm dhe q\u00eb t\u00eb gjith\u00eb jan\u00eb n\u00eb proces legalizimi. <\/span><\/p>\n<p><span style=\"color: #000000;\">Ata i kan\u00eb paguar t\u00eb gjitha detyrimet e k\u00ebrkuara nga shteti q\u00eb shkojn\u00eb n\u00eb disa milion\u00eb lek\u00eb\u00a0<\/span><span style=\"color: #000000;\">dhe kan\u00eb qen\u00eb n\u00eb pritje t\u00eb marrjes s\u00eb hipotek\u00ebs, t\u00eb cil\u00ebn nuk e kan\u00eb marr\u00eb p\u00ebr shkaqe vonesash burokratike n\u00eb zyrat e shtetit.<\/span><\/p>\n<p><span style=\"color: #000000;\">Nj\u00eb tjet\u00ebr problem q\u00eb v\u00ebrehet n\u00eb rastin e banor\u00ebve t\u00eb Bregut t\u00eb Lumit, \u00ebsht\u00eb se qeveria i ka d\u00ebmshp\u00ebrblyer plot\u00ebsisht banesat e prishura n\u00eb 3 segmentet e para t\u00eb Bulevardit t\u00eb Ri, q\u00eb nis te ish-stacioni i trenit dhe p\u00ebrfundon n\u00eb Bregun e Lumit. <\/span><\/p>\n<p><span style=\"color: #000000;\">Nd\u00ebrkoh\u00eb q\u00eb banor\u00ebt q\u00eb kan\u00eb jetuar vet\u00ebm pak metra larg banesave t\u00eb segmentit t\u00eb kat\u00ebrt jan\u00eb d\u00ebmshp\u00ebrblyer plot\u00ebsisht p\u00ebr banesat e tyre, banesat e 44 familjeve t\u00eb fundit nuk do d\u00ebmshp\u00ebrblehen sipas njoftimit q\u00eb u ka ardhur atyre.<\/span><\/p>\n<p><span style=\"color: #000000;\">Qindra banor\u00ebt e 44 familjeve q\u00eb preken nga prishja, do i bashkohen protest\u00ebs s\u00eb Unaz\u00ebs s\u00eb Re duke nisur nga dita e sotme, nd\u00ebrsa kan\u00eb paralajm\u00ebruar se do e p\u00ebrshkall\u00ebzojn\u00eb protest\u00ebn dhe se nuk kan\u00eb nd\u00ebrmend q\u00eb t\u00eb t\u00ebrhiqen derin n\u00eb plot\u00ebsimin e k\u00ebrkesave t\u00eb tyre pasi jo vet\u00ebm b\u00ebhet fjal\u00eb p\u00ebr \u00e7\u00ebshtje ekzistenciale, por sepse i gjith\u00eb procesi \u00ebsht\u00eb i paligjsh\u00ebm. <strong><em>\/Hashtag.al<\/em><\/strong><\/span><\/p>\n<p><img loading=\"lazy\" decoding=\"async\" class=\"aligncenter size-full wp-image-251899\" src=\"https:\/\/hashtag.al\/wp-content\/uploads\/2018\/11\/bulevardi21nentor.jpg\" alt=\"\" width=\"960\" height=\"565\" srcset=\"https:\/\/www.hashtag.al\/wp-content\/uploads\/2018\/11\/bulevardi21nentor.jpg 960w, https:\/\/www.hashtag.al\/wp-content\/uploads\/2018\/11\/bulevardi21nentor-300x177.jpg 300w, https:\/\/www.hashtag.al\/wp-content\/uploads\/2018\/11\/bulevardi21nentor-768x452.jpg 768w\" sizes=\"auto, (max-width: 960px) 100vw, 960px\" \/><\/p>\n","protected":false,"gt_translate_keys":[{"key":"rendered","format":"html"}]},"excerpt":{"rendered":"<p>Pas Unaz\u00ebs s\u00eb Re, ku qeveria dhe bashkia parashikojn\u00eb t\u00eb prishin m\u00eb shum\u00eb se 300 banesa dhe biznese p\u00ebr zgjerimin e segmentit rrugor nga &#8220;Shqiponja&#8221; te &#8220;Pallati me Shigjeta&#8221;, para dy dit\u00ebsh edhe banor\u00ebt e Bregut t\u00eb Lumit jan\u00eb p\u00ebrballur me t\u00eb nj\u00ebjt\u00ebn situat\u00eb. Ata jan\u00eb lajm\u00ebruar nga nj\u00eb inspektor i INUV-it q\u00eb t\u00eb lirojn\u00eb [&hellip;]<\/p>\n","protected":false,"gt_translate_keys":[{"key":"rendered","format":"html"}]},"author":51,"featured_media":251900,"comment_status":"open","ping_status":"open","sticky":false,"template":"","format":"standard","meta":{"footnotes":""},"categories":[22,65],"tags":[],"class_list":["post-251888","post","type-post","status-publish","format-standard","has-post-thumbnail","hentry","category-ballina","category-lajme"],"gt_translate_keys":[{"key":"link","format":"url"}],"_links":{"self":[{"href":"https:\/\/www.hashtag.al\/index.php\/wp-json\/wp\/v2\/posts\/251888","targetHints":{"allow":["GET"]}}],"collection":[{"href":"https:\/\/www.hashtag.al\/index.php\/wp-json\/wp\/v2\/posts"}],"about":[{"href":"https:\/\/www.hashtag.al\/index.php\/wp-json\/wp\/v2\/types\/post"}],"author":[{"embeddable":true,"href":"https:\/\/www.hashtag.al\/index.php\/wp-json\/wp\/v2\/users\/51"}],"replies":[{"embeddable":true,"href":"https:\/\/www.hashtag.al\/index.php\/wp-json\/wp\/v2\/comments?post=251888"}],"version-history":[{"count":0,"href":"https:\/\/www.hashtag.al\/index.php\/wp-json\/wp\/v2\/posts\/251888\/revisions"}],"wp:featuredmedia":[{"embeddable":true,"href":"https:\/\/www.hashtag.al\/index.php\/wp-json\/wp\/v2\/media\/251900"}],"wp:attachment":[{"href":"https:\/\/www.hashtag.al\/index.php\/wp-json\/wp\/v2\/media?parent=251888"}],"wp:term":[{"taxonomy":"category","embeddable":true,"href":"https:\/\/www.hashtag.al\/index.php\/wp-json\/wp\/v2\/categories?post=251888"},{"taxonomy":"post_tag","embeddable":true,"href":"https:\/\/www.hashtag.al\/index.php\/wp-json\/wp\/v2\/tags?post=251888"}],"curies":[{"name":"wp","href":"https:\/\/api.w.org\/{rel}","templated":true}]}}