{"id":251764,"date":"2018-11-20T19:13:22","date_gmt":"2018-11-20T18:13:22","guid":{"rendered":"https:\/\/hashtag.al\/?p=251764"},"modified":"2018-11-20T19:17:15","modified_gmt":"2018-11-20T18:17:15","slug":"protesta-ne-astir-reagon-kryeministri-rama","status":"publish","type":"post","link":"https:\/\/www.hashtag.al\/index.php\/2018\/11\/20\/protesta-ne-astir-reagon-kryeministri-rama\/","title":{"rendered":"Protesta n\u00eb Astir, reagon kryeministri Rama","gt_translate_keys":[{"key":"rendered","format":"text"}]},"content":{"rendered":"<p><span style=\"color: #000000;\"><img loading=\"lazy\" decoding=\"async\" class=\"alignnone size-full wp-image-251331\" src=\"https:\/\/hashtag.al\/wp-content\/uploads\/2018\/11\/protesta-19nentor.jpg\" alt=\"\" width=\"960\" height=\"629\" srcset=\"https:\/\/www.hashtag.al\/wp-content\/uploads\/2018\/11\/protesta-19nentor.jpg 960w, https:\/\/www.hashtag.al\/wp-content\/uploads\/2018\/11\/protesta-19nentor-300x197.jpg 300w, https:\/\/www.hashtag.al\/wp-content\/uploads\/2018\/11\/protesta-19nentor-768x503.jpg 768w\" sizes=\"auto, (max-width: 960px) 100vw, 960px\" \/><\/span><\/p>\n<p><span style=\"color: #000000;\">Kryeministri Edi Rama ka reaguar n\u00eb lidhje me protest\u00ebn e banor\u00ebve t\u00eb Astirit p\u00ebr projektin e &#8220;Unaz\u00ebs s\u00eb Re&#8221;. Rama \u00ebsht\u00eb shprehet se kjo \u00e7\u00ebshtje meriton nj\u00eb shtjellim t\u00eb plot\u00eb para Kuvendit.<\/span><\/p>\n<p><span style=\"color: #000000;\">&#8220;Qysh nga prishja e par\u00eb masive n\u00eb Parkun Rinia, u desh t\u00eb kalonin mbi 15 vjet prishje p\u00ebr interes publik, q\u00eb t\u00eb protestohet me k\u00ebrkes\u00ebn p\u00ebr d\u00ebmshp\u00ebrblim p\u00ebr nd\u00ebrtimet pa leje n\u00eb shtratin e rrug\u00ebs! E dini pse? Kjo s&#8217;thuhet me nj\u00eb tweet,meriton nj\u00eb shtjellim t\u00eb plot\u00eb para Kuvendit!&#8221;, shkruan Rama n\u00eb Twitter.<\/span><\/p>\n<p><span style=\"color: #000000;\">Hajd mo burr\u00eb ulu k\u00ebtu me ne dhe flasim, do ta b\u00ebsh \u201997 k\u00ebtu n\u00ebse nuk na d\u00ebmshp\u00ebrblen.\u201d K\u00ebshtu jan\u00eb shprehur sot banor\u00ebt e Astirit n\u00eb dit\u00ebn e tyre t\u00eb 17 t\u00eb protest\u00ebs ndaj kreut t\u00eb Bashkis\u00eb Erion Veliajt.\u00a0<\/span><\/p>\n<p><span style=\"color: #000000;\">N\u00eb protest\u00eb ishin edhe deputet\u00eb e opozit\u00ebs, si Endrit Braimllari, Flamur Noka, Floida K\u00ebrpa\u00e7i. T\u00eb pranish\u00ebm ishin edhe artist\u00ebt si Robert Budina, Neritan Li\u00e7aj, aktivisti Ervin Goci t\u00eb cil\u00ebt jan\u00eb shprehur ashp\u00ebr ndaj Ram\u00ebs dhe Veliajt.\u00a0<\/span><\/p>\n<p><img loading=\"lazy\" decoding=\"async\" class=\"alignnone size-full wp-image-242821\" src=\"https:\/\/hashtag.al\/wp-content\/uploads\/2018\/10\/Edi-Rama-para-g-e1539938605864.jpg\" alt=\"\" width=\"900\" height=\"540\" srcset=\"https:\/\/www.hashtag.al\/wp-content\/uploads\/2018\/10\/Edi-Rama-para-g-e1539938605864.jpg 900w, https:\/\/www.hashtag.al\/wp-content\/uploads\/2018\/10\/Edi-Rama-para-g-e1539938605864-300x180.jpg 300w, https:\/\/www.hashtag.al\/wp-content\/uploads\/2018\/10\/Edi-Rama-para-g-e1539938605864-768x461.jpg 768w\" sizes=\"auto, (max-width: 900px) 100vw, 900px\" \/><\/p>\n","protected":false,"gt_translate_keys":[{"key":"rendered","format":"html"}]},"excerpt":{"rendered":"<p>Kryeministri Edi Rama ka reaguar n\u00eb lidhje me protest\u00ebn e banor\u00ebve t\u00eb Astirit p\u00ebr projektin e &#8220;Unaz\u00ebs s\u00eb Re&#8221;. Rama \u00ebsht\u00eb shprehet se kjo \u00e7\u00ebshtje meriton nj\u00eb shtjellim t\u00eb plot\u00eb para Kuvendit. &#8220;Qysh nga prishja e par\u00eb masive n\u00eb Parkun Rinia, u desh t\u00eb kalonin mbi 15 vjet prishje p\u00ebr interes publik, q\u00eb t\u00eb protestohet [&hellip;]<\/p>\n","protected":false,"gt_translate_keys":[{"key":"rendered","format":"html"}]},"author":30,"featured_media":251331,"comment_status":"open","ping_status":"open","sticky":false,"template":"","format":"standard","meta":{"footnotes":""},"categories":[65],"tags":[],"class_list":["post-251764","post","type-post","status-publish","format-standard","has-post-thumbnail","hentry","category-lajme"],"gt_translate_keys":[{"key":"link","format":"url"}],"_links":{"self":[{"href":"https:\/\/www.hashtag.al\/index.php\/wp-json\/wp\/v2\/posts\/251764","targetHints":{"allow":["GET"]}}],"collection":[{"href":"https:\/\/www.hashtag.al\/index.php\/wp-json\/wp\/v2\/posts"}],"about":[{"href":"https:\/\/www.hashtag.al\/index.php\/wp-json\/wp\/v2\/types\/post"}],"author":[{"embeddable":true,"href":"https:\/\/www.hashtag.al\/index.php\/wp-json\/wp\/v2\/users\/30"}],"replies":[{"embeddable":true,"href":"https:\/\/www.hashtag.al\/index.php\/wp-json\/wp\/v2\/comments?post=251764"}],"version-history":[{"count":0,"href":"https:\/\/www.hashtag.al\/index.php\/wp-json\/wp\/v2\/posts\/251764\/revisions"}],"wp:featuredmedia":[{"embeddable":true,"href":"https:\/\/www.hashtag.al\/index.php\/wp-json\/wp\/v2\/media\/251331"}],"wp:attachment":[{"href":"https:\/\/www.hashtag.al\/index.php\/wp-json\/wp\/v2\/media?parent=251764"}],"wp:term":[{"taxonomy":"category","embeddable":true,"href":"https:\/\/www.hashtag.al\/index.php\/wp-json\/wp\/v2\/categories?post=251764"},{"taxonomy":"post_tag","embeddable":true,"href":"https:\/\/www.hashtag.al\/index.php\/wp-json\/wp\/v2\/tags?post=251764"}],"curies":[{"name":"wp","href":"https:\/\/api.w.org\/{rel}","templated":true}]}}