{"id":251755,"date":"2018-11-20T18:27:08","date_gmt":"2018-11-20T17:27:08","guid":{"rendered":"https:\/\/hashtag.al\/?p=251755"},"modified":"2018-11-20T18:27:08","modified_gmt":"2018-11-20T17:27:08","slug":"251755","status":"publish","type":"post","link":"https:\/\/www.hashtag.al\/index.php\/2018\/11\/20\/251755\/","title":{"rendered":"Erion Veliaj dhe \u201chasmi\u201d: Si u vu kryebashkiaku n\u00eb sh\u00ebrbim t\u00eb klientit t\u00eb radh\u00ebs","gt_translate_keys":[{"key":"rendered","format":"text"}]},"content":{"rendered":"<p><img loading=\"lazy\" decoding=\"async\" class=\"alignnone size-full wp-image-251756\" src=\"https:\/\/hashtag.al\/wp-content\/uploads\/2018\/11\/erion-veliaj-ylli-hidri.jpg\" alt=\"\" width=\"700\" height=\"652\" srcset=\"https:\/\/www.hashtag.al\/wp-content\/uploads\/2018\/11\/erion-veliaj-ylli-hidri.jpg 700w, https:\/\/www.hashtag.al\/wp-content\/uploads\/2018\/11\/erion-veliaj-ylli-hidri-300x279.jpg 300w\" sizes=\"auto, (max-width: 700px) 100vw, 700px\" \/><\/p>\n<p><span style=\"color: #000000;\">Dje, gjat\u00eb ndezjes s\u00eb dritave tek Pazari i Ri, Kryebashkiaku Veliaj nuk i rezistoi dot s\u00ebrish aktrimit n\u00eb rolin e heroit q\u00eb \u00e7on p\u00ebrpara Tiran\u00ebn, duke luftuar me armiqt\u00eb e shumt\u00eb dhe t\u00eb pam\u00ebshirsh\u00ebm q\u00eb e pengojn\u00eb n\u00eb rrug\u00ebtimin e tij heroike.<\/span><\/p>\n<p><span style=\"color: #000000;\">Duke dashur t\u00eb godas\u00eb \u201carmiqt\u00eb e radh\u00ebs\u201d, protestuesit e zon\u00ebs s\u00eb Astirit q\u00eb ai k\u00ebrkon t\u2019u shemb\u00eb padrejt\u00ebsisht dhe paligjshm\u00ebrisht sht\u00ebpit\u00eb, me nj\u00eb \u00e7ehre heroike dhe triumfaliste, Veliaj\u00a0u shpreh\u00a0se tre vjet m\u00eb par\u00eb i njejti reagim nga qytetar\u00ebt ishte b\u00ebr\u00eb kund\u00ebr zhvillimit t\u00eb Pazari i Ri, por tashm\u00eb ata q\u00eb protestuan po shijojn\u00eb frytet e pun\u00ebs s\u00eb Bashkis\u00eb.<\/span><\/p>\n<p><span style=\"color: #000000;\">P\u00ebr t\u00eb ilustruar k\u00ebt\u00eb riedukim t\u00eb qytetar\u00ebve, Veliaj tregoi historin\u00eb e Ylli Hidrit, \u201chasmit\u201d si\u00e7 e quajti ai, nj\u00ebrit prej sip\u00ebrmarr\u00ebsve tek Pazari q\u00eb e kishte kund\u00ebrshtuar me forc\u00eb projektin e rizhvillimit t\u00eb zon\u00ebs, por q\u00eb tashm\u00eb ka nj\u00eb prej sip\u00ebrmarrjeve nga m\u00eb t\u00eb suksesshme n\u00eb Tiran\u00eb, dhe kjo e gjitha fal\u00eb projektit t\u00eb Bashkis\u00eb p\u00ebr rizhvillimin e Pazarit:<\/span><\/p>\n<p><span style=\"color: #000000;\"><em>\u201cMbaj mend kur e filluam pun\u00ebn te Pazari i Ri, se Yllit i qesh buza tani, por para nj\u00eb viti e gjys\u00ebm sherr q\u00eb kam b\u00ebr\u00eb un\u00eb me Yllin, na duket lule ai te Unaza e Re.<\/em><\/span><\/p>\n<p><span style=\"color: #000000;\"><em>K\u00ebshtu thoshte dhe Ylli, \u201ck\u00ebtu do vritemi, mbi trupin tim, k\u00ebtu do derdhet gjaku, do ta mbroj me arm\u00eb\u201d. Megjithat\u00eb ja ku jemi sot! Me Yllin jo vet\u00ebm jemi b\u00ebr\u00eb shok\u00eb p\u00ebr kok\u00eb, v\u00ebllez\u00ebr, por jemi dhe bashk\u00eb-organizator\u00eb t\u00eb shum\u00eb gj\u00ebrave t\u00eb bukura q\u00eb ndodhin k\u00ebtu.<\/em><\/span><\/p>\n<p><span style=\"color: #000000;\"><em>P\u00ebr t\u00eb gjitha ata q\u00eb si Ylli para nj\u00eb vit e gjys\u00ebm, b\u00ebnin zhurm\u00eb dhe rr\u00ebmuj\u00eb, bllokonin \u00e7do investim, ja ku \u00ebsht\u00eb shembulli: sot Ylli \u00ebsht\u00eb m\u00eb mir\u00eb, Pazari \u00ebsht\u00eb m\u00eb i mir\u00eb, Tiran\u00eb \u00ebsht\u00eb m\u00eb e mir\u00eb.<\/em><\/span><\/p>\n<p><span style=\"color: #000000;\"><em>Nes\u00ebr Astiri do jet\u00eb m\u00eb mir\u00eb, Unaza e Re do jet\u00eb m\u00eb mir\u00eb, Tirana do jet\u00eb m\u00eb mir\u00eb dhe gjith\u00eb Shqip\u00ebria q\u00eb do t\u00eb kaloj\u00eb aty do t\u00eb jet\u00eb m\u00eb mir\u00eb.<\/em><\/span><\/p>\n<p><span style=\"color: #000000;\"><em>N\u00ebse kemi m\u00ebsuar nj\u00eb gj\u00eb nga e kaluara \u00ebsht\u00eb kjo: n\u00eb Tiran\u00eb, sa her\u00eb q\u00eb b\u00ebhet pun\u00eb ka gjithmon\u00eb nj\u00eb parti q\u00eb mbjell sherr, por sa her\u00eb q\u00eb tejkalohet sherri dhe mbaron puna, fiton o gjith\u00eb qyteti. Fitoi Pazari i Ri, fitoi Bulevardi, Lodrat te Liqeni, t\u00eb gjitha investimet q\u00eb kemi b\u00ebr\u00eb t\u00eb Unaza e Vog\u00ebl.\u201d<\/em><\/span><\/p>\n<p><span style=\"color: #000000;\">Por kjo rr\u00ebfenj\u00eb e kryebashkiakut heroik \u00ebsht\u00eb krejt\u00ebsisht e transformuar dhe larg t\u00eb v\u00ebrtet\u00ebs. \u00cbsht\u00eb e v\u00ebrtet\u00eb se Ylli Hidri ka pasur nj\u00eb dyqan n\u00eb zon\u00ebn e Pazarit dhe fillimisht ai ka kund\u00ebrshtuar prishjen. Por shpejt, ai \u00ebsht\u00eb kthyer n\u00eb nj\u00eb klient t\u00eb r\u00ebnd\u00ebsish\u00ebm t\u00eb Erion Veliajt\u2014\u00e7far\u00eb shpjegon edhe gjuh\u00ebn me dashuri q\u00eb Veliaj ka p\u00ebrdorur n\u00eb rr\u00ebfenj\u00ebn e tij p\u00ebr Hidrin. Veliaj i ka v\u00ebn\u00eb Hidrit n\u00eb sh\u00ebrbim bashkin\u00eb, policin\u00eb bashkiake dhe fondet publike, madje duke dhunuar t\u00eb drejt\u00ebn e pron\u00ebs s\u00eb t\u00eb pakt\u00ebn pes\u00eb familjeve dhe duke shp\u00ebrdoruar fonde publike, p\u00ebr t\u00eb prishur nd\u00ebrtimet q\u00eb i prishin perspektiv\u00ebn vil\u00ebs s\u00eb bler\u00eb nga Hidri.<\/span><\/p>\n<p><span style=\"color: #000000;\">Si kan\u00eb rrjedhur ngjarjet?<\/span><\/p>\n<p><span style=\"color: #000000;\">Ylli Hidri ka nisur t\u00eb tregtoj\u00eb peshk q\u00eb n\u00eb fund t\u00eb viteve 199o-t\u00eb, por p\u00ebr qytetar\u00ebt u b\u00eb i njohur n\u00eb vitin 2011, kur q\u00eblloi me arm\u00eb kandidatin e PD-s\u00eb p\u00ebr komun\u00ebn e Dajtit Besim Kuka. Kuka kandidonte p\u00ebrball\u00eb socialistit Kujtim Qefalia, v\u00ebllai i deputetit socialist Xhemal Qefalia, dhe kunat i Ylli Hidrit. Menj\u00ebher\u00eb pas incidentit me arm\u00eb, Hidri u largua nga vendngjarja dhe kur u ndalua nga policia, n\u00eb makin\u00eb nuk iu gjet arm\u00eb, ndaj u la i lir\u00eb dhe \u00e7\u00ebshtja u mbyll aty.<\/span><\/p>\n<p><span style=\"color: #000000;\">Kujtim Qefalia ka drejtuar komun\u00ebn Dajt nga viti 2007 deri n\u00eb vitin 2015, kur Dajti ju bashkua Tiran\u00ebs. Gjat\u00eb k\u00ebsaj kohe, Ylli Hidri p\u00ebrfitoi nj\u00eb licens\u00ebn p\u00ebr linj\u00ebn e autobuz\u00ebve t\u00eb Tiran\u00eb-Dajt.<\/span><\/p>\n<p><span style=\"color: #000000;\">Po n\u00eb 2011-\u00ebn, pas zgjedhjeve lokale, Hidri hapi restorantin e tij t\u00eb par\u00eb tek zona e Pazarit t\u00eb Ri. N\u00eb\u00a0nj\u00eb intervist\u00eb\u00a0p\u00ebr Dritare.net, Ylli Hidri shprehet:<\/span><\/p>\n<blockquote><p><span style=\"color: #000000;\"><em>\u201cN\u00eb 1 dhjetor 2011, hapa restorantin tim t\u00eb par\u00eb. Te ish-markata e vjet\u00ebr ishte markata e mishit dhe un\u00eb n\u00eb krah. Pasi e diskutuam, vendosa q\u00eb t\u00eb lija nj\u00eb em\u00ebr t\u00eb thjesht\u00eb, vet\u00ebm \u201cMarkat\u00eb e peshkut.\u201d<\/em><\/span><\/p><\/blockquote>\n<p><span style=\"color: #000000;\">N\u00eb vitin 2015, Bashkia Tiran\u00eb nis projektin p\u00ebr rikonstruksionin e zon\u00ebs, dhe Ylli tregon se fillimisht ishte kund\u00ebr:<\/span><\/p>\n<blockquote><p><span style=\"color: #000000;\"><em>\u201cN\u00eb 2015, kur u prezantua projekti p\u00ebr rikonstruksionin e zon\u00ebs s\u00eb Pazarit t\u00eb Ri, na erdhi urdh\u00ebr p\u00ebr lirimin e ambienteve. Un\u00eb nuk doja ta lija, pasi ishte nj\u00eb investim prej tre vitesh dhe kisha frik\u00ebn se me ndryshimin e ambientit, do t\u00eb m\u00eb l\u00ebvizte dhe klientela. P\u00ebr k\u00ebt\u00eb arsye pata edhe p\u00ebrplasje me polic\u00ebt.\u201d<\/em><\/span><\/p><\/blockquote>\n<p><span style=\"color: #000000;\">Po m\u00eb pas ai tregon se si bleu vil\u00ebn, q\u00eb sot \u00ebsht\u00eb restoranti t\u00eb cilit Veliaj i referohet si sukses. P\u00ebr m\u00ebnyr\u00ebn se si Ylli e bleu vil\u00ebn ka dy deklarata:<\/span><\/p>\n<blockquote><p><span style=\"color: #000000;\"><em>Nj\u00ebra\u00a0n\u00eb faqen zyrtare\u00a0t\u00eb Markat\u00ebs s\u00eb Peshkut, ku me nj\u00eb anglishte t\u00eb \u00e7al\u00eb, Ylli tregon se \u201cRecently, he told me that a villa in the New Bazaar area is empty and sold.\u201d [gabimet n\u00eb anglisht t\u00eb origjinalit], ku l\u00eb t\u00eb n\u00ebnkuptohet se kryebashkiaku Veliaj e ka njoftuar q\u00eb nj\u00eb vil\u00eb tek Pazari i Ri \u00ebsht\u00eb bosh dhe n\u00eb shitje.<\/em><\/span><\/p><\/blockquote>\n<p><span style=\"color: #000000;\">Nd\u00ebrsa n\u00eb intervist\u00ebn p\u00ebr Dritare.net, Ylli shprehet:<\/span><\/p>\n<blockquote><p><span style=\"color: #000000;\"><em>\u201cPara disa koh\u00ebsh, m\u00eb than\u00eb se nj\u00eb vil\u00eb n\u00eb zon\u00ebn e Pazarit t\u00eb Ri \u00ebsht\u00eb bosh dhe shitet. M\u00eb p\u00eblqente shum\u00eb si vil\u00eb, nuk doja t\u00eb shk\u00ebputesha nga Pazari i Ri, prandaj e bleva edhe pse pazari ishte n\u00eb fillim t\u00eb nd\u00ebrtimeve e ishte me rrezik si do t\u00eb shkonte.\u201d<\/em><\/span><\/p><\/blockquote>\n<p><span style=\"color: #000000;\">Vila p\u00ebr t\u00eb cil\u00ebn Hidri flet, m\u00eb par\u00eb ka sh\u00ebrbyer si kop\u00ebsht f\u00ebmij\u00ebsh, por, n\u00eb fillim t\u00eb viteve 1990-t\u00eb, vila iu kthye pronar\u00ebve dhe kishte vite q\u00eb n\u00eb t\u00eb nuk kishte asnj\u00eb aktivitet. N\u00eb vitin 2015, Hidri k\u00ebrkoi t\u2019ja blej\u00eb pronar\u00ebve pasi m\u00ebsoi p\u00ebr projektin e Bashkis\u00eb p\u00ebr rizhvillimin e zones, \u00e7far\u00eb do t\u00eb rriste vler\u00ebn e pasurive t\u00eb patundshme p\u00ebrqark.<\/span><\/p>\n<p><span style=\"color: #000000;\">Por vila rrethohej nga pes\u00eb dyqane, pron\u00eb e pes\u00eb familjeve t\u00eb tjera, t\u00eb cilat pengonin fush\u00ebpamjen e vil\u00ebs. Ylli Hidri vendosi t\u2019i prish\u00eb k\u00ebto dyqane. Vet\u00eb ai \u00ebsht\u00eb shprehur:<\/span><\/p>\n<blockquote><p><span style=\"color: #000000;\"><em>\u201cVila ishte e rrethuar me pes\u00eb dyqanet e veta. P\u00ebr ta hapur m\u00eb tep\u00ebr ambientin,\u00a0 i k\u00ebrkova Bashkis\u00eb t\u00eb vinin p\u00ebr t\u2019i shembur.\u201d<\/em><\/span><\/p><\/blockquote>\n<p><span style=\"color: #000000;\">Deklarata ngjan absurde pasi Bashkia nuk mund t\u00eb prish\u00eb pronat e t\u00eb tjer\u00ebve, vet\u00ebm se pse nuk i p\u00eblqenin Hidrit. Por n\u00eb t\u00eb v\u00ebrtet\u00eb Bashkia Tiran\u00eb, n\u00eb shkelje t\u00eb s\u00eb drejt\u00ebs s\u00eb familjeve pronare, i prishi dyqanet p\u00ebr t\u2019i hapur pamjen Ylli Hidrit.<\/span><\/p>\n<p><span style=\"color: #000000;\">N\u00eb at\u00eb koh\u00eb, familjet e prekura e denoncuan prishjen e pronave t\u00eb tyre pa t\u00eb drejt\u00eb. Merita Bollati, Doloreza Qoli, Emanuela Kaimi, Sana Velaj dhe Bajame Ko\u00e7i pronaret e dyqaneve,\u00a0<a style=\"color: #000000;\" href=\"https:\/\/www.faxweb.al\/pronaret-te-pazari-i-ri-rrezikojne-te-humbasin-dyqanet-deshmite-loja-e-bashkise-se-tiranes-na-kercenuan-per-te-hequr-dore\/\" target=\"_blank\" rel=\"noopener\">treguan<\/a>\u00a0p\u00ebr FaxWeb, se ishin k\u00ebrc\u00ebnuar nga Ylli Hidri, pasi nuk kishin r\u00ebn\u00eb dakord p\u00ebr t\u2019ja shitur ambientet.<\/span><\/p>\n<p><span style=\"color: #000000;\">\u201dM\u00eb ka k\u00ebrc\u00ebnuar me jet\u00eb, n\u00eb mes t\u00eb pazarit. \u2018Do t\u00eb \u00e7aj zorr\u00ebt\u2019 m\u00eb tha\u201d, rr\u00ebfeu Zonja Qoli, duke shtuar se edhe pse polici qe prezent p\u00ebr t\u00eb regjistruar ngjarjen, e fshiu nga kamera e tij t\u00eb gjith\u00eb d\u00ebshmin\u00eb.<\/span><\/p>\n<p><span style=\"color: #000000;\">Pronar\u00ebt b\u00ebn\u00eb dy kall\u00ebzime n\u00eb polici, por nuk mor\u00ebn asnj\u00eb reagim prej tyre. Ata u ankuan edhe pran\u00eb Bashkis\u00eb Tiran\u00eb, por as nga bashkia nuk mor\u00ebn p\u00ebrgjigje, duke treguar edhe nj\u00ebher\u00eb se n\u00eb krahun e kujt ishte kryebashkiaku Veliaj.<\/span><\/p>\n<p><span style=\"color: #000000;\">Pas prishjes s\u00eb dyqaneve p\u00ebrreth, Hidri p\u00ebrfitoi nga Bashkia, me fonde publike, rikonstruksionin e fasad\u00ebs s\u00eb vil\u00ebs, e cila u p\u00ebrfshi n\u00eb projektin e p\u00ebrgjithsh\u00ebm t\u00eb rizhvillimit t\u00eb zon\u00ebs.<\/span><\/p>\n<p><span style=\"color: #000000;\">N\u00eb mars 2017, Veliaj inaguroi rikonstruktimin e Pazarit t\u00eb Ri dhe Ylli Hidri nisi pun\u00ebn n\u00eb biznesin e tij t\u00eb ri, tashm\u00eb pa dyqane q\u00eb i prishnin pamjen dhe me nj\u00eb fasad\u00eb t\u00eb b\u00ebr\u00eb me fondet publike.<\/span><\/p>\n<p><span style=\"color: #000000;\">Dje, Kryebashkiaku e quajti Hidrin \u201chas\u00ebm\u201d dhe tha se \u201cYlli si sip\u00ebrmarr\u00ebs \u00ebsht\u00eb m\u00eb mir\u00eb, pasi Pazari i Ri \u00ebsht\u00eb m\u00eb mir\u00eb\u201d dhe kjo e gjitha fal\u00eb pun\u00ebs s\u00eb Bashkis\u00eb Tiran\u00eb. N\u00eb t\u00eb v\u00ebrtet\u00eb, sot Ylli Hidri dhe biznesi i tij jan\u00eb m\u00eb mir\u00eb vet\u00ebm p\u00ebr faktin se Bashkia Tiran\u00eb dhe Erion Veliaj u vu n\u00ebn sh\u00ebrbimin e tij, n\u00eb shkelje t\u00eb t\u00eb drejtave t\u00eb pronar\u00ebve t\u00eb tjer\u00eb dhe duke abuzuar me fondet publike.<\/span><\/p>\n<p><strong>Vini re:<\/strong> Ky shkrim \u00ebsht\u00eb pron\u00ebsi intelektuale e<span style=\"color: #0000ff;\"><a style=\"color: #0000ff;\" href=\"https:\/\/exit.al\/2018\/11\/erion-veliaj-dhe-hasmi-si-u-vu-kryebashkiaku-ne-sherbim-te-klientit-te-radhes\/\"> Exit.al<\/a><\/span><\/p>\n","protected":false,"gt_translate_keys":[{"key":"rendered","format":"html"}]},"excerpt":{"rendered":"<p>Dje, gjat\u00eb ndezjes s\u00eb dritave tek Pazari i Ri, Kryebashkiaku Veliaj nuk i rezistoi dot s\u00ebrish aktrimit n\u00eb rolin e heroit q\u00eb \u00e7on p\u00ebrpara Tiran\u00ebn, duke luftuar me armiqt\u00eb e shumt\u00eb dhe t\u00eb pam\u00ebshirsh\u00ebm q\u00eb e pengojn\u00eb n\u00eb rrug\u00ebtimin e tij heroike. Duke dashur t\u00eb godas\u00eb \u201carmiqt\u00eb e radh\u00ebs\u201d, protestuesit e zon\u00ebs s\u00eb Astirit q\u00eb [&hellip;]<\/p>\n","protected":false,"gt_translate_keys":[{"key":"rendered","format":"html"}]},"author":30,"featured_media":251756,"comment_status":"open","ping_status":"open","sticky":false,"template":"","format":"standard","meta":{"footnotes":""},"categories":[65],"tags":[],"class_list":["post-251755","post","type-post","status-publish","format-standard","has-post-thumbnail","hentry","category-lajme"],"gt_translate_keys":[{"key":"link","format":"url"}],"_links":{"self":[{"href":"https:\/\/www.hashtag.al\/index.php\/wp-json\/wp\/v2\/posts\/251755","targetHints":{"allow":["GET"]}}],"collection":[{"href":"https:\/\/www.hashtag.al\/index.php\/wp-json\/wp\/v2\/posts"}],"about":[{"href":"https:\/\/www.hashtag.al\/index.php\/wp-json\/wp\/v2\/types\/post"}],"author":[{"embeddable":true,"href":"https:\/\/www.hashtag.al\/index.php\/wp-json\/wp\/v2\/users\/30"}],"replies":[{"embeddable":true,"href":"https:\/\/www.hashtag.al\/index.php\/wp-json\/wp\/v2\/comments?post=251755"}],"version-history":[{"count":0,"href":"https:\/\/www.hashtag.al\/index.php\/wp-json\/wp\/v2\/posts\/251755\/revisions"}],"wp:featuredmedia":[{"embeddable":true,"href":"https:\/\/www.hashtag.al\/index.php\/wp-json\/wp\/v2\/media\/251756"}],"wp:attachment":[{"href":"https:\/\/www.hashtag.al\/index.php\/wp-json\/wp\/v2\/media?parent=251755"}],"wp:term":[{"taxonomy":"category","embeddable":true,"href":"https:\/\/www.hashtag.al\/index.php\/wp-json\/wp\/v2\/categories?post=251755"},{"taxonomy":"post_tag","embeddable":true,"href":"https:\/\/www.hashtag.al\/index.php\/wp-json\/wp\/v2\/tags?post=251755"}],"curies":[{"name":"wp","href":"https:\/\/api.w.org\/{rel}","templated":true}]}}