{"id":251713,"date":"2018-11-20T17:03:11","date_gmt":"2018-11-20T16:03:11","guid":{"rendered":"https:\/\/hashtag.al\/?p=251713"},"modified":"2018-11-20T17:04:44","modified_gmt":"2018-11-20T16:04:44","slug":"ahmetaj-flet-per-rritje-ekonomike-kemi-ulur-papunesine-dhe-borxhin-publik","status":"publish","type":"post","link":"https:\/\/www.hashtag.al\/index.php\/2018\/11\/20\/ahmetaj-flet-per-rritje-ekonomike-kemi-ulur-papunesine-dhe-borxhin-publik\/","title":{"rendered":"Ahmetaj flet p\u00ebr rritje ekonomike: Kemi ulur papun\u00ebsin\u00eb dhe borxhin publik","gt_translate_keys":[{"key":"rendered","format":"text"}]},"content":{"rendered":"<p><span style=\"color: #000000;\"><img loading=\"lazy\" decoding=\"async\" class=\"alignnone size-full wp-image-220423\" src=\"https:\/\/hashtag.al\/wp-content\/uploads\/2018\/07\/Ahmetaj-e1533038186644.jpg\" alt=\"\" width=\"691\" height=\"498\" \/><\/span><\/p>\n<p><span style=\"color: #000000;\">Ministri i Financave dhe Ekonomis\u00eb Arben Ahmetaj n\u00eb\u00a0kuad\u00ebr t\u00eb mbylljes s\u00eb misionit t\u00eb radh\u00ebs t\u00eb Fondit Monetar Nd\u00ebrkomb\u00ebtar n\u00eb Tiran\u00eb u shpreh se ekonomia e vendit po ec\u00ebn me rritme shum\u00eb t\u00eb mira. Ai ka theksuar se\u00a0\u00a0\u00ebsht\u00eb ulur papun\u00ebsia dhe borxhin publik n\u00eb vend.\u00a0<\/span><\/p>\n<p><span style=\"color: #000000;\">&#8220;Rritja ekonomike ka vijuar t\u00eb p\u00ebrshpejtohet. P\u00ebr 6 muaj e par\u00eb rritja n\u00eb nivelin 4.4% nga 3.8 q\u00eb ishte n\u00eb 2017, e pritet t\u00eb jet\u00eb mbi 4 gjat\u00eb gjith\u00eb vitit.<\/span><\/p>\n<div id=\"videoad\"><span style=\"color: #000000;\">\u00a0Rritja n\u00eb gjysm\u00ebn e par\u00eb t\u00eb vitit 2018 \u00ebsht\u00eb gjeneruar kryesisht nga k\u00ebrkesa e brendshme. Konsumi, rritje reale me 2.7%. Investimet totale p\u00ebr 6 muaj rritje me 2.8%. Thuajse t\u00eb gjith\u00eb sektor\u00ebt e prodhimit kan\u00eb rezultuar me rritje pozitive. Eksportet e mallrave jan\u00eb rritur me 16% kundrejt nj\u00eb vitit m\u00eb par\u00eb. Muaji tetor pati nj\u00eb rritje prej 21%. Deficiti tregtar \u00ebsht\u00eb p\u00ebrmir\u00ebsuar ndjesh\u00ebm, me 8%. Zgjerimi i aktivitetit ekonomik \u00ebsht\u00eb reflektuar dhe n\u00eb tregun e pun\u00ebs. Papun\u00ebsia ka nisur t\u00eb bjer\u00eb dhe pun\u00ebsimi \u00ebsht\u00eb rritur. Pritet r\u00ebnie e borxhit publik.&#8221;, u shpreh ministri i Ekonomis\u00eb, Arben Ahmetaj.<\/span><\/div>\n<div><span style=\"color: #000000;\"><img loading=\"lazy\" decoding=\"async\" class=\"alignnone size-full wp-image-177184\" src=\"https:\/\/hashtag.al\/wp-content\/uploads\/2018\/04\/ben-ahmetaj-e1522834363504.jpg\" alt=\"\" width=\"1016\" height=\"645\" \/><\/span><\/div>\n<p>&nbsp;<\/p>\n<p>&nbsp;<\/p>\n","protected":false,"gt_translate_keys":[{"key":"rendered","format":"html"}]},"excerpt":{"rendered":"<p>Ministri i Financave dhe Ekonomis\u00eb Arben Ahmetaj n\u00eb\u00a0kuad\u00ebr t\u00eb mbylljes s\u00eb misionit t\u00eb radh\u00ebs t\u00eb Fondit Monetar Nd\u00ebrkomb\u00ebtar n\u00eb Tiran\u00eb u shpreh se ekonomia e vendit po ec\u00ebn me rritme shum\u00eb t\u00eb mira. Ai ka theksuar se\u00a0\u00a0\u00ebsht\u00eb ulur papun\u00ebsia dhe borxhin publik n\u00eb vend.\u00a0 &#8220;Rritja ekonomike ka vijuar t\u00eb p\u00ebrshpejtohet. P\u00ebr 6 muaj e par\u00eb [&hellip;]<\/p>\n","protected":false,"gt_translate_keys":[{"key":"rendered","format":"html"}]},"author":30,"featured_media":220423,"comment_status":"open","ping_status":"open","sticky":false,"template":"","format":"standard","meta":{"footnotes":""},"categories":[65],"tags":[],"class_list":["post-251713","post","type-post","status-publish","format-standard","has-post-thumbnail","hentry","category-lajme"],"gt_translate_keys":[{"key":"link","format":"url"}],"_links":{"self":[{"href":"https:\/\/www.hashtag.al\/index.php\/wp-json\/wp\/v2\/posts\/251713","targetHints":{"allow":["GET"]}}],"collection":[{"href":"https:\/\/www.hashtag.al\/index.php\/wp-json\/wp\/v2\/posts"}],"about":[{"href":"https:\/\/www.hashtag.al\/index.php\/wp-json\/wp\/v2\/types\/post"}],"author":[{"embeddable":true,"href":"https:\/\/www.hashtag.al\/index.php\/wp-json\/wp\/v2\/users\/30"}],"replies":[{"embeddable":true,"href":"https:\/\/www.hashtag.al\/index.php\/wp-json\/wp\/v2\/comments?post=251713"}],"version-history":[{"count":0,"href":"https:\/\/www.hashtag.al\/index.php\/wp-json\/wp\/v2\/posts\/251713\/revisions"}],"wp:featuredmedia":[{"embeddable":true,"href":"https:\/\/www.hashtag.al\/index.php\/wp-json\/"}],"wp:attachment":[{"href":"https:\/\/www.hashtag.al\/index.php\/wp-json\/wp\/v2\/media?parent=251713"}],"wp:term":[{"taxonomy":"category","embeddable":true,"href":"https:\/\/www.hashtag.al\/index.php\/wp-json\/wp\/v2\/categories?post=251713"},{"taxonomy":"post_tag","embeddable":true,"href":"https:\/\/www.hashtag.al\/index.php\/wp-json\/wp\/v2\/tags?post=251713"}],"curies":[{"name":"wp","href":"https:\/\/api.w.org\/{rel}","templated":true}]}}