{"id":251435,"date":"2018-11-19T18:20:45","date_gmt":"2018-11-19T17:20:45","guid":{"rendered":"https:\/\/hashtag.al\/?p=251435"},"modified":"2018-11-19T18:23:25","modified_gmt":"2018-11-19T17:23:25","slug":"251435","status":"publish","type":"post","link":"https:\/\/www.hashtag.al\/index.php\/2018\/11\/19\/251435\/","title":{"rendered":"Protesta n\u00eb Astir, shoq\u00ebrohen n\u00eb polici 6 banor\u00eb","gt_translate_keys":[{"key":"rendered","format":"text"}]},"content":{"rendered":"<p><img loading=\"lazy\" decoding=\"async\" class=\"alignnone size-full wp-image-251413\" src=\"https:\/\/hashtag.al\/wp-content\/uploads\/2018\/11\/banoret-555.png\" alt=\"\" width=\"746\" height=\"452\" srcset=\"https:\/\/www.hashtag.al\/wp-content\/uploads\/2018\/11\/banoret-555.png 746w, https:\/\/www.hashtag.al\/wp-content\/uploads\/2018\/11\/banoret-555-300x182.png 300w\" sizes=\"auto, (max-width: 746px) 100vw, 746px\" \/><\/p>\n<p><span style=\"color: #000000;\">Pas p\u00ebrplasjeve mes banor\u00ebve\u00a0 dhe policis\u00eb n\u00eb protest\u00ebn e Astirit jan\u00eb shoq\u00ebruar n\u00eb Komisariatin nr.6 disa prej tyre. <\/span><\/p>\n<p><span style=\"color: #000000;\">M\u00ebsohet se n\u00eb polici jan\u00eb shoq\u00ebruar G\u00ebzim Sadikaj, Edmond Frangu, Arben Qyrani, Armando Gishto, Shp\u00ebtim Billo dhe\u00a0 Paolo Ahmetcenaj, 17 vje\u00e7.\u00a0 \u00a0Banor\u00ebt kan\u00eb tentuar t\u00eb prishin rrethimin e kantierit t\u00eb par\u00eb q\u00eb \u00ebsht\u00eb ngritur p\u00ebr t\u00eb nd\u00ebrtuar\u00a0 &#8220;Unaz\u00ebn e Re&#8221; dhe jan\u00eb p\u00ebrplasur me policin\u00eb.\u00a0<\/span><\/p>\n<p><span style=\"color: #000000;\">FNSH dhe policia nuk ka lejuar banor\u00ebt\u00a0 t\u00eb futen n\u00eb kantier por k\u00ebta t\u00eb fundit kan\u00eb mundur.\u00a0\u00a0&#8220;Nuk largohemi pa na sjell\u00eb v\u00ebllez\u00ebrit tan\u00eb. Ky \u00ebsht\u00eb nj\u00eb turp po k\u00ebrkojm\u00eb t\u00eb drejtat tona. Nuk na merrni dot tokat pa na d\u00ebmshp\u00ebrblyer.\u00a0Mos na b\u00ebni presione dit\u00eb e nat\u00eb. Na vini me makina t\u00eb shtrenjta dhe na b\u00ebni presion. Nuk kemi frik\u00eb nga ju, lironi djemt\u00eb tan\u00eb. Mos i provokoni qytetar\u00ebt, shikoni hallet tuaja. Do ta b\u00ebsh &#8217;97 &#8216;Unaz\u00ebn e Re&#8217;, sht\u00ebpit\u00eb do i mbrojm\u00eb me gjak.&#8221;, shprehen qytetar\u00ebt.\u00a0<\/span><\/p>\n<p><span style=\"color: #000000;\">Sot \u00ebsht\u00eb dita e 16-t\u00eb protest\u00ebs dhe ata k\u00ebrkojn\u00eb d\u00ebmshp\u00ebrblim me vler\u00ebn e tregut n\u00ebse banesat e tyre prishen nga projekti i &#8220;Unaz\u00ebs s\u00eb Re&#8221;.<\/span><\/p>\n<p><img loading=\"lazy\" decoding=\"async\" class=\"alignnone size-full wp-image-251407\" src=\"https:\/\/hashtag.al\/wp-content\/uploads\/2018\/11\/banoret.png\" alt=\"\" width=\"785\" height=\"452\" srcset=\"https:\/\/www.hashtag.al\/wp-content\/uploads\/2018\/11\/banoret.png 785w, https:\/\/www.hashtag.al\/wp-content\/uploads\/2018\/11\/banoret-300x173.png 300w, https:\/\/www.hashtag.al\/wp-content\/uploads\/2018\/11\/banoret-768x442.png 768w\" sizes=\"auto, (max-width: 785px) 100vw, 785px\" \/><\/p>\n<p>&nbsp;<\/p>\n<p>&nbsp;<\/p>\n<p>&nbsp;<\/p>\n<p>&nbsp;<\/p>\n","protected":false,"gt_translate_keys":[{"key":"rendered","format":"html"}]},"excerpt":{"rendered":"<p>Pas p\u00ebrplasjeve mes banor\u00ebve\u00a0 dhe policis\u00eb n\u00eb protest\u00ebn e Astirit jan\u00eb shoq\u00ebruar n\u00eb Komisariatin nr.6 disa prej tyre. M\u00ebsohet se n\u00eb polici jan\u00eb shoq\u00ebruar G\u00ebzim Sadikaj, Edmond Frangu, Arben Qyrani, Armando Gishto, Shp\u00ebtim Billo dhe\u00a0 Paolo Ahmetcenaj, 17 vje\u00e7.\u00a0 \u00a0Banor\u00ebt kan\u00eb tentuar t\u00eb prishin rrethimin e kantierit t\u00eb par\u00eb q\u00eb \u00ebsht\u00eb ngritur p\u00ebr t\u00eb nd\u00ebrtuar\u00a0 [&hellip;]<\/p>\n","protected":false,"gt_translate_keys":[{"key":"rendered","format":"html"}]},"author":30,"featured_media":251413,"comment_status":"open","ping_status":"open","sticky":false,"template":"","format":"standard","meta":{"footnotes":""},"categories":[65],"tags":[],"class_list":["post-251435","post","type-post","status-publish","format-standard","has-post-thumbnail","hentry","category-lajme"],"gt_translate_keys":[{"key":"link","format":"url"}],"_links":{"self":[{"href":"https:\/\/www.hashtag.al\/index.php\/wp-json\/wp\/v2\/posts\/251435","targetHints":{"allow":["GET"]}}],"collection":[{"href":"https:\/\/www.hashtag.al\/index.php\/wp-json\/wp\/v2\/posts"}],"about":[{"href":"https:\/\/www.hashtag.al\/index.php\/wp-json\/wp\/v2\/types\/post"}],"author":[{"embeddable":true,"href":"https:\/\/www.hashtag.al\/index.php\/wp-json\/wp\/v2\/users\/30"}],"replies":[{"embeddable":true,"href":"https:\/\/www.hashtag.al\/index.php\/wp-json\/wp\/v2\/comments?post=251435"}],"version-history":[{"count":0,"href":"https:\/\/www.hashtag.al\/index.php\/wp-json\/wp\/v2\/posts\/251435\/revisions"}],"wp:featuredmedia":[{"embeddable":true,"href":"https:\/\/www.hashtag.al\/index.php\/wp-json\/wp\/v2\/media\/251413"}],"wp:attachment":[{"href":"https:\/\/www.hashtag.al\/index.php\/wp-json\/wp\/v2\/media?parent=251435"}],"wp:term":[{"taxonomy":"category","embeddable":true,"href":"https:\/\/www.hashtag.al\/index.php\/wp-json\/wp\/v2\/categories?post=251435"},{"taxonomy":"post_tag","embeddable":true,"href":"https:\/\/www.hashtag.al\/index.php\/wp-json\/wp\/v2\/tags?post=251435"}],"curies":[{"name":"wp","href":"https:\/\/api.w.org\/{rel}","templated":true}]}}