{"id":251412,"date":"2018-11-19T17:40:37","date_gmt":"2018-11-19T16:40:37","guid":{"rendered":"https:\/\/hashtag.al\/?p=251412"},"modified":"2018-11-19T18:27:34","modified_gmt":"2018-11-19T17:27:34","slug":"banoret-e-astirit-perplasen-me-policine-tentojne-te-futen-ne-kantierin-e-unazes-se-re","status":"publish","type":"post","link":"https:\/\/www.hashtag.al\/index.php\/2018\/11\/19\/banoret-e-astirit-perplasen-me-policine-tentojne-te-futen-ne-kantierin-e-unazes-se-re\/","title":{"rendered":"Banor\u00ebt e Astirit p\u00ebrplasen me policin\u00eb, shoq\u00ebrohen 6 persona","gt_translate_keys":[{"key":"rendered","format":"text"}]},"content":{"rendered":"<p><span style=\"color: #000000;\"><img loading=\"lazy\" decoding=\"async\" class=\"alignnone size-full wp-image-251413\" src=\"https:\/\/hashtag.al\/wp-content\/uploads\/2018\/11\/banoret-555.png\" alt=\"\" width=\"746\" height=\"452\" srcset=\"https:\/\/www.hashtag.al\/wp-content\/uploads\/2018\/11\/banoret-555.png 746w, https:\/\/www.hashtag.al\/wp-content\/uploads\/2018\/11\/banoret-555-300x182.png 300w\" sizes=\"auto, (max-width: 746px) 100vw, 746px\" \/><\/span><\/p>\n<p><span style=\"color: #000000;\">P\u00ebrplasje mes banor\u00ebve dhe policis\u00eb ka ndodhur mb\u00ebrmjen e sotme n\u00eb protest\u00ebn e Astirit. Banor\u00ebt kan\u00eb tentuar t\u00eb prishin rrethimin e kantierit t\u00eb par\u00eb q\u00eb \u00ebsht\u00eb ngritur p\u00ebr t\u00eb nd\u00ebrtuar\u00a0 &#8220;Unaz\u00ebn e Re&#8221; dhe jan\u00eb p\u00ebrplasur me policin\u00eb.<\/span><\/p>\n<p><span style=\"color: #000000;\">FNSH dhe policia nuk i\u00a0 kan\u00eb lejuar\u00a0 banor\u00ebt t\u00eb futen n\u00eb kantier por k\u00ebta t\u00eb fundit kan\u00eb mundur.\u00a0 M\u00ebsohet se disa prej tyre jan\u00eb shoq\u00ebruar n\u00eb polici dhe jan\u00eb:\u00a0G\u00ebzim Sadikaj, Edmond Frangu, Arben Qyrani, Armando Gishto, Shp\u00ebtim Billo dhe\u00a0 Paolo Ahmetcenaj, 17 vje\u00e7.\u00a0 \u00a0<\/span><\/p>\n<p><span style=\"color: #000000;\">\u00a0 &#8220;Nuk largohemi pa na sjell\u00eb v\u00ebllez\u00ebrit tan\u00eb. Ky \u00ebsht\u00eb nj\u00eb turp po k\u00ebrkojm\u00eb t\u00eb drejtat tona. Nuk na merrni dot tokat pa na d\u00ebmshp\u00ebrblyer.\u00a0Mos na b\u00ebni presione dit\u00eb e nat\u00eb. Na vini me makina t\u00eb shtrenjta dhe na b\u00ebni presion. Nuk kemi frik\u00eb nga ju, lironi djemt\u00eb tan\u00eb. Mos i provokoni qytetar\u00ebt, shikoni hallet tuaja. Do ta b\u00ebsh &#8217;97 &#8216;Unaz\u00ebn e Re&#8217;, sht\u00ebpit\u00eb do i mbrojm\u00eb me gjak.&#8221;, shprehen qytetar\u00ebt.\u00a0\u00a0Sot \u00ebsht\u00eb dita e 16-t\u00eb protest\u00ebs dhe ata k\u00ebrkojn\u00eb d\u00ebmshp\u00ebrblim me vler\u00ebn e tregut n\u00ebse banesat e tyre prishen.\u00a0<\/span><\/p>\n<p><span style=\"color: #000000;\">&#8220;Posht\u00eb hajdut\u00ebt&#8221;, &#8220;Qeveri hajdute&#8221;, &#8220;Do vijm\u00eb,do vijm\u00eb do ta gjejm\u00eb sht\u00ebpin\u00eb&#8221;, &#8220;Turp, Turp&#8221;, jan\u00eb thirrjet e banor\u00ebve.\u00a0 Ata kan\u00eb bllokuar s\u00ebrish k\u00ebt\u00eb aks rrugor.\u00a0<\/span><\/p>\n<p><span style=\"color: #000000;\">Deputet\u00eb e opozit\u00ebs si Klevis Balliu dhe Endrit Braimllari ndodhen pran\u00eb protestuesve.\u00a0<\/span><\/p>\n<p><span style=\"color: #000000;\">&#8220;Kam qen\u00eb nj\u00eb admirues i Ram\u00ebs dhe Erion Veliajt, kjo q\u00eb po ndodh tani \u00ebsht\u00eb nj\u00eb katastrof\u00eb. Qeveria shqiptare po na pi gjakun. Nuk u ngop\u00ebn. Po na sjellin mafien k\u00ebtu mes f\u00ebmij\u00ebve dhe po na marrin pronat&#8221;, u shpreh nj\u00eb qytetar.\/<strong> Hashtag.al<\/strong><\/span><\/p>\n<p><span style=\"color: #000000;\">\u00a0<\/span><iframe loading=\"lazy\" style=\"border: none; overflow: hidden;\" src=\"https:\/\/www.facebook.com\/plugins\/video.php?href=https%3A%2F%2Fwww.facebook.com%2Fpartiademokratike%2Fvideos%2F1098846536949257%2F&amp;show_text=0&amp;width=560\" width=\"560\" height=\"315\" frameborder=\"0\" scrolling=\"no\" allowfullscreen=\"allowfullscreen\"><\/iframe><\/p>\n","protected":false,"gt_translate_keys":[{"key":"rendered","format":"html"}]},"excerpt":{"rendered":"<p>P\u00ebrplasje mes banor\u00ebve dhe policis\u00eb ka ndodhur mb\u00ebrmjen e sotme n\u00eb protest\u00ebn e Astirit. Banor\u00ebt kan\u00eb tentuar t\u00eb prishin rrethimin e kantierit t\u00eb par\u00eb q\u00eb \u00ebsht\u00eb ngritur p\u00ebr t\u00eb nd\u00ebrtuar\u00a0 &#8220;Unaz\u00ebn e Re&#8221; dhe jan\u00eb p\u00ebrplasur me policin\u00eb. FNSH dhe policia nuk i\u00a0 kan\u00eb lejuar\u00a0 banor\u00ebt t\u00eb futen n\u00eb kantier por k\u00ebta t\u00eb fundit kan\u00eb [&hellip;]<\/p>\n","protected":false,"gt_translate_keys":[{"key":"rendered","format":"html"}]},"author":30,"featured_media":251413,"comment_status":"open","ping_status":"open","sticky":false,"template":"","format":"standard","meta":{"footnotes":""},"categories":[22,65],"tags":[],"class_list":["post-251412","post","type-post","status-publish","format-standard","has-post-thumbnail","hentry","category-ballina","category-lajme"],"gt_translate_keys":[{"key":"link","format":"url"}],"_links":{"self":[{"href":"https:\/\/www.hashtag.al\/index.php\/wp-json\/wp\/v2\/posts\/251412","targetHints":{"allow":["GET"]}}],"collection":[{"href":"https:\/\/www.hashtag.al\/index.php\/wp-json\/wp\/v2\/posts"}],"about":[{"href":"https:\/\/www.hashtag.al\/index.php\/wp-json\/wp\/v2\/types\/post"}],"author":[{"embeddable":true,"href":"https:\/\/www.hashtag.al\/index.php\/wp-json\/wp\/v2\/users\/30"}],"replies":[{"embeddable":true,"href":"https:\/\/www.hashtag.al\/index.php\/wp-json\/wp\/v2\/comments?post=251412"}],"version-history":[{"count":0,"href":"https:\/\/www.hashtag.al\/index.php\/wp-json\/wp\/v2\/posts\/251412\/revisions"}],"wp:featuredmedia":[{"embeddable":true,"href":"https:\/\/www.hashtag.al\/index.php\/wp-json\/wp\/v2\/media\/251413"}],"wp:attachment":[{"href":"https:\/\/www.hashtag.al\/index.php\/wp-json\/wp\/v2\/media?parent=251412"}],"wp:term":[{"taxonomy":"category","embeddable":true,"href":"https:\/\/www.hashtag.al\/index.php\/wp-json\/wp\/v2\/categories?post=251412"},{"taxonomy":"post_tag","embeddable":true,"href":"https:\/\/www.hashtag.al\/index.php\/wp-json\/wp\/v2\/tags?post=251412"}],"curies":[{"name":"wp","href":"https:\/\/api.w.org\/{rel}","templated":true}]}}