{"id":251328,"date":"2018-11-19T13:13:31","date_gmt":"2018-11-19T12:13:31","guid":{"rendered":"https:\/\/hashtag.al\/?p=251328"},"modified":"2018-11-19T18:28:17","modified_gmt":"2018-11-19T17:28:17","slug":"banoret-e-unazes-se-re-ne-diten-e-16-te-te-qendreses-rruga-do-behet-vetem-mbi-trupat-tane","status":"publish","type":"post","link":"https:\/\/www.hashtag.al\/index.php\/2018\/11\/19\/banoret-e-unazes-se-re-ne-diten-e-16-te-te-qendreses-rruga-do-behet-vetem-mbi-trupat-tane\/","title":{"rendered":"Banor\u00ebt e Unaz\u00ebs s\u00eb Re n\u00eb dit\u00ebn e 16-t\u00eb t\u00eb q\u00ebndres\u00ebs: Rruga kalon mbi trupat tan\u00eb","gt_translate_keys":[{"key":"rendered","format":"text"}]},"content":{"rendered":"<p><img loading=\"lazy\" decoding=\"async\" class=\"aligncenter size-full wp-image-251329\" src=\"https:\/\/hashtag.al\/wp-content\/uploads\/2018\/11\/protestaastir19nentor.jpg\" alt=\"\" width=\"1280\" height=\"853\" srcset=\"https:\/\/www.hashtag.al\/wp-content\/uploads\/2018\/11\/protestaastir19nentor.jpg 1280w, https:\/\/www.hashtag.al\/wp-content\/uploads\/2018\/11\/protestaastir19nentor-300x200.jpg 300w, https:\/\/www.hashtag.al\/wp-content\/uploads\/2018\/11\/protestaastir19nentor-768x512.jpg 768w, https:\/\/www.hashtag.al\/wp-content\/uploads\/2018\/11\/protestaastir19nentor-1024x682.jpg 1024w\" sizes=\"auto, (max-width: 1280px) 100vw, 1280px\" \/><\/p>\n<p><span style=\"color: #000000;\">Banor\u00ebt e Unaz\u00ebs s\u00eb Re po zhvillojn\u00eb sot protest\u00ebn e radh\u00ebs n\u00eb dit\u00ebn e 16-t\u00eb t\u00eb q\u00ebndres\u00ebs s\u00eb tyre. Ata jan\u00eb mbledhur s\u00ebrish n\u00eb zon\u00ebn e Astirit dhe k\u00ebrkojn\u00eb me forc\u00eb plot\u00ebsimin e k\u00ebrkesave t\u00eb tyre.<\/span><\/p>\n<p><span style=\"color: #000000;\"><em>\u201cKjo rrug\u00eb nuk do b\u00ebhet pa u d\u00ebmshp\u00ebrblyer t\u00eb gjith\u00eb. Vet\u00ebm mbi trupat tan\u00eb do b\u00ebhet kjo rrug\u00eb. K\u00ebtu nuk do nd\u00ebrtoj\u00eb asnj\u00eb kompani pa u dh\u00ebn\u00eb lek\u00ebt banor\u00ebve shteti. K\u00ebtu n\u00eb Unaz\u00eb t\u00eb Re nuk ka p\u00ebr t\u2019i ecur manovra qeveris\u00eb, mos na provokoni, na lini t\u00eb qet\u00eb n\u00eb sht\u00ebpit\u00eb tona.\u201d<\/em> &#8211; shprehet nj\u00ebri nga banor\u00ebt.<\/span><\/p>\n<p><span style=\"color: #000000;\">Nd\u00ebrsa nj\u00eb tjet\u00ebr banore thot\u00eb se familja e saj nuk fle as nat\u00ebn pasi mund t\u00eb vijn\u00eb fadromat t\u2019u prishin banes\u00ebn nd\u00ebrsa shprehet se nuk m\u00eb asnj\u00eb besim te shteti.<\/span><\/p>\n<p><span style=\"color: #000000;\">Banor\u00ebt k\u00ebrkojn\u00eb d\u00ebmshp\u00ebrblim t\u00eb plot\u00eb t\u00eb pronave q\u00eb ju prishen nga zgjerimi i segmentit nga Shqiponja te Pallati me Shigjeta nd\u00ebrkoh\u00eb q\u00eb qeveria dhe bashkia ofrojn\u00eb vet\u00ebm 3 vjet qira. <\/span><\/p>\n<p><span style=\"color: #000000;\">Banor\u00ebt i kan\u00eb k\u00ebrkuar kompanis\u00eb q\u00eb kryen punimet q\u00eb t\u00eb largoj\u00eb mjetet e r\u00ebnda nga zona dhe t\u00eb nd\u00ebrpres\u00eb punimet. <\/span><\/p>\n<p><span style=\"color: #000000;\">Ata kan\u00eb zhvilluar dhjet\u00ebra protesta deri tani, shumic\u00ebn n\u00eb zon\u00ebn e Unaz\u00ebs s\u00eb Re nd\u00ebrsa disa her\u00eb edhe para Bashkis\u00eb, t\u00eb cil\u00ebt kan\u00eb qen\u00eb jo pak t\u00eb tensionuara. <\/span><\/p>\n<p><span style=\"color: #000000;\">Situata u tensionua edhe m\u00eb shum\u00eb pasi kryebashkiaku Veliaj i quajti banor\u00ebt shpellar\u00eb, edhe pse nj\u00eb dit\u00eb m\u00eb pas ai e mohoi ta ket\u00eb th\u00ebn\u00eb k\u00ebt\u00eb gj\u00eb p\u00ebr banor\u00ebt, por shprehja u \u00ebsht\u00eb drejtuar deputet\u00ebve t\u00eb Partis\u00eb Demokratike q\u00eb mb\u00ebshtesnin protest\u00ebn. <\/span><\/p>\n<p><span style=\"color: #000000;\">Pak dit\u00eb m\u00eb par\u00eb Avokatja e Popullit, Ballanca, tha se banor\u00ebt duhe t\u00eb sqarohen holl\u00ebsisht nga institucionet shtet\u00ebrore nd\u00ebrsa tha se Bashkia Tiran\u00eb \u00ebsht\u00eb n\u00eb shkelje t\u00eb ligjit n\u00eb projektin te Unaza e Re pasi nuk ka nj\u00eb leje nd\u00ebrtimi p\u00ebr pun\u00ebt q\u00eb po kryhen. <strong><em>\/Hashtag.al<\/em><\/strong><\/span><\/p>\n<p><img loading=\"lazy\" decoding=\"async\" class=\"aligncenter size-full wp-image-251330\" src=\"https:\/\/hashtag.al\/wp-content\/uploads\/2018\/11\/protesta-19-nentor.jpg\" alt=\"\" width=\"900\" height=\"577\" srcset=\"https:\/\/www.hashtag.al\/wp-content\/uploads\/2018\/11\/protesta-19-nentor.jpg 900w, https:\/\/www.hashtag.al\/wp-content\/uploads\/2018\/11\/protesta-19-nentor-300x192.jpg 300w, https:\/\/www.hashtag.al\/wp-content\/uploads\/2018\/11\/protesta-19-nentor-768x492.jpg 768w\" sizes=\"auto, (max-width: 900px) 100vw, 900px\" \/><\/p>\n","protected":false,"gt_translate_keys":[{"key":"rendered","format":"html"}]},"excerpt":{"rendered":"<p>Banor\u00ebt e Unaz\u00ebs s\u00eb Re po zhvillojn\u00eb sot protest\u00ebn e radh\u00ebs n\u00eb dit\u00ebn e 16-t\u00eb t\u00eb q\u00ebndres\u00ebs s\u00eb tyre. Ata jan\u00eb mbledhur s\u00ebrish n\u00eb zon\u00ebn e Astirit dhe k\u00ebrkojn\u00eb me forc\u00eb plot\u00ebsimin e k\u00ebrkesave t\u00eb tyre. \u201cKjo rrug\u00eb nuk do b\u00ebhet pa u d\u00ebmshp\u00ebrblyer t\u00eb gjith\u00eb. Vet\u00ebm mbi trupat tan\u00eb do b\u00ebhet kjo rrug\u00eb. K\u00ebtu [&hellip;]<\/p>\n","protected":false,"gt_translate_keys":[{"key":"rendered","format":"html"}]},"author":51,"featured_media":251331,"comment_status":"open","ping_status":"open","sticky":false,"template":"","format":"standard","meta":{"footnotes":""},"categories":[65],"tags":[],"class_list":["post-251328","post","type-post","status-publish","format-standard","has-post-thumbnail","hentry","category-lajme"],"gt_translate_keys":[{"key":"link","format":"url"}],"_links":{"self":[{"href":"https:\/\/www.hashtag.al\/index.php\/wp-json\/wp\/v2\/posts\/251328","targetHints":{"allow":["GET"]}}],"collection":[{"href":"https:\/\/www.hashtag.al\/index.php\/wp-json\/wp\/v2\/posts"}],"about":[{"href":"https:\/\/www.hashtag.al\/index.php\/wp-json\/wp\/v2\/types\/post"}],"author":[{"embeddable":true,"href":"https:\/\/www.hashtag.al\/index.php\/wp-json\/wp\/v2\/users\/51"}],"replies":[{"embeddable":true,"href":"https:\/\/www.hashtag.al\/index.php\/wp-json\/wp\/v2\/comments?post=251328"}],"version-history":[{"count":0,"href":"https:\/\/www.hashtag.al\/index.php\/wp-json\/wp\/v2\/posts\/251328\/revisions"}],"wp:featuredmedia":[{"embeddable":true,"href":"https:\/\/www.hashtag.al\/index.php\/wp-json\/wp\/v2\/media\/251331"}],"wp:attachment":[{"href":"https:\/\/www.hashtag.al\/index.php\/wp-json\/wp\/v2\/media?parent=251328"}],"wp:term":[{"taxonomy":"category","embeddable":true,"href":"https:\/\/www.hashtag.al\/index.php\/wp-json\/wp\/v2\/categories?post=251328"},{"taxonomy":"post_tag","embeddable":true,"href":"https:\/\/www.hashtag.al\/index.php\/wp-json\/wp\/v2\/tags?post=251328"}],"curies":[{"name":"wp","href":"https:\/\/api.w.org\/{rel}","templated":true}]}}