{"id":250734,"date":"2018-11-16T16:47:51","date_gmt":"2018-11-16T15:47:51","guid":{"rendered":"https:\/\/hashtag.al\/?p=250734"},"modified":"2018-11-16T16:59:01","modified_gmt":"2018-11-16T15:59:01","slug":"zgjedhje-te-parakoshme-ne-izrael-partia-cifte-i-del-kunder-kryeministrit","status":"publish","type":"post","link":"https:\/\/www.hashtag.al\/index.php\/2018\/11\/16\/zgjedhje-te-parakoshme-ne-izrael-partia-cifte-i-del-kunder-kryeministrit\/","title":{"rendered":"Zgjedhje t\u00eb parakohshme n\u00eb Izrael? Partia &#8220;Sht\u00ebpia Hebre\u201d i del kund\u00ebr kryeministrit","gt_translate_keys":[{"key":"rendered","format":"text"}]},"content":{"rendered":"<div id=\"attachment_250735\" style=\"width: 630px\" class=\"wp-caption alignnone\"><img loading=\"lazy\" decoding=\"async\" aria-describedby=\"caption-attachment-250735\" class=\"wp-image-250735 size-full\" src=\"https:\/\/hashtag.al\/wp-content\/uploads\/2018\/11\/izrael.jpg\" alt=\"\" width=\"620\" height=\"372\" srcset=\"https:\/\/www.hashtag.al\/wp-content\/uploads\/2018\/11\/izrael.jpg 620w, https:\/\/www.hashtag.al\/wp-content\/uploads\/2018\/11\/izrael-300x180.jpg 300w\" sizes=\"auto, (max-width: 620px) 100vw, 620px\" \/><p id=\"caption-attachment-250735\" class=\"wp-caption-text\"><span style=\"color: #000000;\">Benjamin Netanyahu dhe Naftali Benneti<\/span><\/p><\/div>\n<p><span style=\"color: #000000;\">N\u00eb Izrael do t\u00eb zhvillohen zgjedhje t\u00eb parakoshme n\u00eb fillim t\u00eb vitit t\u00eb ardhsh\u00ebm pasi kryeministri Benjamin Netanjahu humbi ministrin e tij t\u00eb mbrojtjes.<\/span><\/p>\n<p><span style=\"color: #000000;\">Netanyahu takoi ministrin e arsimit, Naftali Bennett, i cili donte q\u00eb ministrin\u00eb e mbrojtjes ta merrte si post partia e tij, por takimi p\u00ebrfundoi me nj\u00eb vendim t\u00eb an\u00ebtar\u00ebve t\u00eb kabinetit p\u00ebr t\u00eb mbajtur sondazhe komb\u00ebtare.<\/span><br \/>\n<span style=\"color: #000000;\"> Nj\u00eb burim i af\u00ebrt me Bennett tha se n\u00eb fund t\u00eb diskutimit t\u00eb kabinetit u b\u00eb e qart\u00eb se &#8220;\u00ebsht\u00eb e nevojshme vendi t\u00eb shkoj\u00eb n\u00eb zgjedhje sa m\u00eb shpejt q\u00eb t\u00eb jet\u00eb e mundur&#8221;.<\/span><\/p>\n<p><span style=\"color: #000000;\">Zyra e Netanjahut tha se do t\u00eb p\u00ebrpiqej t\u00eb ruante administrat\u00ebn, por kjo duket e pamundur pasi humbi mb\u00ebshtetjen nga partia \u00e7ifute e Bennettit, partia \u201cSht\u00ebpia Hebre\u201d.<\/span><\/p>\n<p><span style=\"color: #000000;\">N\u00eb deklarat\u00ebn e l\u00ebshuar nga zyra e kryeministrit u tha:\u00a0 &#8220;Thashethemet se \u00ebsht\u00eb marr\u00eb nj\u00eb vendim np\u00ebr t\u00eb shkuar n\u00eb zgjedhje jan\u00eb\u00a0 t\u00eb pasakta. Theksojm\u00eb r\u00ebnd\u00ebsin\u00eb e b\u00ebrjes s\u00eb \u00e7do p\u00ebrpjekjeje p\u00ebr t\u00eb ruajtur qeverin\u00eb e djatht\u00eb&#8221;.<\/span><\/p>\n<p><span style=\"color: #000000;\">Megjithat\u00eb, n\u00ebse partia \u00e7ifute e Bennett l\u00eb koalicionin, si\u00e7 sugjeroi, ajo ka aft\u00ebsin\u00eb q\u00eb vendi shkon direkte n\u00eb zgjedhje. Koalicioni i Netanjahut ka 61 vende n\u00eb parlamentin me\u00a0 120 an\u00ebtar\u00eb, k\u00ebshtu q\u00eb t\u00ebrheqja e partis\u00eb hebre, e cila ka tet\u00eb vende, mund t\u00eb sjell\u00eb rr\u00ebzimin e qeveris\u00eb.<\/span><\/p>\n<p><span style=\"color: #000000;\"><strong>Burimi:<\/strong> <span style=\"color: #0000ff;\"><a style=\"color: #0000ff;\" href=\"https:\/\/www.theguardian.com\/world\/2018\/nov\/16\/israel-set-for-early-elections-after-cabinet-breaks-up-source-says\">The Guardian<\/a><\/span><\/span><\/p>\n<p>&nbsp;<\/p>\n","protected":false,"gt_translate_keys":[{"key":"rendered","format":"html"}]},"excerpt":{"rendered":"<p>N\u00eb Izrael do t\u00eb zhvillohen zgjedhje t\u00eb parakoshme n\u00eb fillim t\u00eb vitit t\u00eb ardhsh\u00ebm pasi kryeministri Benjamin Netanjahu humbi ministrin e tij t\u00eb mbrojtjes. Netanyahu takoi ministrin e arsimit, Naftali Bennett, i cili donte q\u00eb ministrin\u00eb e mbrojtjes ta merrte si post partia e tij, por takimi p\u00ebrfundoi me nj\u00eb vendim t\u00eb an\u00ebtar\u00ebve t\u00eb kabinetit [&hellip;]<\/p>\n","protected":false,"gt_translate_keys":[{"key":"rendered","format":"html"}]},"author":30,"featured_media":250735,"comment_status":"open","ping_status":"open","sticky":false,"template":"","format":"standard","meta":{"footnotes":""},"categories":[6],"tags":[],"class_list":["post-250734","post","type-post","status-publish","format-standard","has-post-thumbnail","hentry","category-nderkombetare"],"gt_translate_keys":[{"key":"link","format":"url"}],"_links":{"self":[{"href":"https:\/\/www.hashtag.al\/index.php\/wp-json\/wp\/v2\/posts\/250734","targetHints":{"allow":["GET"]}}],"collection":[{"href":"https:\/\/www.hashtag.al\/index.php\/wp-json\/wp\/v2\/posts"}],"about":[{"href":"https:\/\/www.hashtag.al\/index.php\/wp-json\/wp\/v2\/types\/post"}],"author":[{"embeddable":true,"href":"https:\/\/www.hashtag.al\/index.php\/wp-json\/wp\/v2\/users\/30"}],"replies":[{"embeddable":true,"href":"https:\/\/www.hashtag.al\/index.php\/wp-json\/wp\/v2\/comments?post=250734"}],"version-history":[{"count":0,"href":"https:\/\/www.hashtag.al\/index.php\/wp-json\/wp\/v2\/posts\/250734\/revisions"}],"wp:featuredmedia":[{"embeddable":true,"href":"https:\/\/www.hashtag.al\/index.php\/wp-json\/wp\/v2\/media\/250735"}],"wp:attachment":[{"href":"https:\/\/www.hashtag.al\/index.php\/wp-json\/wp\/v2\/media?parent=250734"}],"wp:term":[{"taxonomy":"category","embeddable":true,"href":"https:\/\/www.hashtag.al\/index.php\/wp-json\/wp\/v2\/categories?post=250734"},{"taxonomy":"post_tag","embeddable":true,"href":"https:\/\/www.hashtag.al\/index.php\/wp-json\/wp\/v2\/tags?post=250734"}],"curies":[{"name":"wp","href":"https:\/\/api.w.org\/{rel}","templated":true}]}}