{"id":250728,"date":"2018-11-16T16:23:09","date_gmt":"2018-11-16T15:23:09","guid":{"rendered":"https:\/\/hashtag.al\/?p=250728"},"modified":"2018-11-16T16:28:02","modified_gmt":"2018-11-16T15:28:02","slug":"250728","status":"publish","type":"post","link":"https:\/\/www.hashtag.al\/index.php\/2018\/11\/16\/250728\/","title":{"rendered":"Arratisja e Gruevskit, Hahn: Sundimi i s\u00eb drejt\u00ebs, nj\u00eb prej kritereve baz\u00eb p\u00ebr n\u00eb BE","gt_translate_keys":[{"key":"rendered","format":"text"}]},"content":{"rendered":"<p><img loading=\"lazy\" decoding=\"async\" class=\"alignnone size-full wp-image-242091\" src=\"https:\/\/hashtag.al\/wp-content\/uploads\/2018\/10\/johannes-hahn.jpg\" alt=\"\" width=\"800\" height=\"450\" srcset=\"https:\/\/www.hashtag.al\/wp-content\/uploads\/2018\/10\/johannes-hahn.jpg 800w, https:\/\/www.hashtag.al\/wp-content\/uploads\/2018\/10\/johannes-hahn-300x169.jpg 300w, https:\/\/www.hashtag.al\/wp-content\/uploads\/2018\/10\/johannes-hahn-768x432.jpg 768w\" sizes=\"auto, (max-width: 800px) 100vw, 800px\" \/><\/p>\n<p><span style=\"color: #000000;\">P\u00ebr arratisjen e Gruevskit drejt Hungaris\u00eb ka folur s\u00eb fundmi edhe eurokomisari p\u00ebr zgjerim Johannes Hahn. Ky i fundit \u00ebsht\u00eb shprehur n\u00eb Twitter se sundimi i s\u00eb drejt\u00ebs \u00ebsht\u00eb nj\u00eb prej kritereve baz\u00eb p\u00ebr hyrje n\u00eb BE.<\/span><\/p>\n<p><span style=\"color: #000000;\">\u201cSundimi i fuqish\u00ebm i s\u00eb\u00a0drejt\u00ebs \u00ebsht\u00eb nj\u00eb prej kritereve themelore p\u00ebr hyrje n\u00eb BE. Pas viteve n\u00eb regres, Maqedonia tani b\u00ebn avancim t\u00eb mir\u00eb n\u00eb k\u00ebt\u00eb fush\u00eb, duke e p\u00ebrfshir\u00eb edhe t\u00eb drejt\u00ebn penale. T\u00eb gjitha vendet an\u00ebtare t\u00eb BE-s\u00eb dhe fqinj\u00ebt duhet ta mb\u00ebshtesin k\u00ebt\u00eb proces. B\u00ebhet fjal\u00eb p\u00ebr kredibilitetin e Evrop\u00ebs!\u201d, ka shkruar Hahn.<\/span><\/p>\n<p><span style=\"color: #000000;\">Kryeministri maqedonas Zaev ka habitur me deklaratat e tij lidhur me arratisjen e paraardh\u00ebsit t\u00eb tij, Gruevski.<\/span><\/p>\n<p><span style=\"color: #000000;\">N\u00eb nj\u00eb deklarat\u00eb t\u00eb b\u00ebr\u00eb dit\u00ebn e sotme, Zaev tha se ka dyshime se Gruevski mund t\u00eb jet\u00eb rr\u00ebmbyer dhe m\u00eb pas \u00ebsht\u00eb d\u00ebrguar n\u00eb Hungari.<\/span><\/p>\n<p><span style=\"color: #000000;\">\u201cPublikisht po e parashtroj k\u00ebt\u00eb pyetje. A \u00ebsht\u00eb larguar me d\u00ebshir\u00eb Gruevski nga vendi apo mos ndoshta \u00ebsht\u00eb rr\u00ebmbyer. Pres q\u00eb vet\u00eb Gruevski dhe Hungaria t\u00eb shprehen p\u00ebr k\u00ebt\u00eb \u00e7\u00ebshtje dhe t\u00eb m\u00eb japin p\u00ebrgjigje\u201d, tha Zaev.<\/span><\/p>\n<p><img loading=\"lazy\" decoding=\"async\" class=\"alignnone size-full wp-image-250696\" src=\"https:\/\/hashtag.al\/wp-content\/uploads\/2018\/11\/gruevski-1.jpg\" alt=\"\" width=\"960\" height=\"600\" \/><\/p>\n<p>&nbsp;<\/p>\n","protected":false,"gt_translate_keys":[{"key":"rendered","format":"html"}]},"excerpt":{"rendered":"<p>P\u00ebr arratisjen e Gruevskit drejt Hungaris\u00eb ka folur s\u00eb fundmi edhe eurokomisari p\u00ebr zgjerim Johannes Hahn. Ky i fundit \u00ebsht\u00eb shprehur n\u00eb Twitter se sundimi i s\u00eb drejt\u00ebs \u00ebsht\u00eb nj\u00eb prej kritereve baz\u00eb p\u00ebr hyrje n\u00eb BE. \u201cSundimi i fuqish\u00ebm i s\u00eb\u00a0drejt\u00ebs \u00ebsht\u00eb nj\u00eb prej kritereve themelore p\u00ebr hyrje n\u00eb BE. Pas viteve n\u00eb regres, [&hellip;]<\/p>\n","protected":false,"gt_translate_keys":[{"key":"rendered","format":"html"}]},"author":30,"featured_media":242091,"comment_status":"open","ping_status":"open","sticky":false,"template":"","format":"standard","meta":{"footnotes":""},"categories":[6],"tags":[],"class_list":["post-250728","post","type-post","status-publish","format-standard","has-post-thumbnail","hentry","category-nderkombetare"],"gt_translate_keys":[{"key":"link","format":"url"}],"_links":{"self":[{"href":"https:\/\/www.hashtag.al\/index.php\/wp-json\/wp\/v2\/posts\/250728","targetHints":{"allow":["GET"]}}],"collection":[{"href":"https:\/\/www.hashtag.al\/index.php\/wp-json\/wp\/v2\/posts"}],"about":[{"href":"https:\/\/www.hashtag.al\/index.php\/wp-json\/wp\/v2\/types\/post"}],"author":[{"embeddable":true,"href":"https:\/\/www.hashtag.al\/index.php\/wp-json\/wp\/v2\/users\/30"}],"replies":[{"embeddable":true,"href":"https:\/\/www.hashtag.al\/index.php\/wp-json\/wp\/v2\/comments?post=250728"}],"version-history":[{"count":0,"href":"https:\/\/www.hashtag.al\/index.php\/wp-json\/wp\/v2\/posts\/250728\/revisions"}],"wp:featuredmedia":[{"embeddable":true,"href":"https:\/\/www.hashtag.al\/index.php\/wp-json\/wp\/v2\/media\/242091"}],"wp:attachment":[{"href":"https:\/\/www.hashtag.al\/index.php\/wp-json\/wp\/v2\/media?parent=250728"}],"wp:term":[{"taxonomy":"category","embeddable":true,"href":"https:\/\/www.hashtag.al\/index.php\/wp-json\/wp\/v2\/categories?post=250728"},{"taxonomy":"post_tag","embeddable":true,"href":"https:\/\/www.hashtag.al\/index.php\/wp-json\/wp\/v2\/tags?post=250728"}],"curies":[{"name":"wp","href":"https:\/\/api.w.org\/{rel}","templated":true}]}}