{"id":250724,"date":"2018-11-16T16:04:00","date_gmt":"2018-11-16T15:04:00","guid":{"rendered":"https:\/\/hashtag.al\/?p=250724"},"modified":"2018-11-16T16:04:00","modified_gmt":"2018-11-16T15:04:00","slug":"250724","status":"publish","type":"post","link":"https:\/\/www.hashtag.al\/index.php\/2018\/11\/16\/250724\/","title":{"rendered":"Aksident n\u00eb Elbasan, makina p\u00ebrplas p\u00ebr vdekje 55-vje\u00e7arin","gt_translate_keys":[{"key":"rendered","format":"text"}]},"content":{"rendered":"<p><img loading=\"lazy\" decoding=\"async\" class=\"alignnone size-full wp-image-236225\" src=\"https:\/\/hashtag.al\/wp-content\/uploads\/2018\/09\/Aksident.jpg\" alt=\"\" width=\"1243\" height=\"695\" \/><\/p>\n<p><span style=\"color: #000000;\">Nj\u00eb aksident i r\u00ebnd\u00eb ka ndodhur n\u00eb Elbasan. M\u00ebsohet se nj\u00eb makin\u00eb &#8220;Mitsubish&#8221; ka p\u00ebrplasur p\u00ebr vdekje nj\u00eb 55-vje\u00e7ar.\u00a0<\/span><\/p>\n<p><span style=\"color: #000000;\"><strong>Informacioni paraprak:<\/strong><\/span><\/p>\n<p><span style=\"color: #000000;\">N\u00eb lagjen \u201cVullnetari\u201d , Elbasan,\u00a0 shtetasi E.B., 41 vje\u00e7, duke drejtuar mjetin tip \u201cMitsubishi\u201d\u00a0 me targa EL 1631 B, ka aksidentuar\u00a0 me pasoj\u00eb vdekje k\u00ebmb\u00ebsorin, shtetasin Sh K.,\u00a0 rreth 55 vje\u00e7, banues n\u00eb lagjen Vullnetari Elbasan.<\/span><\/p>\n<div id=\"videoad\"><span style=\"color: #000000;\">Drejtuesi i mjetit \u00ebsht\u00eb shoq\u00ebruar n\u00eb Komisariatin e Policis\u00eb Elbasan, p\u00ebr veprime t\u00eb m\u00ebtejshme.<\/span><\/div>\n<p><span style=\"color: #000000;\">Grupi hetimor ndodhet n\u00eb vendngjarje dhe po punon p\u00ebr zbardhjen e shkakut t\u00eb aksidentit.<\/span><\/p>\n","protected":false,"gt_translate_keys":[{"key":"rendered","format":"html"}]},"excerpt":{"rendered":"<p>Nj\u00eb aksident i r\u00ebnd\u00eb ka ndodhur n\u00eb Elbasan. M\u00ebsohet se nj\u00eb makin\u00eb &#8220;Mitsubish&#8221; ka p\u00ebrplasur p\u00ebr vdekje nj\u00eb 55-vje\u00e7ar.\u00a0 Informacioni paraprak: N\u00eb lagjen \u201cVullnetari\u201d , Elbasan,\u00a0 shtetasi E.B., 41 vje\u00e7, duke drejtuar mjetin tip \u201cMitsubishi\u201d\u00a0 me targa EL 1631 B, ka aksidentuar\u00a0 me pasoj\u00eb vdekje k\u00ebmb\u00ebsorin, shtetasin Sh K.,\u00a0 rreth 55 vje\u00e7, banues n\u00eb lagjen [&hellip;]<\/p>\n","protected":false,"gt_translate_keys":[{"key":"rendered","format":"html"}]},"author":30,"featured_media":245837,"comment_status":"open","ping_status":"open","sticky":false,"template":"","format":"standard","meta":{"footnotes":""},"categories":[65],"tags":[],"class_list":["post-250724","post","type-post","status-publish","format-standard","has-post-thumbnail","hentry","category-lajme"],"gt_translate_keys":[{"key":"link","format":"url"}],"_links":{"self":[{"href":"https:\/\/www.hashtag.al\/index.php\/wp-json\/wp\/v2\/posts\/250724","targetHints":{"allow":["GET"]}}],"collection":[{"href":"https:\/\/www.hashtag.al\/index.php\/wp-json\/wp\/v2\/posts"}],"about":[{"href":"https:\/\/www.hashtag.al\/index.php\/wp-json\/wp\/v2\/types\/post"}],"author":[{"embeddable":true,"href":"https:\/\/www.hashtag.al\/index.php\/wp-json\/wp\/v2\/users\/30"}],"replies":[{"embeddable":true,"href":"https:\/\/www.hashtag.al\/index.php\/wp-json\/wp\/v2\/comments?post=250724"}],"version-history":[{"count":0,"href":"https:\/\/www.hashtag.al\/index.php\/wp-json\/wp\/v2\/posts\/250724\/revisions"}],"wp:featuredmedia":[{"embeddable":true,"href":"https:\/\/www.hashtag.al\/index.php\/wp-json\/wp\/v2\/media\/245837"}],"wp:attachment":[{"href":"https:\/\/www.hashtag.al\/index.php\/wp-json\/wp\/v2\/media?parent=250724"}],"wp:term":[{"taxonomy":"category","embeddable":true,"href":"https:\/\/www.hashtag.al\/index.php\/wp-json\/wp\/v2\/categories?post=250724"},{"taxonomy":"post_tag","embeddable":true,"href":"https:\/\/www.hashtag.al\/index.php\/wp-json\/wp\/v2\/tags?post=250724"}],"curies":[{"name":"wp","href":"https:\/\/api.w.org\/{rel}","templated":true}]}}