{"id":250612,"date":"2018-11-16T08:31:25","date_gmt":"2018-11-16T07:31:25","guid":{"rendered":"https:\/\/hashtag.al\/?p=250612"},"modified":"2018-11-16T08:32:50","modified_gmt":"2018-11-16T07:32:50","slug":"arratisja-e-nikola-gruevskit-mali-i-zi-ka-kaluar-permes-kufijve-tane","status":"publish","type":"post","link":"https:\/\/www.hashtag.al\/index.php\/2018\/11\/16\/arratisja-e-nikola-gruevskit-mali-i-zi-ka-kaluar-permes-kufijve-tane\/","title":{"rendered":"Arratisja e Nikola Gruevskit, Mali i Zi: Ka kaluar p\u00ebrmes kufijve tan\u00eb","gt_translate_keys":[{"key":"rendered","format":"text"}]},"content":{"rendered":"<p><img loading=\"lazy\" decoding=\"async\" class=\"aligncenter wp-image-250614\" src=\"https:\/\/hashtag.al\/wp-content\/uploads\/2018\/11\/gruevski-3.jpg\" alt=\"\" width=\"1010\" height=\"592\" srcset=\"https:\/\/www.hashtag.al\/wp-content\/uploads\/2018\/11\/gruevski-3.jpg 640w, https:\/\/www.hashtag.al\/wp-content\/uploads\/2018\/11\/gruevski-3-300x176.jpg 300w\" sizes=\"auto, (max-width: 1010px) 100vw, 1010px\" \/><\/p>\n<p><span style=\"color: #000000;\">Mali i Zi ka reaguar pas lajmeve p\u00ebr arratisjen e ish-kryeministrit t\u00eb Maqedonis\u00eb, Nikola Gruevski.<\/span><\/p>\n<p><span style=\"color: #000000;\">P\u00ebrmes nj\u00eb njoftimi p\u00ebr mediat, policia malazeze konfirmon se ish-kryeministri ka hyr\u00eb n\u00eb territorin e Malit t\u00eb Zi m\u00eb 11 n\u00ebntor dhe po at\u00eb dit\u00eb ka l\u00ebn\u00eb vendin.<\/span><\/p>\n<p><span style=\"color: #000000;\"><em>\u201cP\u00ebr shkak t\u00eb interesimit t\u00eb mediave p\u00ebr ish-Kryeministrin e Maqedonis\u00eb, Nikolla Gruevski, dhe n\u00eb interes t\u00eb informimit t\u00eb v\u00ebrtet\u00eb, ne njoftojm\u00eb\u00a0\u00a0se Nikolla Gruevski hyri n\u00eb Malin e Zi n\u00eb dat\u00ebn e p\u00ebrmendur m\u00eb 11 n\u00ebntor dhe u largua nga vendi n\u00eb t\u00eb nj\u00ebjt\u00ebn dit\u00eb. Policia malazeze p\u00ebr k\u00ebt\u00eb rast i respekton plot\u00ebsisht procedurat ligjore\u201d,<\/em> thuhet n\u00eb deklarat\u00ebn e policis\u00eb malazeze.<\/span><\/p>\n<p><span style=\"color: #000000;\">Mir\u00ebpo n\u00eb k\u00ebt\u00eb njoftim, nuk jepen se si Gruevski hyri n\u00eb vend dhe prej cilit vendkalim kufitar u largua.<\/span><\/p>\n<p><span style=\"color: #000000;\">Ish-kryeministri maqedonas, Nikola Gruevski, q\u00eb ka qeverisur vendin e tij nga 2006 n\u00eb 2016 dhe \u00ebsht\u00eb d\u00ebnuar me dy vjet p\u00ebr korrupsion, ka fluturuar p\u00ebr n\u00eb Hungari megjith\u00ebse i \u00ebsht\u00eb konfiskuar pasaporta dhe ka k\u00ebrkuar aty azil politik.<\/span><\/p>\n<p><span style=\"color: #000000;\">Mbetet e paqart\u00eb se si ka arritur ai t\u00eb largohet. Q\u00eb Gruevski ndodhet n\u00eb Hungari, e ka treguar vet\u00eb dit\u00ebn e mart\u00eb me nj\u00eb postim n\u00eb facebook. Ai shkruante: \u201cDo i mbetem besnik Maqedonis\u00eb. Nuk dor\u00ebzohem kurr\u00eb.\u201d<\/span><\/p>\n","protected":false,"gt_translate_keys":[{"key":"rendered","format":"html"}]},"excerpt":{"rendered":"<p>Mali i Zi ka reaguar pas lajmeve p\u00ebr arratisjen e ish-kryeministrit t\u00eb Maqedonis\u00eb, Nikola Gruevski. P\u00ebrmes nj\u00eb njoftimi p\u00ebr mediat, policia malazeze konfirmon se ish-kryeministri ka hyr\u00eb n\u00eb territorin e Malit t\u00eb Zi m\u00eb 11 n\u00ebntor dhe po at\u00eb dit\u00eb ka l\u00ebn\u00eb vendin. \u201cP\u00ebr shkak t\u00eb interesimit t\u00eb mediave p\u00ebr ish-Kryeministrin e Maqedonis\u00eb, Nikolla Gruevski, [&hellip;]<\/p>\n","protected":false,"gt_translate_keys":[{"key":"rendered","format":"html"}]},"author":30,"featured_media":0,"comment_status":"open","ping_status":"open","sticky":false,"template":"","format":"standard","meta":{"footnotes":""},"categories":[149],"tags":[],"class_list":["post-250612","post","type-post","status-publish","format-standard","hentry","category-kosoverajon"],"gt_translate_keys":[{"key":"link","format":"url"}],"_links":{"self":[{"href":"https:\/\/www.hashtag.al\/index.php\/wp-json\/wp\/v2\/posts\/250612","targetHints":{"allow":["GET"]}}],"collection":[{"href":"https:\/\/www.hashtag.al\/index.php\/wp-json\/wp\/v2\/posts"}],"about":[{"href":"https:\/\/www.hashtag.al\/index.php\/wp-json\/wp\/v2\/types\/post"}],"author":[{"embeddable":true,"href":"https:\/\/www.hashtag.al\/index.php\/wp-json\/wp\/v2\/users\/30"}],"replies":[{"embeddable":true,"href":"https:\/\/www.hashtag.al\/index.php\/wp-json\/wp\/v2\/comments?post=250612"}],"version-history":[{"count":0,"href":"https:\/\/www.hashtag.al\/index.php\/wp-json\/wp\/v2\/posts\/250612\/revisions"}],"wp:attachment":[{"href":"https:\/\/www.hashtag.al\/index.php\/wp-json\/wp\/v2\/media?parent=250612"}],"wp:term":[{"taxonomy":"category","embeddable":true,"href":"https:\/\/www.hashtag.al\/index.php\/wp-json\/wp\/v2\/categories?post=250612"},{"taxonomy":"post_tag","embeddable":true,"href":"https:\/\/www.hashtag.al\/index.php\/wp-json\/wp\/v2\/tags?post=250612"}],"curies":[{"name":"wp","href":"https:\/\/api.w.org\/{rel}","templated":true}]}}