{"id":250467,"date":"2018-11-15T16:38:48","date_gmt":"2018-11-15T15:38:48","guid":{"rendered":"https:\/\/hashtag.al\/?p=250467"},"modified":"2018-11-15T16:42:06","modified_gmt":"2018-11-15T15:42:06","slug":"arratisja-e-gruevskit-dash-duhet-te-vuaje-denimin-me-2-vite-burg-ne-maqedoni","status":"publish","type":"post","link":"https:\/\/www.hashtag.al\/index.php\/2018\/11\/15\/arratisja-e-gruevskit-dash-duhet-te-vuaje-denimin-me-2-vite-burg-ne-maqedoni\/","title":{"rendered":"Arratisja e Gruevskit, DASH: Duhet t\u00eb vuaj\u00eb d\u00ebnimin me 2 vite burg n\u00eb Maqedoni","gt_translate_keys":[{"key":"rendered","format":"text"}]},"content":{"rendered":"<p><img loading=\"lazy\" decoding=\"async\" class=\"size-full wp-image-250468\" src=\"https:\/\/hashtag.al\/wp-content\/uploads\/2018\/11\/gruevski.jpg\" alt=\"\" width=\"714\" height=\"470\" srcset=\"https:\/\/www.hashtag.al\/wp-content\/uploads\/2018\/11\/gruevski.jpg 714w, https:\/\/www.hashtag.al\/wp-content\/uploads\/2018\/11\/gruevski-300x197.jpg 300w\" sizes=\"auto, (max-width: 714px) 100vw, 714px\" \/><\/p>\n<p>SHBA beson se ish-kryeministri maqedonas, i cili k\u00ebrkon azil politik n\u00eb Hungari, duhet t\u00eb b\u00ebj\u00eb dy vite burg p\u00ebr t\u00eb cilat \u00ebsht\u00eb d\u00ebnuar nga gjykata.<\/p>\n<p>&#8220;Pas nj\u00eb procesi t\u00eb plot\u00eb dhe transparent, Nikolla Gruevski u d\u00ebnua nga gjykatat maqedonase p\u00ebr keqp\u00ebrdorim t\u00eb detyr\u00ebs dhe \u00ebsht\u00eb d\u00ebnuar me dy vjet burg&#8221;, tha nj\u00eb z\u00ebdh\u00ebn\u00ebs i Departamentit t\u00eb Shtetit.<\/p>\n<p>&#8220;Gjykatat e shum\u00ebfishta e mb\u00ebshtet\u00ebn k\u00ebt\u00eb bindje. P\u00ebrve\u00e7 k\u00ebsaj, Gruevski akuzohet n\u00eb kat\u00ebr \u00e7\u00ebshtje penale n\u00eb pritje. Ne besojm\u00eb se \u00ebsht\u00eb e p\u00ebrshtatshme p\u00ebr procesin ligjor maqedonas p\u00ebr t\u00eb vazhduar ke k\u00ebt\u00eb d\u00ebnim dhe p\u00ebr rastin Gruevski t\u00eb gjendjen p\u00ebrgjegj\u00ebsit brenda sistemit t\u00eb drejt\u00ebsis\u00eb maqedonase &#8220;, u tha nga DASH.<\/p>\n<p>T\u00eb mart\u00ebn, Gruevski, i cili sh\u00ebrbeu si kryeminist\u00ebr i Maqedonis\u00eb deri n\u00eb vitin 2016, njoftoi\u00a0 se \u00ebsht\u00eb n\u00eb Budapest dhe ka k\u00ebrkuar azil.<\/p>\n<p>&#8220;N\u00eb nj\u00eb intervist\u00eb t\u00eb vitit t\u00eb kaluar, Orban tha se Soros mban p\u00ebrgjegj\u00ebsi t\u00eb r\u00ebnd\u00ebsishme personale p\u00ebr destabilizimin e Maqedonis\u00eb dhe po punon p\u00ebr t\u00eb destabilizuar qeverit\u00eb konservatore, komb\u00ebtare dhe t\u00eb krishtera&#8221;, shkruan Politico.eu.<\/p>\n<p><strong>\u00a0Burimi:<\/strong> <a href=\"https:\/\/www.politico.eu\/article\/nikola-gruevski-ex-macedonian-pm-who-fled-to-hungary-should-face-justice-us-says\/\">Politico.eu<\/a><\/p>\n<p><img loading=\"lazy\" decoding=\"async\" class=\"alignnone size-full wp-image-250374\" src=\"https:\/\/hashtag.al\/wp-content\/uploads\/2018\/11\/gruevski15nentor.PNG2_.png\" alt=\"\" width=\"670\" height=\"434\" srcset=\"https:\/\/www.hashtag.al\/wp-content\/uploads\/2018\/11\/gruevski15nentor.PNG2_.png 670w, https:\/\/www.hashtag.al\/wp-content\/uploads\/2018\/11\/gruevski15nentor.PNG2_-300x194.png 300w\" sizes=\"auto, (max-width: 670px) 100vw, 670px\" \/><\/p>\n","protected":false,"gt_translate_keys":[{"key":"rendered","format":"html"}]},"excerpt":{"rendered":"<p>SHBA beson se ish-kryeministri maqedonas, i cili k\u00ebrkon azil politik n\u00eb Hungari, duhet t\u00eb b\u00ebj\u00eb dy vite burg p\u00ebr t\u00eb cilat \u00ebsht\u00eb d\u00ebnuar nga gjykata. &#8220;Pas nj\u00eb procesi t\u00eb plot\u00eb dhe transparent, Nikolla Gruevski u d\u00ebnua nga gjykatat maqedonase p\u00ebr keqp\u00ebrdorim t\u00eb detyr\u00ebs dhe \u00ebsht\u00eb d\u00ebnuar me dy vjet burg&#8221;, tha nj\u00eb z\u00ebdh\u00ebn\u00ebs i Departamentit [&hellip;]<\/p>\n","protected":false,"gt_translate_keys":[{"key":"rendered","format":"html"}]},"author":30,"featured_media":250468,"comment_status":"open","ping_status":"open","sticky":false,"template":"","format":"standard","meta":{"footnotes":""},"categories":[149],"tags":[],"class_list":["post-250467","post","type-post","status-publish","format-standard","has-post-thumbnail","hentry","category-kosoverajon"],"gt_translate_keys":[{"key":"link","format":"url"}],"_links":{"self":[{"href":"https:\/\/www.hashtag.al\/index.php\/wp-json\/wp\/v2\/posts\/250467","targetHints":{"allow":["GET"]}}],"collection":[{"href":"https:\/\/www.hashtag.al\/index.php\/wp-json\/wp\/v2\/posts"}],"about":[{"href":"https:\/\/www.hashtag.al\/index.php\/wp-json\/wp\/v2\/types\/post"}],"author":[{"embeddable":true,"href":"https:\/\/www.hashtag.al\/index.php\/wp-json\/wp\/v2\/users\/30"}],"replies":[{"embeddable":true,"href":"https:\/\/www.hashtag.al\/index.php\/wp-json\/wp\/v2\/comments?post=250467"}],"version-history":[{"count":0,"href":"https:\/\/www.hashtag.al\/index.php\/wp-json\/wp\/v2\/posts\/250467\/revisions"}],"wp:featuredmedia":[{"embeddable":true,"href":"https:\/\/www.hashtag.al\/index.php\/wp-json\/wp\/v2\/media\/250468"}],"wp:attachment":[{"href":"https:\/\/www.hashtag.al\/index.php\/wp-json\/wp\/v2\/media?parent=250467"}],"wp:term":[{"taxonomy":"category","embeddable":true,"href":"https:\/\/www.hashtag.al\/index.php\/wp-json\/wp\/v2\/categories?post=250467"},{"taxonomy":"post_tag","embeddable":true,"href":"https:\/\/www.hashtag.al\/index.php\/wp-json\/wp\/v2\/tags?post=250467"}],"curies":[{"name":"wp","href":"https:\/\/api.w.org\/{rel}","templated":true}]}}