{"id":250414,"date":"2018-11-15T13:56:52","date_gmt":"2018-11-15T12:56:52","guid":{"rendered":"https:\/\/hashtag.al\/?p=250414"},"modified":"2018-11-15T13:58:11","modified_gmt":"2018-11-15T12:58:11","slug":"kryemadhi-populli-do-drejtoje-opoziten-do-vendose-drejtesine-qe-mungon","status":"publish","type":"post","link":"https:\/\/www.hashtag.al\/index.php\/2018\/11\/15\/kryemadhi-populli-do-drejtoje-opoziten-do-vendose-drejtesine-qe-mungon\/","title":{"rendered":"Kryemadhi: Populli do drejtoj\u00eb opozit\u00ebn, do vendos\u00eb drejt\u00ebsin\u00eb q\u00eb mungon","gt_translate_keys":[{"key":"rendered","format":"text"}]},"content":{"rendered":"<p><img loading=\"lazy\" decoding=\"async\" class=\"aligncenter size-full wp-image-250415\" src=\"https:\/\/hashtag.al\/wp-content\/uploads\/2018\/11\/Mona.jpg\" alt=\"\" width=\"1280\" height=\"852\" srcset=\"https:\/\/www.hashtag.al\/wp-content\/uploads\/2018\/11\/Mona.jpg 1280w, https:\/\/www.hashtag.al\/wp-content\/uploads\/2018\/11\/Mona-300x200.jpg 300w, https:\/\/www.hashtag.al\/wp-content\/uploads\/2018\/11\/Mona-768x511.jpg 768w, https:\/\/www.hashtag.al\/wp-content\/uploads\/2018\/11\/Mona-1024x682.jpg 1024w\" sizes=\"auto, (max-width: 1280px) 100vw, 1280px\" \/><\/p>\n<p><span style=\"color: #000000;\">Kryetarja e LSI-s\u00eb, Kryemadhi, ka dh\u00ebn\u00eb nj\u00eb intervist\u00eb \u00a0n\u00eb Panairin e Librit. <\/span><\/p>\n<p><span style=\"color: #000000;\">Gjat\u00eb intervist\u00ebs Kryemadhi deklaroi se vendi ka shum\u00eb probleme si varf\u00ebria, papun\u00ebsia, paligjshm\u00ebria me t\u00eb cil\u00ebn qeveriset dhe arroganca e instituconeve shtet\u00ebrore. <\/span><\/p>\n<p><span style=\"color: #000000;\">Ajo theksoi se opozita do jet\u00eb n\u00eb funksion t\u00eb qytetar\u00ebve pasi do jet\u00eb populli q\u00eb do e drejtoj\u00eb kurse opozita do jet\u00eb instrumenti i saj.<\/span><\/p>\n<p><span style=\"color: #000000;\"><em><strong>Znj. Kryemadhi n\u00eb dhjetor \u00ebsht\u00eb afati i fundit p\u00ebr opozit\u00ebn p\u00ebr t\u2019u rikthyer n\u00eb Kuvend dhe p\u00ebr t\u00eb shp\u00ebtuar mandatet. A do t\u00eb riktheheni ju n\u00eb Parlament apo do t\u2019i digjni mandatet?<\/strong><\/em><\/span><\/p>\n<p><span style=\"color: #000000;\">E para mua nuk m\u00eb duket problemi kryesor sot \u00e7\u00ebshtja e mandateve t\u00eb deputet\u00ebve, sepse Shqip\u00ebria dhe politika shqiptare ka probleme shum\u00eb m\u00eb t\u00eb m\u00ebdha. Mendoj sot se problemi m\u00eb i madh p\u00ebr shqiptar\u00ebt \u00ebsht\u00eb varf\u00ebria, papun\u00ebsia. <\/span><\/p>\n<p><span style=\"color: #000000;\">Mendoj q\u00eb problemi m\u00eb i madh \u00ebsht\u00eb mungesa e shpres\u00ebs e brezit t\u00eb ri, t\u00eb cil\u00ebt \u00e7do dit\u00eb e m\u00eb shum\u00eb po largohen nga Shqip\u00ebria. <\/span><\/p>\n<p><span style=\"color: #000000;\">Ndjej nj\u00eb k\u00ebnaq\u00ebsi shum\u00eb t\u00eb madhe kur shikoj gjith\u00eb k\u00ebta f\u00ebmij\u00eb q\u00eb vijn\u00eb t\u00eb organizuar nga shkollat p\u00ebr t\u00eb marr\u00eb pjes\u00eb n\u00eb Panairin e Librit, q\u00eb \u00ebsht\u00eb nj\u00eb kultur\u00eb q\u00eb duhet ta stimulojm\u00eb shum\u00eb m\u00eb shum\u00eb.<\/span><\/p>\n<p><span style=\"color: #000000;\">Nd\u00ebrkoh\u00eb ndjej edhe dhimbje q\u00eb po t\u2019i pyes\u00ebsh, edhe nga vet\u00eb sondazhet q\u00eb jan\u00eb b\u00ebr\u00eb del q\u00eb 79% e f\u00ebmij\u00ebve nga mosha 7-14 vje\u00e7 k\u00ebrkojn\u00eb p\u00ebr t\u2019u larguar nga Shqip\u00ebria.<\/span><\/p>\n<p><span style=\"color: #000000;\"> Dhe mendoj q\u00eb mandatet e deputet\u00ebve sot p\u00ebrball\u00eb k\u00ebtij realiteti shum\u00eb t\u00eb hidhur nuk jan\u00eb asgj\u00eb. <\/span><\/p>\n<p><span style=\"color: #000000;\">\u00cbsht\u00eb nj\u00eb detaj shum\u00eb periferik mund t\u00eb thoja, aq m\u00eb shum\u00eb kur i bashkangjitesh edhe problematikave dhe arroganc\u00ebs s\u00eb shtetit me banor\u00ebt e Astirit, t\u00eb cilat jan\u00eb mbi 360 banesa q\u00eb do t\u00eb shkat\u00ebrrohen. <\/span><\/p>\n<p><span style=\"color: #000000;\">Dhe nuk vijn\u00eb si rezultat i shkat\u00ebrrimit t\u00eb zhvillimit t\u00eb rrug\u00ebs sepse nuk ka absolutisht q\u00eb mund t\u00eb jet\u00eb kund\u00ebr zhvillimit dhe infrastruktur\u00ebs, por zhvillimi i tyre vjen si shkak i spostimit t\u00eb shtratit t\u00eb Lan\u00ebs, p\u00ebr t\u00eb krijuar hap\u00ebsira dhe sheshe nd\u00ebrtimi p\u00ebr nd\u00ebrtues, t\u00eb cil\u00ebt i kan\u00eb kthyer kompanit\u00eb e tyre n\u00eb kompani t\u00eb pastrimit t\u00eb parave.<\/span><\/p>\n<p><span style=\"color: #000000;\"><em><strong>Zonja Kryemadhi si e shihni thirrjen e Eurokomisionerit Hahn, i cili b\u00ebri dje thirrje q\u00eb opozita t\u00eb nd\u00ebrpres\u00eb bojkotin parlamentar dhe \u00ebsht\u00eb nj\u00eb shans i mir\u00eb q\u00eb pal\u00ebt t\u00eb punojn\u00eb p\u00ebr reform\u00ebn zgjedhore?<\/strong><\/em><\/span><\/p>\n<p><span style=\"color: #000000;\">Dua t\u00eb them q\u00eb deklaratat e Brukselit t\u00eb cil\u00ebt kemi m\u00eb shum\u00eb se 2-3 vjet q\u00eb po i d\u00ebgjojm\u00eb p\u00ebr stabilitet. Ne nuk jemi p\u00ebr stabilitetin e Edi Ram\u00ebs. Ne jemi p\u00ebr stabilitetin e rajonit dhe institucioneve shtet\u00ebrore. Sot ne kemi institucione t\u00eb kapura dhe t\u00eb uzurpuara nga krimi i organizuar me n\u00eb krye Edi Ram\u00ebn. <\/span><\/p>\n<p><span style=\"color: #000000;\">Mendoj q\u00eb Brukseli ka gabuar jasht\u00ebzakonisht shum\u00eb m\u00eb strategjin\u00eb q\u00eb ka ndjekur ndaj Shqip\u00ebris\u00eb. Ne kemi nj\u00eb vend, i cili aspiron dhe d\u00ebshiron pafund\u00ebsisht p\u00ebr t\u00eb qen\u00eb pjes\u00eb e Bashkimit Europian.<\/span><\/p>\n<p><span style=\"color: #000000;\"> Edhe pse \u00ebsht\u00eb pjes\u00eb e Europ\u00ebs, nuk \u00ebsht\u00eb pjes\u00eb e nj\u00eb strukture burokratike t\u00eb themi apo dhe institucionale si\u00e7 \u00ebsht\u00eb Bashkimi Europian, \u00ebsht\u00eb aspirata e shqiptar\u00ebve, por kjo struktur\u00eb nuk ka t\u00eb b\u00ebj\u00eb me d\u00ebshirat individuale t\u00eb secilit prej nesh.<\/span><\/p>\n<p><span style=\"color: #000000;\">Kjo struktur\u00eb tashm\u00eb dhe p\u00ebrfshirja e Shqip\u00ebris\u00eb n\u00eb BE ka t\u00eb b\u00ebj\u00eb me t\u00eb ardhmen e shqiptar\u00ebve. Nuk mund t\u00eb flasim p\u00ebr t\u00eb mbyllur bojkotin e opozit\u00ebs, sepse nuk e ka bojkotuar opozita Parlamentin, e ka bojkotuar Rilindja Parlamentin, t\u00eb cilin e ka kthyer n\u00eb nj\u00eb institucion n\u00eb sh\u00ebrbim t\u00eb bandave. <\/span><\/p>\n<p><span style=\"color: #000000;\">Ajo \u00e7ka t\u00eb b\u00ebn m\u00eb shum\u00eb p\u00ebrshtypje dhe q\u00eb ndihesh me t\u00eb v\u00ebrtet\u00eb shum\u00eb e indinjuar p\u00ebr shkak t\u00eb naivitetit q\u00eb vjen ndonj\u00ebher\u00eb nga institucionet nd\u00ebrkomb\u00ebtare q\u00eb do t\u00eb d\u00ebshiroja t\u00eb ishte thjesht nj\u00eb naivitet politik, sesa do t\u00eb d\u00ebshiroja t\u00eb ishte e v\u00ebrtet\u00eb q\u00eb mund t\u00eb ishte nj\u00eb naivitet i stimuluar nga qeverisja shqiptare.<\/span><\/p>\n<p><span style=\"color: #000000;\"><em><strong>Znj. Kryemadhi gjat\u00eb takimit me strukturat e Durr\u00ebsit dit\u00ebn e djeshme ju keni p\u00ebrmendur edhe protestat. A ka nj\u00eb plan opozita p\u00ebr tubime masive?<\/strong><\/em><\/span><\/p>\n<p><span style=\"color: #000000;\">Ne jemi n\u00eb kontakt. Un\u00eb sot do t\u00eb jem n\u00eb Dib\u00ebr. Nes\u00ebr do t\u00eb jem n\u00eb rrethe t\u00eb tjera. Gjat\u00eb gjith\u00eb fundjav\u00ebs do t\u00eb jem n\u00eb gjith\u00eb Shqip\u00ebrin\u00eb n\u00eb l\u00ebvizje. <\/span><\/p>\n<p><span style=\"color: #000000;\">Ajo \u00e7ka dua t\u00eb them dhe theksoj \u00ebsht\u00eb se takimet jan\u00eb t\u00eb drejtp\u00ebrdrejta me qytetar\u00ebt, me strukturat sepse mendoj q\u00eb l\u00ebvizjet e opozit\u00ebs nuk do t\u00eb jen\u00eb m\u00eb l\u00ebvizje politike, t\u00eb cilat merren me l\u00ebvizjen politike n\u00eb strukturat politike, por l\u00ebvizjet e opozit\u00ebs n\u00eb t\u00eb ardhmen do t\u00eb jen\u00eb l\u00ebvizje, t\u00eb cilat do t\u00eb konsultohen me qytetar\u00ebt. <\/span><\/p>\n<p><span style=\"color: #000000;\">Pse? Sepse do t\u00eb jen\u00eb qytetar\u00ebt, do t\u00eb jet\u00eb populli ai q\u00eb do ta drejtoj\u00eb opozit\u00ebn. Ne do t\u00eb jemi istrumentat, p\u00ebr t\u00eb cil\u00ebt shqiptar\u00ebt do t\u00eb arrijn\u00eb q\u00ebllimin e tyre. Vendosjen e drejt\u00ebsis\u00eb q\u00eb iu ka munguar p\u00ebr gjith\u00eb k\u00ebto vite.<\/span><\/p>\n<p><span style=\"color: #000000;\"><em><strong>Znj. Kryemadhi, k\u00ebt\u00eb 30 qershor do t\u00eb kemi vet\u00ebm zgjedhje vendore apo edhe parlamentare?<\/strong><\/em><\/span><\/p>\n<p><span style=\"color: #000000;\">Un\u00eb di q\u00eb Presidenti ka dekretuar zgjedhjet e pushtetit vendor, por mendoj q\u00eb me shitblerjen e vot\u00ebs, me p\u00ebrgjimet e vet\u00eb Prokuroris\u00eb t\u00eb kapur nga Edi Rama, shikojm\u00eb se si me lek\u00ebt e Rilindjes jan\u00eb bler\u00eb votat e shqiptar\u00ebve, me raportin e BE-s\u00eb vet\u00eb t\u00eb z. Hahn apo znj. Mogherini, apo edhe t\u00eb OSBE-ODIHR, ku del se 20% e votave t\u00eb shqiptar\u00ebve jan\u00eb t\u00eb blera dhe do t\u00eb ket\u00eb akoma fakte t\u00eb tjera n\u00eb t\u00eb ardhmen.<\/span><\/p>\n<p><span style=\"color: #000000;\">T\u00eb cilat do ta v\u00ebrtetojn\u00eb akoma m\u00eb shum\u00eb blerjen dhe kapjen e mandateve t\u00eb maxhoranc\u00ebs n\u00eb Parlament, mendoj q\u00eb nuk \u00ebsht\u00eb m\u00eb thjesht\u00eb \u00e7\u00ebshtje e d\u00ebshir\u00ebs s\u00eb opozit\u00ebs se sa \u00ebsht\u00eb \u00e7\u00ebshtja e ngritjes dhe e vendosjes s\u00eb institucionit t\u00eb drejt\u00eb t\u00eb vot\u00ebs s\u00eb shqiptar\u00ebve n\u00eb vendin e duhur.<\/span><\/p>\n<p><span style=\"color: #000000;\"><em><strong>Znj. Kryemadhi jemi pa nj\u00eb minist\u00ebr t\u00eb Brendsh\u00ebm, pasi Presidenti Meta nuk e ka dekretuar z. Sand\u00ebr Lleshi, cili \u00ebsht\u00eb q\u00ebndrimi i LSI-s\u00eb p\u00ebr figur\u00ebn e Sand\u00ebr Lleshit?<\/strong><\/em><\/span><\/p>\n<p><span style=\"color: #000000;\">LSI-ja nuk \u00ebsht\u00eb institucion Vetting-u q\u00eb t\u00eb b\u00ebj\u00eb figurat e njer\u00ebzve. 5 metra larg ja ku e keni Presidenc\u00ebn, shkoni dhe pyeteni p\u00ebr z. Sand\u00ebr Lleshi . P\u00ebr mua nuk ka r\u00ebnd\u00ebsi Ministria e Brendshme apo me minist\u00ebr, pa minist\u00ebr. <\/span><\/p>\n<p><span style=\"color: #000000;\">Di t\u00eb them q\u00eb Ministria e Brendshme \u00ebsht\u00eb nj\u00eb institucion i kapur dhe \u00e7do l\u00ebvizje q\u00eb Edi Rama b\u00ebn, \u00ebsht\u00eb nj\u00eb l\u00ebvizje p\u00ebr ta kapur dhe p\u00ebr ta kontrolluar akoma m\u00eb shum\u00eb p\u00ebr t\u00eb zbutur frik\u00ebn dhe makthet q\u00eb ai ka p\u00ebr faktet dhe argumentat e tjera q\u00eb do t\u00eb vijn\u00eb shum\u00eb shpejt t\u00eb lidhjes s\u00eb z. Rama me krimin dhe trafikun e drog\u00ebs.<\/span><\/p>\n<p><strong><span style=\"color: #000000;\"><em>Fokusi i opozit\u00ebs \u00ebsht\u00eb p\u00ebrqendruar m\u00eb shum\u00eb te Rama dhe Veliaj po lihet i qet\u00eb.<\/em><\/span><\/strong><\/p>\n<p><span style=\"color: #000000;\">Un\u00eb nuk mund t\u00eb hyj n\u00eb problemet e brendshme q\u00eb ka Edi Rama me Veliajn, por di t\u00eb them q\u00eb shkaktari i t\u00eb gjith\u00eb t\u00eb keqes s\u00eb sotshme \u00ebsht\u00eb Edi Rama. Erion Veliaj \u00ebsht\u00eb ushtar i perandoris\u00eb s\u00eb Edi Ram\u00ebs.<\/span><\/p>\n<p><img loading=\"lazy\" decoding=\"async\" class=\"aligncenter size-full wp-image-250417\" src=\"https:\/\/hashtag.al\/wp-content\/uploads\/2018\/11\/ramaveliaj15nentor.jpg\" alt=\"\" width=\"960\" height=\"640\" \/><\/p>\n","protected":false,"gt_translate_keys":[{"key":"rendered","format":"html"}]},"excerpt":{"rendered":"<p>Kryetarja e LSI-s\u00eb, Kryemadhi, ka dh\u00ebn\u00eb nj\u00eb intervist\u00eb \u00a0n\u00eb Panairin e Librit. Gjat\u00eb intervist\u00ebs Kryemadhi deklaroi se vendi ka shum\u00eb probleme si varf\u00ebria, papun\u00ebsia, paligjshm\u00ebria me t\u00eb cil\u00ebn qeveriset dhe arroganca e instituconeve shtet\u00ebrore. Ajo theksoi se opozita do jet\u00eb n\u00eb funksion t\u00eb qytetar\u00ebve pasi do jet\u00eb populli q\u00eb do e drejtoj\u00eb kurse opozita do [&hellip;]<\/p>\n","protected":false,"gt_translate_keys":[{"key":"rendered","format":"html"}]},"author":51,"featured_media":250416,"comment_status":"open","ping_status":"open","sticky":false,"template":"","format":"standard","meta":{"footnotes":""},"categories":[65],"tags":[],"class_list":["post-250414","post","type-post","status-publish","format-standard","has-post-thumbnail","hentry","category-lajme"],"gt_translate_keys":[{"key":"link","format":"url"}],"_links":{"self":[{"href":"https:\/\/www.hashtag.al\/index.php\/wp-json\/wp\/v2\/posts\/250414","targetHints":{"allow":["GET"]}}],"collection":[{"href":"https:\/\/www.hashtag.al\/index.php\/wp-json\/wp\/v2\/posts"}],"about":[{"href":"https:\/\/www.hashtag.al\/index.php\/wp-json\/wp\/v2\/types\/post"}],"author":[{"embeddable":true,"href":"https:\/\/www.hashtag.al\/index.php\/wp-json\/wp\/v2\/users\/51"}],"replies":[{"embeddable":true,"href":"https:\/\/www.hashtag.al\/index.php\/wp-json\/wp\/v2\/comments?post=250414"}],"version-history":[{"count":0,"href":"https:\/\/www.hashtag.al\/index.php\/wp-json\/wp\/v2\/posts\/250414\/revisions"}],"wp:featuredmedia":[{"embeddable":true,"href":"https:\/\/www.hashtag.al\/index.php\/wp-json\/wp\/v2\/media\/250416"}],"wp:attachment":[{"href":"https:\/\/www.hashtag.al\/index.php\/wp-json\/wp\/v2\/media?parent=250414"}],"wp:term":[{"taxonomy":"category","embeddable":true,"href":"https:\/\/www.hashtag.al\/index.php\/wp-json\/wp\/v2\/categories?post=250414"},{"taxonomy":"post_tag","embeddable":true,"href":"https:\/\/www.hashtag.al\/index.php\/wp-json\/wp\/v2\/tags?post=250414"}],"curies":[{"name":"wp","href":"https:\/\/api.w.org\/{rel}","templated":true}]}}