{"id":250373,"date":"2018-11-15T11:25:34","date_gmt":"2018-11-15T10:25:34","guid":{"rendered":"https:\/\/hashtag.al\/?p=250373"},"modified":"2018-11-15T19:09:16","modified_gmt":"2018-11-15T18:09:16","slug":"a-u-arratis-gruevski-nepermjet-tiranes-zbulohet-versioni-tjeter","status":"publish","type":"post","link":"https:\/\/www.hashtag.al\/index.php\/2018\/11\/15\/a-u-arratis-gruevski-nepermjet-tiranes-zbulohet-versioni-tjeter\/","title":{"rendered":"A u arratis Gruevski n\u00ebp\u00ebrmjet Tiran\u00ebs? Zbulohet versioni tjet\u00ebr","gt_translate_keys":[{"key":"rendered","format":"text"}]},"content":{"rendered":"<p><img loading=\"lazy\" decoding=\"async\" class=\"aligncenter size-full wp-image-250374\" src=\"https:\/\/hashtag.al\/wp-content\/uploads\/2018\/11\/gruevski15nentor.PNG2_.png\" alt=\"\" width=\"670\" height=\"434\" srcset=\"https:\/\/www.hashtag.al\/wp-content\/uploads\/2018\/11\/gruevski15nentor.PNG2_.png 670w, https:\/\/www.hashtag.al\/wp-content\/uploads\/2018\/11\/gruevski15nentor.PNG2_-300x194.png 300w\" sizes=\"auto, (max-width: 670px) 100vw, 670px\" \/><\/p>\n<p><span style=\"color: #000000;\">Ish-kryeministri maqedonas, Gruevski, ka kaluar kufirin maqedono-shqiptar me nj\u00eb pasaport\u00eb t\u00eb rreme gjat\u00eb nat\u00ebs dhe ka hyr\u00eb n\u00eb m\u00ebnyr\u00eb t\u00eb paligjshme n\u00eb Tiran\u00eb, ku e kan\u00eb pranuar n\u00eb ambasad\u00ebn e Hungaris\u00eb. <\/span><\/p>\n<p><span style=\"color: #000000;\">M\u00ebngjesin tjet\u00ebr ai mb\u00ebrriti me avion nga Tirana n\u00eb Budapest.<\/span><\/p>\n<p><span style=\"color: #000000;\">Nikolla Gruevski, ish-kryeministri i Maqedonis\u00eb, \u00ebsht\u00eb n\u00eb Budapest, ku ka k\u00ebrkuar azil politik nga autoritetet hungareze. <\/span><\/p>\n<p><span style=\"color: #000000;\">Ai ka mundur t\u00eb arratiset dhe p\u00ebrkoh\u00ebsisht t\u00eb shmang\u00eb d\u00ebnimin prej 2 vitesh burg n\u00eb Maqedoni, p\u00ebr shkak t\u00eb korrupsionit lidhur me blerjen e nj\u00eb makine \u201cMercedez\u2011Benz\u201d.<\/span><\/p>\n<p><span style=\"color: #000000;\">Pasi ka marr\u00eb informacione nga bashk\u00ebpun\u00ebtor\u00ebt e tij n\u00eb autoritetet maqedonase se policia po b\u00ebhej gati q\u00eb ta arrestonte, Gruevski, kaloi kufirin maqedono-shqiptar me nj\u00eb pasaport\u00eb t\u00eb rreme gjat\u00eb nat\u00ebs dhe mb\u00ebrriti n\u00eb kryeqytetin shqiptar, nga ku t\u00eb nes\u00ebrmen u nis drejt Budapestit.<\/span><\/p>\n<p><span style=\"color: #000000;\">Ekuipazhi i avionit nuk kishte asnj\u00eb ide se kush ishte pasagjeri me kapel\u00eb n\u00eb kok\u00eb dhe syze dielli, t\u00eb cil\u00ebn ai as nuk e hoqi as brenda avionit.<\/span><\/p>\n<p><span style=\"color: #000000;\">N\u00eb momentin e hyrjes n\u00eb fuqi t\u00eb urdh\u00ebr-arrestit t\u00eb Maqedonis\u00eb, rreth or\u00ebs 10:00 t\u00eb m\u00ebngjesit, Nikola Gruevski kishte mb\u00ebrritur tashm\u00eb n\u00eb Budapest, nga ku u d\u00ebrgoi nj\u00eb mesazh \u201ct\u00eb ngroht\u00eb\u201d autoriteteve n\u00eb Shkup se pavar\u00ebsisht se u kishte ikur nbga duart, e p\u00eblqente Maqedonin\u00eb dhe se ai do ishte gjithmon\u00eb me t\u00eb.<\/span><\/p>\n<p><span style=\"color: #000000;\">Autoritetet n\u00eb Shkup reaguan me arrestimin e menj\u00ebhersh\u00ebm t\u00eb bashk\u00ebpun\u00ebtor\u00ebve t\u00eb Nikola Gruevskit, p\u00ebr shkak se dyshohej se mund t\u00eb arratiseshin nj\u00ebsoj si Gruevski. Tani q\u00eb \u201czogu iku nga duart\u201d, autoritetet po hetojn\u00eb se kush e ndihmoi Gruevskin t\u00eb ikte nga Shkupi.<\/span><\/p>\n<p><span style=\"color: #000000;\">Gruevski ishte n\u00ebn mbik\u00ebqyrje t\u00eb rrept\u00eb policore p\u00ebr 24 or\u00eb. Por pavar\u00ebsisht k\u00ebsaj ia doli q\u00eb me dokumente false dhe nuk u dallua nga autoritetet e dy vendeve, p\u00ebr m\u00eb tep\u00ebr pa dokumente pasi pasaporta i \u00ebsht\u00eb bllokuar nga autoritetet.<\/span><\/p>\n<p><span style=\"color: #000000;\">Ekziston edhe nj\u00eb variant tjet\u00ebr i arratisjes s\u00eb Gruevski, i veshur si grua.<\/span><\/p>\n<p><span style=\"color: #000000;\">Kryeministri maqedonas, Zaev, ka deklaruar se Gruevski \u00ebsht\u00eb larguar si burracak por shum\u00eb shpejt do ekstradohet dhe do vuaj\u00eb d\u00ebnimin n\u00eb vendin e tij.<\/span><\/p>\n<p><span style=\"color: #000000;\"><em>&#8220;Ju siguroj se marr\u00ebdh\u00ebniet miq\u00ebsore midis dy vendeve tona nuk varen nga asnj\u00eb marr\u00ebdh\u00ebnie miq\u00ebsore personale dhe Hungaria do e ekstradoj\u00eb Nikola Gruevskin n\u00eb dit\u00ebt n\u00eb vijim p\u00ebr t\u00eb vuajtur d\u00ebnimin. <\/em><\/span><\/p>\n<p><span style=\"color: #000000;\"><em>Hungaria \u00ebsht\u00eb pjes\u00eb e BE-s\u00eb dhe \u00ebsht\u00eb e papranueshme q\u00eb shteti an\u00ebtar i BE-s\u00eb nuk respekton sundimin e ligjit, p\u00ebr ne kjo vler\u00eb evropiane \u00ebsht\u00eb e shenjt\u00eb,&#8221;<\/em> tha Zaev n\u00eb nj\u00eb konferenc\u00eb, duke e quajtur Gruevskin&#8221; nj\u00eb frikacak q\u00eb vazhdonte t\u00eb thoshte se ishte gati t\u00eb merrte p\u00ebrgjegj\u00ebsin\u00eb dhe t\u00eb shkonte n\u00eb burg, por u largua jasht\u00eb vendit.<\/span><\/p>\n<p><span style=\"color: #000000;\">Nd\u00ebrkoh\u00eb partit\u00eb opozitare kan\u00eb k\u00ebrkuar ekstradimin e Gruevskit n\u00eb Maqedoni, ku ka kryer nj\u00eb vep\u00ebr penale dhe duhet t\u00eb vuaj\u00eb d\u00ebnimin sipas ligjit. Ata thont\u00eb se Maqedonia \u00ebsht\u00eb vend i sigurt dhe se Gruevskin nuk e k\u00ebrc\u00ebnon askush. <em><strong>\/Hashtag.al<\/strong><\/em><\/span><\/p>\n<p><span style=\"color: #000000;\"><span style=\"color: #ff0000;\"><strong>VINI RE<\/strong><\/span>: Ky material \u00ebsht\u00eb pron\u00ebsi intelektuale e <a href=\"http:\/\/www.politika.rs\/scc\/clanak\/415754\/Gruevski-pobegao-preko-Albanije\"><span style=\"color: #0000ff;\">Politika.rs<\/span><\/a> dhe <span style=\"color: #0000ff;\"><a style=\"color: #0000ff;\" href=\"https:\/\/sputniknews.com\/europe\/201811141069805731-macedonia-hungary-asylum\/\">Sputnik<\/a><\/span><\/span><\/p>\n<p><img loading=\"lazy\" decoding=\"async\" class=\"aligncenter size-full wp-image-250375\" src=\"https:\/\/hashtag.al\/wp-content\/uploads\/2018\/11\/nikola.jpg\" alt=\"\" width=\"1280\" height=\"892\" srcset=\"https:\/\/www.hashtag.al\/wp-content\/uploads\/2018\/11\/nikola.jpg 1280w, https:\/\/www.hashtag.al\/wp-content\/uploads\/2018\/11\/nikola-300x209.jpg 300w, https:\/\/www.hashtag.al\/wp-content\/uploads\/2018\/11\/nikola-768x535.jpg 768w, https:\/\/www.hashtag.al\/wp-content\/uploads\/2018\/11\/nikola-1024x714.jpg 1024w\" sizes=\"auto, (max-width: 1280px) 100vw, 1280px\" \/><\/p>\n","protected":false,"gt_translate_keys":[{"key":"rendered","format":"html"}]},"excerpt":{"rendered":"<p>Ish-kryeministri maqedonas, Gruevski, ka kaluar kufirin maqedono-shqiptar me nj\u00eb pasaport\u00eb t\u00eb rreme gjat\u00eb nat\u00ebs dhe ka hyr\u00eb n\u00eb m\u00ebnyr\u00eb t\u00eb paligjshme n\u00eb Tiran\u00eb, ku e kan\u00eb pranuar n\u00eb ambasad\u00ebn e Hungaris\u00eb. M\u00ebngjesin tjet\u00ebr ai mb\u00ebrriti me avion nga Tirana n\u00eb Budapest. Nikolla Gruevski, ish-kryeministri i Maqedonis\u00eb, \u00ebsht\u00eb n\u00eb Budapest, ku ka k\u00ebrkuar azil politik nga [&hellip;]<\/p>\n","protected":false,"gt_translate_keys":[{"key":"rendered","format":"html"}]},"author":51,"featured_media":250376,"comment_status":"open","ping_status":"open","sticky":false,"template":"","format":"standard","meta":{"footnotes":""},"categories":[149,6],"tags":[],"class_list":["post-250373","post","type-post","status-publish","format-standard","has-post-thumbnail","hentry","category-kosoverajon","category-nderkombetare"],"gt_translate_keys":[{"key":"link","format":"url"}],"_links":{"self":[{"href":"https:\/\/www.hashtag.al\/index.php\/wp-json\/wp\/v2\/posts\/250373","targetHints":{"allow":["GET"]}}],"collection":[{"href":"https:\/\/www.hashtag.al\/index.php\/wp-json\/wp\/v2\/posts"}],"about":[{"href":"https:\/\/www.hashtag.al\/index.php\/wp-json\/wp\/v2\/types\/post"}],"author":[{"embeddable":true,"href":"https:\/\/www.hashtag.al\/index.php\/wp-json\/wp\/v2\/users\/51"}],"replies":[{"embeddable":true,"href":"https:\/\/www.hashtag.al\/index.php\/wp-json\/wp\/v2\/comments?post=250373"}],"version-history":[{"count":0,"href":"https:\/\/www.hashtag.al\/index.php\/wp-json\/wp\/v2\/posts\/250373\/revisions"}],"wp:featuredmedia":[{"embeddable":true,"href":"https:\/\/www.hashtag.al\/index.php\/wp-json\/wp\/v2\/media\/250376"}],"wp:attachment":[{"href":"https:\/\/www.hashtag.al\/index.php\/wp-json\/wp\/v2\/media?parent=250373"}],"wp:term":[{"taxonomy":"category","embeddable":true,"href":"https:\/\/www.hashtag.al\/index.php\/wp-json\/wp\/v2\/categories?post=250373"},{"taxonomy":"post_tag","embeddable":true,"href":"https:\/\/www.hashtag.al\/index.php\/wp-json\/wp\/v2\/tags?post=250373"}],"curies":[{"name":"wp","href":"https:\/\/api.w.org\/{rel}","templated":true}]}}