{"id":250253,"date":"2018-11-14T22:58:48","date_gmt":"2018-11-14T21:58:48","guid":{"rendered":"https:\/\/hashtag.al\/?p=250253"},"modified":"2018-11-14T22:52:41","modified_gmt":"2018-11-14T21:52:41","slug":"tkurret-ekonomia-gjermane-industria-e-makinave-frenuesi-kryesor","status":"publish","type":"post","link":"https:\/\/www.hashtag.al\/index.php\/2018\/11\/14\/tkurret-ekonomia-gjermane-industria-e-makinave-frenuesi-kryesor\/","title":{"rendered":"Tkurret ekonomia gjermane, industria e makinave frenuesi kryesor","gt_translate_keys":[{"key":"rendered","format":"text"}]},"content":{"rendered":"<p><img loading=\"lazy\" decoding=\"async\" class=\"aligncenter size-full wp-image-250254\" src=\"https:\/\/hashtag.al\/wp-content\/uploads\/2018\/11\/2018-08-14T065245Z_1_LYNXMPEE7D0BG_RTROPTP_4_GERMANY-ECONOMY-GDP-600x380.jpg\" alt=\"\" width=\"600\" height=\"380\" srcset=\"https:\/\/www.hashtag.al\/wp-content\/uploads\/2018\/11\/2018-08-14T065245Z_1_LYNXMPEE7D0BG_RTROPTP_4_GERMANY-ECONOMY-GDP-600x380.jpg 600w, https:\/\/www.hashtag.al\/wp-content\/uploads\/2018\/11\/2018-08-14T065245Z_1_LYNXMPEE7D0BG_RTROPTP_4_GERMANY-ECONOMY-GDP-600x380-300x190.jpg 300w\" sizes=\"auto, (max-width: 600px) 100vw, 600px\" \/><\/p>\n<p>Ekonomia gjermane \u00ebsht\u00eb tkurrur gjat\u00eb tremujorit t\u00eb tret\u00eb p\u00ebr her\u00eb t\u00eb par\u00eb q\u00eb prej vitit 2015, nd\u00ebrkoh\u00eb q\u00eb tensionet globale t\u00eb tregtis\u00eb dhe problemi vendas n\u00eb industrin\u00eb e makinave, kan\u00eb frenuar nxit\u00ebsin tradicional t\u00eb ekonomis\u00eb q\u00eb \u00ebsht\u00eb tregtia neto.<\/p>\n<p>Produkti i Brendsh\u00ebm Bruto i ekonomis\u00eb m\u00eb t\u00eb madhe t\u00eb Europ\u00ebs ra me 0.2% n\u00eb tremujorin e tret\u00eb krahasuar me t\u00eb dytin, sipas zyr\u00ebs Federale t\u00eb Statistikave.<\/p>\n<p>Megjithat\u00eb,\u00a0 Ministria e Ekonomis\u00eb deklaroi se rim\u00ebk\u00ebmbja do t\u00eb vazhdoj\u00eb n\u00eb tremujorin e kat\u00ebrt, duke shtuar se r\u00ebnia n\u00eb periudh\u00ebn Korrik-Shtator, ka ardhur prej prezantimit t\u00eb standardeve t\u00eb reja t\u00eb ndotjes (\u00cbLTP) p\u00ebr makinat.<\/p>\n<p>\u201cNj\u00eb tkurrje me 0.2% nuk \u00ebsht\u00eb nj\u00eb katastrof\u00eb\u201d, tha ministri i Ekonomis\u00eb, Peter Altmaier. Me baz\u00eb vjetore, ekonomia u rrit me 1.1% n\u00eb tremujorin e tret\u00eb, posht\u00eb projeksioneve p\u00ebr 1.3% rritje.<\/p>\n<p>Zyra e Statistikave deklaroi se r\u00ebnia e PBB krahasuar me tremujorin e dyt\u00eb erdhi kryesisht nga tregtia e jashtme, nd\u00ebrkoh\u00eb q\u00eb eksportet kan\u00eb r\u00ebn\u00eb dhe importet jan\u00eb rritur.\u00a0Tkurrja n\u00eb tremujorin e tret\u00eb ishte e para q\u00eb prej fillimit t\u00eb 2015-\u00ebs p\u00ebr ekonomin\u00eb gjermane.<\/p>\n<p>Qeveria kishte paralajm\u00ebruar p\u00ebr nj\u00eb performanc\u00eb t\u00eb dob\u00ebt, duke p\u00ebrmendur problemet n\u00eb sektorin e makinave q\u00eb erdh\u00ebn prej rregullave t\u00eb reja.<\/p>\n<p>Ministria e Ekonomis\u00eb b\u00ebri t\u00eb ditur se problemet nga rregullat e reja t\u00eb ndotjes p\u00ebr makinat, i kan\u00eb hequr ekonomis\u00eb gjermane 0.4%. Investitor\u00ebt jan\u00eb shqet\u00ebsuar p\u00ebr ekonomin\u00eb gjermane,\u00a0 q\u00eb ndodhet n\u00eb rritje p\u00ebr 9 vite radhazi, prej tensioneve tregtare dhe daljes s\u00eb Britanis\u00eb nga Bashkimi Europian.<\/p>\n<p>P\u00ebrve\u00e7 pasiguris\u00eb nga politikat tregtare t\u00eb Donald Trump, firmat shqet\u00ebsohen edhe nga destabiliteti n\u00eb vend, ku koalicioni i Angela Merkel ka qen\u00eb 2 her\u00eb pran\u00eb kolapsit.<\/p>\n<p>&nbsp;<\/p>\n","protected":false,"gt_translate_keys":[{"key":"rendered","format":"html"}]},"excerpt":{"rendered":"<p>Ekonomia gjermane \u00ebsht\u00eb tkurrur gjat\u00eb tremujorit t\u00eb tret\u00eb p\u00ebr her\u00eb t\u00eb par\u00eb q\u00eb prej vitit 2015, nd\u00ebrkoh\u00eb q\u00eb tensionet globale t\u00eb tregtis\u00eb dhe problemi vendas n\u00eb industrin\u00eb e makinave, kan\u00eb frenuar nxit\u00ebsin tradicional t\u00eb ekonomis\u00eb q\u00eb \u00ebsht\u00eb tregtia neto. Produkti i Brendsh\u00ebm Bruto i ekonomis\u00eb m\u00eb t\u00eb madhe t\u00eb Europ\u00ebs ra me 0.2% n\u00eb tremujorin [&hellip;]<\/p>\n","protected":false,"gt_translate_keys":[{"key":"rendered","format":"html"}]},"author":32,"featured_media":250254,"comment_status":"open","ping_status":"open","sticky":false,"template":"","format":"standard","meta":{"footnotes":""},"categories":[6],"tags":[],"class_list":["post-250253","post","type-post","status-publish","format-standard","has-post-thumbnail","hentry","category-nderkombetare"],"gt_translate_keys":[{"key":"link","format":"url"}],"_links":{"self":[{"href":"https:\/\/www.hashtag.al\/index.php\/wp-json\/wp\/v2\/posts\/250253","targetHints":{"allow":["GET"]}}],"collection":[{"href":"https:\/\/www.hashtag.al\/index.php\/wp-json\/wp\/v2\/posts"}],"about":[{"href":"https:\/\/www.hashtag.al\/index.php\/wp-json\/wp\/v2\/types\/post"}],"author":[{"embeddable":true,"href":"https:\/\/www.hashtag.al\/index.php\/wp-json\/wp\/v2\/users\/32"}],"replies":[{"embeddable":true,"href":"https:\/\/www.hashtag.al\/index.php\/wp-json\/wp\/v2\/comments?post=250253"}],"version-history":[{"count":0,"href":"https:\/\/www.hashtag.al\/index.php\/wp-json\/wp\/v2\/posts\/250253\/revisions"}],"wp:featuredmedia":[{"embeddable":true,"href":"https:\/\/www.hashtag.al\/index.php\/wp-json\/wp\/v2\/media\/250254"}],"wp:attachment":[{"href":"https:\/\/www.hashtag.al\/index.php\/wp-json\/wp\/v2\/media?parent=250253"}],"wp:term":[{"taxonomy":"category","embeddable":true,"href":"https:\/\/www.hashtag.al\/index.php\/wp-json\/wp\/v2\/categories?post=250253"},{"taxonomy":"post_tag","embeddable":true,"href":"https:\/\/www.hashtag.al\/index.php\/wp-json\/wp\/v2\/tags?post=250253"}],"curies":[{"name":"wp","href":"https:\/\/api.w.org\/{rel}","templated":true}]}}