{"id":250250,"date":"2018-11-14T22:38:26","date_gmt":"2018-11-14T21:38:26","guid":{"rendered":"https:\/\/hashtag.al\/?p=250250"},"modified":"2018-11-14T22:39:40","modified_gmt":"2018-11-14T21:39:40","slug":"edhe-pse-nuk-e-njeh-si-shtet-spanja-lejon-perdorimin-e-simboleve-te-kosoves","status":"publish","type":"post","link":"https:\/\/www.hashtag.al\/index.php\/2018\/11\/14\/edhe-pse-nuk-e-njeh-si-shtet-spanja-lejon-perdorimin-e-simboleve-te-kosoves\/","title":{"rendered":"Edhe pse nuk e njeh si shtet, Spanja lejon p\u00ebrdorimin e simboleve t\u00eb Kosov\u00ebs\u00a0","gt_translate_keys":[{"key":"rendered","format":"text"}]},"content":{"rendered":"<p><img loading=\"lazy\" decoding=\"async\" class=\"aligncenter size-full wp-image-250251\" src=\"https:\/\/hashtag.al\/wp-content\/uploads\/2018\/11\/2018-02-14-Albin-Tahir-Kosovo-thumbnail.jpg\" alt=\"\" width=\"2120\" height=\"1200\" srcset=\"https:\/\/www.hashtag.al\/wp-content\/uploads\/2018\/11\/2018-02-14-Albin-Tahir-Kosovo-thumbnail.jpg 2120w, https:\/\/www.hashtag.al\/wp-content\/uploads\/2018\/11\/2018-02-14-Albin-Tahir-Kosovo-thumbnail-300x170.jpg 300w, https:\/\/www.hashtag.al\/wp-content\/uploads\/2018\/11\/2018-02-14-Albin-Tahir-Kosovo-thumbnail-768x435.jpg 768w, https:\/\/www.hashtag.al\/wp-content\/uploads\/2018\/11\/2018-02-14-Albin-Tahir-Kosovo-thumbnail-1024x580.jpg 1024w\" sizes=\"auto, (max-width: 2120px) 100vw, 2120px\" \/><\/p>\n<p>Spanja do t\u00eb lejoj\u00eb atlet\u00ebt kosovar\u00eb t\u00eb p\u00ebrdorin simbolet komb\u00ebtare, n\u00eb nj\u00eb kompeticion t\u00eb organizuar n\u00eb shtetin iberik, edhe pse Madridi nuk e njeh ende pavar\u00ebsin\u00eb e shtetit ballkanik. Kjo \u00ebsht\u00eb deklarata e Komitetit Olimpik spanjoll, l\u00ebshuar k\u00ebt\u00eb t\u00eb m\u00ebrkur\u00eb.<\/p>\n<p>Vendimi vjen pasi zv.presidenti i Komitetit Olimpik Nd\u00ebrkomb\u00ebtar, Juan Antonio Samaranch paralajm\u00ebroi se refuzimi i Spanj\u00ebs p\u00ebr t\u00eb njohur Kosov\u00ebn ishte nj\u00eb penges\u00eb madhore p\u00ebr zhvillimin e kompeticioneve t\u00eb r\u00ebnd\u00ebsishme sportive n\u00eb vendin iberik.<\/p>\n<p>\u201cQeveria spanjolle do t\u2019iu ofroj\u00eb delegacioneve sportive nga Kosova, q\u00eb do t\u00eb vijn\u00eb p\u00ebr t\u00eb garuar n\u00eb Spanj\u00eb, t\u00eb gjitha mjetet e nevojshme duke filluar nga vizat, e sigurisht do t\u2019i lejoj\u00eb ata t\u00eb p\u00ebrdorin simbolet e tyre komb\u00ebtare, nga himni e deri te flamuri, n\u00eb p\u00ebrputhje me protokollin e IOC-s\u00eb\u201d, thuhet n\u00eb deklarat\u00ebn e Komitetit Olimpik spanjoll, raporton Top Channel.<\/p>\n<p>Vendimi \u00ebsht\u00eb marr\u00eb nga Ministria e Jashtme spanjolle, konfirmon m\u00eb tej ky komitet.<\/p>\n<p>Spanja, e cila p\u00ebrballet edhe vet me l\u00ebvizje separatiste n\u00eb Katalonj\u00eb dhe krahin\u00ebn Baske, \u00ebsht\u00eb nj\u00ebra prej 5 vendeve t\u00eb Bashkimit Europian q\u00eb nuk e njohin ende pavar\u00ebsin\u00eb e shtetit ballkanik, q\u00eb u m\u00ebvet\u00ebsua nga Serbia n\u00eb vitin 2008.<\/p>\n<p>Kjo gj\u00eb p\u00ebrb\u00ebnte nj\u00eb problem p\u00ebr t\u00eb gjith\u00eb atlet\u00ebt nga Kosova, t\u00eb cil\u00ebt donin t\u00eb merrnin pjes\u00eb n\u00eb kompeticione nd\u00ebrkomb\u00ebtare n\u00eb Spanj\u00eb. P\u00ebr shembull, gjat\u00eb kampionatit bot\u00ebror t\u00eb karates\u00eb q\u00eb u zhvillua m\u00eb 6-11 n\u00ebntor n\u00eb Madrid, atlet\u00ebt nga Kosova u lejuan t\u00eb garonin vet\u00ebm me akronimin e Federat\u00ebs s\u00eb tyre n\u00eb uniformat sportive. Por tabelat e rezultateve i identifikonin ata si \u201cWorld Karate Federation WKF 5) dhe himni e flamujt ishin ndaluar.<\/p>\n<p>Kjo b\u00ebri q\u00eb IOC-ja t\u2019u k\u00ebrkonte federatave nd\u00ebrkomb\u00ebtare t\u00eb mos i japin m\u00eb t\u00eb drejta organizimi Spanj\u00ebs, derisa kjo \u00e7\u00ebshtje t\u00eb zgjidhej, si\u00e7 b\u00ebn t\u00eb ditur nj\u00eb burim nga organi me seli n\u00eb Zvic\u00ebr p\u00ebr \u201cAFP\u201d-n\u00eb.<\/p>\n<p>&nbsp;<\/p>\n","protected":false,"gt_translate_keys":[{"key":"rendered","format":"html"}]},"excerpt":{"rendered":"<p>Spanja do t\u00eb lejoj\u00eb atlet\u00ebt kosovar\u00eb t\u00eb p\u00ebrdorin simbolet komb\u00ebtare, n\u00eb nj\u00eb kompeticion t\u00eb organizuar n\u00eb shtetin iberik, edhe pse Madridi nuk e njeh ende pavar\u00ebsin\u00eb e shtetit ballkanik. Kjo \u00ebsht\u00eb deklarata e Komitetit Olimpik spanjoll, l\u00ebshuar k\u00ebt\u00eb t\u00eb m\u00ebrkur\u00eb. Vendimi vjen pasi zv.presidenti i Komitetit Olimpik Nd\u00ebrkomb\u00ebtar, Juan Antonio Samaranch paralajm\u00ebroi se refuzimi i [&hellip;]<\/p>\n","protected":false,"gt_translate_keys":[{"key":"rendered","format":"html"}]},"author":32,"featured_media":250251,"comment_status":"open","ping_status":"open","sticky":false,"template":"","format":"standard","meta":{"footnotes":""},"categories":[149],"tags":[],"class_list":["post-250250","post","type-post","status-publish","format-standard","has-post-thumbnail","hentry","category-kosoverajon"],"gt_translate_keys":[{"key":"link","format":"url"}],"_links":{"self":[{"href":"https:\/\/www.hashtag.al\/index.php\/wp-json\/wp\/v2\/posts\/250250","targetHints":{"allow":["GET"]}}],"collection":[{"href":"https:\/\/www.hashtag.al\/index.php\/wp-json\/wp\/v2\/posts"}],"about":[{"href":"https:\/\/www.hashtag.al\/index.php\/wp-json\/wp\/v2\/types\/post"}],"author":[{"embeddable":true,"href":"https:\/\/www.hashtag.al\/index.php\/wp-json\/wp\/v2\/users\/32"}],"replies":[{"embeddable":true,"href":"https:\/\/www.hashtag.al\/index.php\/wp-json\/wp\/v2\/comments?post=250250"}],"version-history":[{"count":0,"href":"https:\/\/www.hashtag.al\/index.php\/wp-json\/wp\/v2\/posts\/250250\/revisions"}],"wp:featuredmedia":[{"embeddable":true,"href":"https:\/\/www.hashtag.al\/index.php\/wp-json\/wp\/v2\/media\/250251"}],"wp:attachment":[{"href":"https:\/\/www.hashtag.al\/index.php\/wp-json\/wp\/v2\/media?parent=250250"}],"wp:term":[{"taxonomy":"category","embeddable":true,"href":"https:\/\/www.hashtag.al\/index.php\/wp-json\/wp\/v2\/categories?post=250250"},{"taxonomy":"post_tag","embeddable":true,"href":"https:\/\/www.hashtag.al\/index.php\/wp-json\/wp\/v2\/tags?post=250250"}],"curies":[{"name":"wp","href":"https:\/\/api.w.org\/{rel}","templated":true}]}}