{"id":250110,"date":"2018-11-14T15:04:10","date_gmt":"2018-11-14T14:04:10","guid":{"rendered":"https:\/\/hashtag.al\/?p=250110"},"modified":"2018-11-14T15:14:45","modified_gmt":"2018-11-14T14:14:45","slug":"terhiqet-veliaj-dhe-fyen-serish-shpellare-quajta-deputetet-e-saliut-ata-jane-prehistorike","status":"publish","type":"post","link":"https:\/\/www.hashtag.al\/index.php\/2018\/11\/14\/terhiqet-veliaj-dhe-fyen-serish-shpellare-quajta-deputetet-e-saliut-ata-jane-prehistorike\/","title":{"rendered":"T\u00ebrhiqet Veliaj dhe fyen s\u00ebrish: Shpellar\u00eb quajta deputet\u00ebt e Saliut, ata jan\u00eb prehistorik\u00eb!","gt_translate_keys":[{"key":"rendered","format":"text"}]},"content":{"rendered":"<p><span style=\"color: #000000;\"><img loading=\"lazy\" decoding=\"async\" class=\"aligncenter size-full wp-image-250111\" src=\"https:\/\/hashtag.al\/wp-content\/uploads\/2018\/11\/shpellare.jpg\" alt=\"\" width=\"2048\" height=\"1365\" srcset=\"https:\/\/www.hashtag.al\/wp-content\/uploads\/2018\/11\/shpellare.jpg 2048w, https:\/\/www.hashtag.al\/wp-content\/uploads\/2018\/11\/shpellare-300x200.jpg 300w, https:\/\/www.hashtag.al\/wp-content\/uploads\/2018\/11\/shpellare-768x512.jpg 768w, https:\/\/www.hashtag.al\/wp-content\/uploads\/2018\/11\/shpellare-1024x683.jpg 1024w\" sizes=\"auto, (max-width: 2048px) 100vw, 2048px\" \/><\/span><\/p>\n<p><span style=\"color: #000000;\">Kryebashkiaku i Tiran\u00ebs, Erion Veliaj, ka t\u00ebrhequr deklarat\u00ebn e djeshme duke th\u00ebn\u00eb se shpellar\u00eb nuk kishte quajtur banor\u00ebt e Unaz\u00ebs s\u00eb Re, por deputet\u00ebt e Partis\u00eb Demokratike. <\/span><\/p>\n<p><span style=\"color: #000000;\">N\u00eb nj\u00eb status n\u00eb faqen e tij n\u00eb \u201cFacebook\u201d, Veliaj shkruan se shpellar\u00eb ka quajtur deputet\u00ebt e Saliut, t\u00eb cil\u00ebt u ishin sulur barbarisht policeve femra t\u00eb Policis\u00eb Bashkis\u00eb, nd\u00ebrsa shkruan se refuzon t\u2019i quaj\u00eb deputet\u00eb p\u00ebrfaq\u00ebsuesit e PD-s\u00eb n\u00eb Kuvend, t\u00eb cil\u00ebt sipas tij jan\u00eb prehistorik\u00eb.<\/span><\/p>\n<p><span style=\"color: #000000;\"><em>\u201cSqarim:\u00a0Shpellar\u00eb quajta deputet\u00ebt e Saliut, q\u00eb i sulen barbarisht zonjave police t\u00eb bashkis\u00eb! S\u2019i quaj dot deputet\u00eb k\u00ebta prehistorik\u00eb! Saliu i vrau me plumba n\u00eb mish n\u00eb Bulevard, le m\u00eb t\u2019i lejonte te dera.\u00a0Shpron\u00ebsimet 100%, edhe pse shumica jan\u00eb lloto, lavazhe e 8 kate pa leje.\u201d<\/em> &#8211; shkruan Veliaj n\u00eb faqen e tij n\u00eb \u201cFacebook\u201d.<\/span><\/p>\n<p><span style=\"color: #000000;\">Dit\u00ebn e djeshme qindra banor\u00eb t\u00eb Unaz\u00ebs s\u00eb Re protestuan para Bashkis\u00eb s\u00eb Tiran\u00ebs duke k\u00ebrkuar d\u00ebmshp\u00ebrblim t\u00eb plot\u00eb p\u00ebr pronat e tyre, q\u00eb prishen pas projektit p\u00ebr zgjerimin e rrug\u00ebs. <\/span><\/p>\n<p><span style=\"color: #000000;\">Nat\u00ebn e mbr\u00ebmshme ata bllokuan segmentin nga &#8220;Pallati me Shigjeta&#8221; drejt &#8220;Sheshit Shqiponja&#8221; n\u00eb reagim t\u00eb deklaratave t\u00eb Veliajt.<\/span><\/p>\n<p><span style=\"color: #000000;\"><img loading=\"lazy\" decoding=\"async\" class=\"aligncenter size-full wp-image-249778\" src=\"https:\/\/hashtag.al\/wp-content\/uploads\/2018\/11\/banoret13nentor-1.jpg\" alt=\"\" width=\"1280\" height=\"853\" srcset=\"https:\/\/www.hashtag.al\/wp-content\/uploads\/2018\/11\/banoret13nentor-1.jpg 1280w, https:\/\/www.hashtag.al\/wp-content\/uploads\/2018\/11\/banoret13nentor-1-300x200.jpg 300w, https:\/\/www.hashtag.al\/wp-content\/uploads\/2018\/11\/banoret13nentor-1-768x512.jpg 768w, https:\/\/www.hashtag.al\/wp-content\/uploads\/2018\/11\/banoret13nentor-1-1024x682.jpg 1024w\" sizes=\"auto, (max-width: 1280px) 100vw, 1280px\" \/><\/span><\/p>\n","protected":false,"gt_translate_keys":[{"key":"rendered","format":"html"}]},"excerpt":{"rendered":"<p>Kryebashkiaku i Tiran\u00ebs, Erion Veliaj, ka t\u00ebrhequr deklarat\u00ebn e djeshme duke th\u00ebn\u00eb se shpellar\u00eb nuk kishte quajtur banor\u00ebt e Unaz\u00ebs s\u00eb Re, por deputet\u00ebt e Partis\u00eb Demokratike. N\u00eb nj\u00eb status n\u00eb faqen e tij n\u00eb \u201cFacebook\u201d, Veliaj shkruan se shpellar\u00eb ka quajtur deputet\u00ebt e Saliut, t\u00eb cil\u00ebt u ishin sulur barbarisht policeve femra t\u00eb Policis\u00eb [&hellip;]<\/p>\n","protected":false,"gt_translate_keys":[{"key":"rendered","format":"html"}]},"author":51,"featured_media":250112,"comment_status":"open","ping_status":"open","sticky":false,"template":"","format":"standard","meta":{"footnotes":""},"categories":[65],"tags":[],"class_list":["post-250110","post","type-post","status-publish","format-standard","has-post-thumbnail","hentry","category-lajme"],"gt_translate_keys":[{"key":"link","format":"url"}],"_links":{"self":[{"href":"https:\/\/www.hashtag.al\/index.php\/wp-json\/wp\/v2\/posts\/250110","targetHints":{"allow":["GET"]}}],"collection":[{"href":"https:\/\/www.hashtag.al\/index.php\/wp-json\/wp\/v2\/posts"}],"about":[{"href":"https:\/\/www.hashtag.al\/index.php\/wp-json\/wp\/v2\/types\/post"}],"author":[{"embeddable":true,"href":"https:\/\/www.hashtag.al\/index.php\/wp-json\/wp\/v2\/users\/51"}],"replies":[{"embeddable":true,"href":"https:\/\/www.hashtag.al\/index.php\/wp-json\/wp\/v2\/comments?post=250110"}],"version-history":[{"count":0,"href":"https:\/\/www.hashtag.al\/index.php\/wp-json\/wp\/v2\/posts\/250110\/revisions"}],"wp:featuredmedia":[{"embeddable":true,"href":"https:\/\/www.hashtag.al\/index.php\/wp-json\/wp\/v2\/media\/250112"}],"wp:attachment":[{"href":"https:\/\/www.hashtag.al\/index.php\/wp-json\/wp\/v2\/media?parent=250110"}],"wp:term":[{"taxonomy":"category","embeddable":true,"href":"https:\/\/www.hashtag.al\/index.php\/wp-json\/wp\/v2\/categories?post=250110"},{"taxonomy":"post_tag","embeddable":true,"href":"https:\/\/www.hashtag.al\/index.php\/wp-json\/wp\/v2\/tags?post=250110"}],"curies":[{"name":"wp","href":"https:\/\/api.w.org\/{rel}","templated":true}]}}