{"id":249921,"date":"2018-11-13T20:56:08","date_gmt":"2018-11-13T19:56:08","guid":{"rendered":"https:\/\/hashtag.al\/?p=249921"},"modified":"2018-11-13T21:06:02","modified_gmt":"2018-11-13T20:06:02","slug":"nikolle-lesi-rames-fute-zagaret-politike-per-te-sulmuar-meten-doje-ta-grije-presidentin","status":"publish","type":"post","link":"https:\/\/www.hashtag.al\/index.php\/2018\/11\/13\/nikolle-lesi-rames-fute-zagaret-politike-per-te-sulmuar-meten-doje-ta-grije-presidentin\/","title":{"rendered":"Nikoll\u00eb Lesi-Ram\u00ebs: Fute zagar\u00ebt politik\u00eb p\u00ebr t\u00eb sulmuar Met\u00ebn, doje ta grije presidentin","gt_translate_keys":[{"key":"rendered","format":"text"}]},"content":{"rendered":"<p><img loading=\"lazy\" decoding=\"async\" class=\"alignnone size-full wp-image-249924\" src=\"https:\/\/hashtag.al\/wp-content\/uploads\/2018\/11\/nikol-lesi.jpg\" alt=\"\" width=\"944\" height=\"702\" srcset=\"https:\/\/www.hashtag.al\/wp-content\/uploads\/2018\/11\/nikol-lesi.jpg 944w, https:\/\/www.hashtag.al\/wp-content\/uploads\/2018\/11\/nikol-lesi-300x223.jpg 300w, https:\/\/www.hashtag.al\/wp-content\/uploads\/2018\/11\/nikol-lesi-768x571.jpg 768w\" sizes=\"auto, (max-width: 944px) 100vw, 944px\" \/><\/p>\n<p><span style=\"color: #000000;\">Nikoll\u00eb Lesi p\u00ebr \u00e7\u00ebshtjen e mosdretimit t\u00eb Sand\u00ebr Lleshit si minist\u00ebr i Brendsh\u00ebm nga presidenti Meta \u00ebsht\u00eb shprehur se Rama \u00ebsht\u00eb acaruar shum\u00eb nga kjo gj\u00eb. Sipas tij kryeministri nuk e priste q\u00eb Meta t\u00eb mos i dekretonte Sand\u00ebr Lleshin.<\/span><\/p>\n<p><span style=\"color: #000000;\">Lesit shtoi m\u00eb tej se menj\u00ebher\u00eb Rama pas refuzimit t\u00eb dyt\u00eb nga Presidenca futi zagar\u00ebt politik\u00eb p\u00ebr t\u00eb sulmuar Met\u00ebn<\/span><\/p>\n<p><span style=\"color: #000000;\">&#8220;N\u00eb pik\u00eb t\u00eb m\u00ebngjesit kryeministri n\u00eb Twitter dha lajmin e dor\u00ebhqjes s\u00eb Xhafajt kishte frik\u00eb se mos i nd\u00ebrronte mendjen. Rama e b\u00ebri urgjent n\u00eb Twitter. Nj\u00eb shkres\u00eb pa kok\u00eb ishte propozimi p\u00ebr Sand\u00ebr Lleshin. Pasi u publikua lajmi se Meta nuk do ta dekretonte, Rama futi zagar\u00ebt politik\u00eb p\u00ebr ta sulmuar Met\u00ebs. Pasi ky i fundit nuk e dekretoi, n\u00eb parlament gjat\u00eb fjal\u00ebs Rama kishte nj\u00eb mllef t\u00eb jasht\u00ebzakonsh\u00ebm p\u00ebr ta grir\u00eb presidentin.&#8221;, u shpreh Nikoll Lesi n\u00eb &#8220;Report Tv&#8221;.\u00a0<\/span><\/p>\n<p><span style=\"color: #000000;\">&#8220;Un\u00eb nuk kam shkelur kushtetut\u00ebn. Sander Lleshi nuk \u00ebsht\u00eb gjeneral aktiv. Ai ishte ende n\u00eb gjyq me Ministrin\u00eb e Mbrojtjes. Ka proces gjyqsor aktualisht. Rikthimi n\u00eb detyr\u00eb i nj\u00eb gjenerali nuk b\u00ebhet nga gjykata. Propozimi \u00ebsht\u00eb kushtetues p\u00ebr minist\u00ebr.&#8221;, u shpreh Rama.<\/span><\/p>\n<p><img loading=\"lazy\" decoding=\"async\" class=\"alignnone size-full wp-image-248491\" src=\"https:\/\/hashtag.al\/wp-content\/uploads\/2018\/11\/rama-real-story.png\" alt=\"\" width=\"716\" height=\"415\" srcset=\"https:\/\/www.hashtag.al\/wp-content\/uploads\/2018\/11\/rama-real-story.png 716w, https:\/\/www.hashtag.al\/wp-content\/uploads\/2018\/11\/rama-real-story-300x174.png 300w\" sizes=\"auto, (max-width: 716px) 100vw, 716px\" \/><\/p>\n<p>&nbsp;<\/p>\n<p>&nbsp;<\/p>\n<p>&nbsp;<\/p>\n","protected":false,"gt_translate_keys":[{"key":"rendered","format":"html"}]},"excerpt":{"rendered":"<p>Nikoll\u00eb Lesi p\u00ebr \u00e7\u00ebshtjen e mosdretimit t\u00eb Sand\u00ebr Lleshit si minist\u00ebr i Brendsh\u00ebm nga presidenti Meta \u00ebsht\u00eb shprehur se Rama \u00ebsht\u00eb acaruar shum\u00eb nga kjo gj\u00eb. Sipas tij kryeministri nuk e priste q\u00eb Meta t\u00eb mos i dekretonte Sand\u00ebr Lleshin. Lesit shtoi m\u00eb tej se menj\u00ebher\u00eb Rama pas refuzimit t\u00eb dyt\u00eb nga Presidenca futi zagar\u00ebt [&hellip;]<\/p>\n","protected":false,"gt_translate_keys":[{"key":"rendered","format":"html"}]},"author":30,"featured_media":249924,"comment_status":"open","ping_status":"open","sticky":false,"template":"","format":"standard","meta":{"footnotes":""},"categories":[65],"tags":[],"class_list":["post-249921","post","type-post","status-publish","format-standard","has-post-thumbnail","hentry","category-lajme"],"gt_translate_keys":[{"key":"link","format":"url"}],"_links":{"self":[{"href":"https:\/\/www.hashtag.al\/index.php\/wp-json\/wp\/v2\/posts\/249921","targetHints":{"allow":["GET"]}}],"collection":[{"href":"https:\/\/www.hashtag.al\/index.php\/wp-json\/wp\/v2\/posts"}],"about":[{"href":"https:\/\/www.hashtag.al\/index.php\/wp-json\/wp\/v2\/types\/post"}],"author":[{"embeddable":true,"href":"https:\/\/www.hashtag.al\/index.php\/wp-json\/wp\/v2\/users\/30"}],"replies":[{"embeddable":true,"href":"https:\/\/www.hashtag.al\/index.php\/wp-json\/wp\/v2\/comments?post=249921"}],"version-history":[{"count":0,"href":"https:\/\/www.hashtag.al\/index.php\/wp-json\/wp\/v2\/posts\/249921\/revisions"}],"wp:featuredmedia":[{"embeddable":true,"href":"https:\/\/www.hashtag.al\/index.php\/wp-json\/wp\/v2\/media\/249924"}],"wp:attachment":[{"href":"https:\/\/www.hashtag.al\/index.php\/wp-json\/wp\/v2\/media?parent=249921"}],"wp:term":[{"taxonomy":"category","embeddable":true,"href":"https:\/\/www.hashtag.al\/index.php\/wp-json\/wp\/v2\/categories?post=249921"},{"taxonomy":"post_tag","embeddable":true,"href":"https:\/\/www.hashtag.al\/index.php\/wp-json\/wp\/v2\/tags?post=249921"}],"curies":[{"name":"wp","href":"https:\/\/api.w.org\/{rel}","templated":true}]}}