{"id":249898,"date":"2018-11-13T19:30:09","date_gmt":"2018-11-13T18:30:09","guid":{"rendered":"https:\/\/hashtag.al\/?p=249898"},"modified":"2018-11-13T19:33:45","modified_gmt":"2018-11-13T18:33:45","slug":"249898","status":"publish","type":"post","link":"https:\/\/www.hashtag.al\/index.php\/2018\/11\/13\/249898\/","title":{"rendered":"Protestuesit e Astirit i v\u00ebn\u00eb flak\u00ebn flamurit t\u00eb \u2018Rilindjes&#8217; (VIDEO)","gt_translate_keys":[{"key":"rendered","format":"text"}]},"content":{"rendered":"<p><img loading=\"lazy\" decoding=\"async\" class=\"alignnone size-full wp-image-249900\" src=\"https:\/\/hashtag.al\/wp-content\/uploads\/2018\/11\/FLAMUR.png\" alt=\"\" width=\"585\" height=\"412\" srcset=\"https:\/\/www.hashtag.al\/wp-content\/uploads\/2018\/11\/FLAMUR.png 585w, https:\/\/www.hashtag.al\/wp-content\/uploads\/2018\/11\/FLAMUR-300x211.png 300w\" sizes=\"auto, (max-width: 585px) 100vw, 585px\" \/><\/p>\n<p><span style=\"color: #000000;\">Banor\u00ebt e zon\u00ebs s\u00eb \u201cAstirit\u201d po vijojn\u00eb protestat e tyre kund\u00ebr prishjes s\u00eb banesave dhe biznesave t\u00eb tyre. Ata sot nuk jan\u00eb edhe aq paq\u00ebsor\u00eb si dit\u00ebt e tjera.<\/span><\/p>\n<p><span style=\"color: #000000;\">E nis\u00ebn protest\u00ebn me diegie gomash dhe zjarre n\u00eb koshat e plehrave dhe po e vijojn\u00eb duke i\u00a0 v\u00ebn\u00eb flak\u00eb\u00a0 flamurit t\u00eb \u201cRilindjes&#8221;.<\/span><\/p>\n<p><span style=\"color: #000000;\">M\u00eb her\u00ebt protestuesit dogj\u00ebn fotografin\u00eb e kryebashkiakut, nd\u00ebrsa nj\u00eb prej tyre tha: \u201cFotografin\u00eb e Erionit e dogja, nuk e dua m\u00eb p\u00ebr kryetar bashkie, 5 vota nga sht\u00ebpia ime, dhe na nxjerr rrug\u00ebve. Do t\u00eb protestojm\u00eb deri n\u00eb vdekje, atje brenda le t\u00eb m\u00eb z\u00ebr\u00eb, deri n\u00eb fund&#8221;, u shpreh ai.<\/span><\/p>\n<p><span style=\"color: #000000;\">\u201cRama ku je fshehur\u201d, \u201cQeveri Hajdute\u201d, jan\u00eb pankartat q\u00eb banor\u00ebt mbajn\u00eb ende n\u00eb duart e tyre.<\/span><\/p>\n<p><span style=\"color: #000000;\">\u201cVeliaj na ka ofenduar sot. Na ka quajtur shpellar\u00eb. Ne k\u00ebrkojm\u00eb sht\u00ebpit\u00eb tona. Se mos \u00ebsht\u00eb m\u00eb i mir\u00eb rruga\u00e7i, maskarai.\u201d, u shpreh nj\u00eb tjet\u00ebr qytetar.<\/span><\/p>\n<p><span style=\"color: #000000;\">N\u00eb k\u00ebt\u00eb protest\u00eb ata jan\u00eb mb\u00ebshtetur nga deputet\u00ebt e PD-s\u00eb, t\u00eb cil\u00ebn mor\u00ebn pjes\u00eb k\u00ebt\u00eb protest\u00eb.\u00a0<\/span><\/p>\n<p>VIDEO MARR\u00cb NGA\u00a0 JOQ<\/p>\n<p>&nbsp;<\/p>\n<p><iframe loading=\"lazy\" title=\"Protesta &quot;merr flak\u00eb&quot;\/ &quot;Posht\u00eb legenat!&quot;, f\u00ebmij\u00eb e t\u00eb rritur djegin flamurin e PS\" width=\"1170\" height=\"878\" src=\"https:\/\/www.youtube.com\/embed\/9nnRoHCdMyY?start=1&#038;feature=oembed\" frameborder=\"0\" allow=\"accelerometer; autoplay; clipboard-write; encrypted-media; gyroscope; picture-in-picture\" allowfullscreen><\/iframe><\/p>\n","protected":false,"gt_translate_keys":[{"key":"rendered","format":"html"}]},"excerpt":{"rendered":"<p>Banor\u00ebt e zon\u00ebs s\u00eb \u201cAstirit\u201d po vijojn\u00eb protestat e tyre kund\u00ebr prishjes s\u00eb banesave dhe biznesave t\u00eb tyre. Ata sot nuk jan\u00eb edhe aq paq\u00ebsor\u00eb si dit\u00ebt e tjera. E nis\u00ebn protest\u00ebn me diegie gomash dhe zjarre n\u00eb koshat e plehrave dhe po e vijojn\u00eb duke i\u00a0 v\u00ebn\u00eb flak\u00eb\u00a0 flamurit t\u00eb \u201cRilindjes&#8221;. M\u00eb her\u00ebt protestuesit [&hellip;]<\/p>\n","protected":false,"gt_translate_keys":[{"key":"rendered","format":"html"}]},"author":30,"featured_media":249900,"comment_status":"open","ping_status":"open","sticky":false,"template":"","format":"standard","meta":{"footnotes":""},"categories":[65],"tags":[],"class_list":["post-249898","post","type-post","status-publish","format-standard","has-post-thumbnail","hentry","category-lajme"],"gt_translate_keys":[{"key":"link","format":"url"}],"_links":{"self":[{"href":"https:\/\/www.hashtag.al\/index.php\/wp-json\/wp\/v2\/posts\/249898","targetHints":{"allow":["GET"]}}],"collection":[{"href":"https:\/\/www.hashtag.al\/index.php\/wp-json\/wp\/v2\/posts"}],"about":[{"href":"https:\/\/www.hashtag.al\/index.php\/wp-json\/wp\/v2\/types\/post"}],"author":[{"embeddable":true,"href":"https:\/\/www.hashtag.al\/index.php\/wp-json\/wp\/v2\/users\/30"}],"replies":[{"embeddable":true,"href":"https:\/\/www.hashtag.al\/index.php\/wp-json\/wp\/v2\/comments?post=249898"}],"version-history":[{"count":0,"href":"https:\/\/www.hashtag.al\/index.php\/wp-json\/wp\/v2\/posts\/249898\/revisions"}],"wp:featuredmedia":[{"embeddable":true,"href":"https:\/\/www.hashtag.al\/index.php\/wp-json\/wp\/v2\/media\/249900"}],"wp:attachment":[{"href":"https:\/\/www.hashtag.al\/index.php\/wp-json\/wp\/v2\/media?parent=249898"}],"wp:term":[{"taxonomy":"category","embeddable":true,"href":"https:\/\/www.hashtag.al\/index.php\/wp-json\/wp\/v2\/categories?post=249898"},{"taxonomy":"post_tag","embeddable":true,"href":"https:\/\/www.hashtag.al\/index.php\/wp-json\/wp\/v2\/tags?post=249898"}],"curies":[{"name":"wp","href":"https:\/\/api.w.org\/{rel}","templated":true}]}}