{"id":249313,"date":"2018-11-11T22:28:31","date_gmt":"2018-11-11T21:28:31","guid":{"rendered":"https:\/\/hashtag.al\/?p=249313"},"modified":"2018-11-11T22:28:31","modified_gmt":"2018-11-11T21:28:31","slug":"6-palestineze-te-vdekur-ne-rripin-e-gazes-nga-sulmet-izraelite","status":"publish","type":"post","link":"https:\/\/www.hashtag.al\/index.php\/2018\/11\/11\/6-palestineze-te-vdekur-ne-rripin-e-gazes-nga-sulmet-izraelite\/","title":{"rendered":"6 palestinez\u00eb t\u00eb vdekur n\u00eb rripin e Gaz\u00ebs nga sulmet izraelite","gt_translate_keys":[{"key":"rendered","format":"text"}]},"content":{"rendered":"<p><img loading=\"lazy\" decoding=\"async\" class=\"alignnone size-full wp-image-249314\" src=\"https:\/\/hashtag.al\/wp-content\/uploads\/2018\/11\/palestine.jpg\" alt=\"\" width=\"900\" height=\"506\" srcset=\"https:\/\/www.hashtag.al\/wp-content\/uploads\/2018\/11\/palestine.jpg 900w, https:\/\/www.hashtag.al\/wp-content\/uploads\/2018\/11\/palestine-300x169.jpg 300w, https:\/\/www.hashtag.al\/wp-content\/uploads\/2018\/11\/palestine-768x432.jpg 768w\" sizes=\"auto, (max-width: 900px) 100vw, 900px\" \/><\/p>\n<p><span style=\"color: #000000;\">6 palestinez\u00eb kan\u00eb mbetur t\u00eb vdekur n\u00eb rripin e Gaz\u00ebs nga sulmet izraelite. Sipas RT zyrtar\u00ebt mjek\u00ebsor\u00eb palestinez\u00eb thon\u00eb se s\u00eb paku 6 vet\u00eb u vran\u00eb nga Forcat Mbrojt\u00ebse t\u00eb Izraelit gjat\u00eb nj\u00eb shk\u00ebmbimi zjarri\u00a0 n\u00eb Gaza.\u00a0<\/span><\/p>\n<p><span style=\"color: #000000;\">Duhet t\u00eb themi se \u00e7do jav\u00eb\u00a0 palestinez\u00ebt b\u00ebjn\u00eb protestat\u00a0 p\u00ebrgjat\u00eb kufirit t\u00eb Gaz\u00ebs. Her\u00ebn e fundit u vu re nj\u00eb num\u00ebr m\u00eb i vog\u00ebl protestuesish.\u00a0 Rreth nj\u00eb jav\u00eb m\u00eb par\u00eb trupat izraelite plagos\u00ebn shtat\u00eb vet\u00eb kur hap\u00ebn zjarr ndaj protestuesve, por pati asnj\u00eb t\u00eb vdekur, than\u00eb zyrtar\u00ebt sh\u00ebndet\u00ebsor\u00eb t\u00eb Gaz\u00ebs, nd\u00ebrsa edhe ushtria izraelite konfirmoi se kishte q\u00eblluar mbi turm\u00ebn, pasi kjo e fundit kishte hedhur granata dhe goma t\u00eb ndezura drejt ruajt\u00ebsve t\u00eb kufirit.<\/span><\/p>\n<p><span style=\"color: #000000;\">Palestinez\u00ebt protestojn\u00eb prej 7 muajsh, \u00e7do t\u00eb premte n\u00eb Rripin e Gaz\u00ebs, nd\u00ebrsa q\u00eb nga muaji mars, deri tani, jan\u00eb vrar\u00eb rreth 220 persona, sipas burimeve sh\u00ebndet\u00ebsore palestineze dhe vet\u00ebm nj\u00eb pjes\u00ebtar i ushtris\u00eb izraelite.<\/span><\/p>\n<p><img loading=\"lazy\" decoding=\"async\" class=\"alignnone size-full wp-image-188945\" src=\"https:\/\/hashtag.al\/wp-content\/uploads\/2018\/05\/palestine.jpg\" alt=\"\" width=\"900\" height=\"506\" \/><\/p>\n","protected":false,"gt_translate_keys":[{"key":"rendered","format":"html"}]},"excerpt":{"rendered":"<p>6 palestinez\u00eb kan\u00eb mbetur t\u00eb vdekur n\u00eb rripin e Gaz\u00ebs nga sulmet izraelite. Sipas RT zyrtar\u00ebt mjek\u00ebsor\u00eb palestinez\u00eb thon\u00eb se s\u00eb paku 6 vet\u00eb u vran\u00eb nga Forcat Mbrojt\u00ebse t\u00eb Izraelit gjat\u00eb nj\u00eb shk\u00ebmbimi zjarri\u00a0 n\u00eb Gaza.\u00a0 Duhet t\u00eb themi se \u00e7do jav\u00eb\u00a0 palestinez\u00ebt b\u00ebjn\u00eb protestat\u00a0 p\u00ebrgjat\u00eb kufirit t\u00eb Gaz\u00ebs. Her\u00ebn e fundit u vu [&hellip;]<\/p>\n","protected":false,"gt_translate_keys":[{"key":"rendered","format":"html"}]},"author":30,"featured_media":249314,"comment_status":"open","ping_status":"open","sticky":false,"template":"","format":"standard","meta":{"footnotes":""},"categories":[6],"tags":[],"class_list":["post-249313","post","type-post","status-publish","format-standard","has-post-thumbnail","hentry","category-nderkombetare"],"gt_translate_keys":[{"key":"link","format":"url"}],"_links":{"self":[{"href":"https:\/\/www.hashtag.al\/index.php\/wp-json\/wp\/v2\/posts\/249313","targetHints":{"allow":["GET"]}}],"collection":[{"href":"https:\/\/www.hashtag.al\/index.php\/wp-json\/wp\/v2\/posts"}],"about":[{"href":"https:\/\/www.hashtag.al\/index.php\/wp-json\/wp\/v2\/types\/post"}],"author":[{"embeddable":true,"href":"https:\/\/www.hashtag.al\/index.php\/wp-json\/wp\/v2\/users\/30"}],"replies":[{"embeddable":true,"href":"https:\/\/www.hashtag.al\/index.php\/wp-json\/wp\/v2\/comments?post=249313"}],"version-history":[{"count":0,"href":"https:\/\/www.hashtag.al\/index.php\/wp-json\/wp\/v2\/posts\/249313\/revisions"}],"wp:featuredmedia":[{"embeddable":true,"href":"https:\/\/www.hashtag.al\/index.php\/wp-json\/wp\/v2\/media\/249314"}],"wp:attachment":[{"href":"https:\/\/www.hashtag.al\/index.php\/wp-json\/wp\/v2\/media?parent=249313"}],"wp:term":[{"taxonomy":"category","embeddable":true,"href":"https:\/\/www.hashtag.al\/index.php\/wp-json\/wp\/v2\/categories?post=249313"},{"taxonomy":"post_tag","embeddable":true,"href":"https:\/\/www.hashtag.al\/index.php\/wp-json\/wp\/v2\/tags?post=249313"}],"curies":[{"name":"wp","href":"https:\/\/api.w.org\/{rel}","templated":true}]}}