{"id":248966,"date":"2018-11-10T14:41:36","date_gmt":"2018-11-10T13:41:36","guid":{"rendered":"https:\/\/hashtag.al\/?p=248966"},"modified":"2018-11-10T14:47:29","modified_gmt":"2018-11-10T13:47:29","slug":"dako-kercenon-me-padi-per-shpifje-edhe-albana-vokshin","status":"publish","type":"post","link":"https:\/\/www.hashtag.al\/index.php\/2018\/11\/10\/dako-kercenon-me-padi-per-shpifje-edhe-albana-vokshin\/","title":{"rendered":"Dako k\u00ebrc\u00ebnon me padi p\u00ebr shpifje edhe Albana Vokshin","gt_translate_keys":[{"key":"rendered","format":"text"}]},"content":{"rendered":"<p><img loading=\"lazy\" decoding=\"async\" class=\"aligncenter size-full wp-image-248968\" src=\"https:\/\/hashtag.al\/wp-content\/uploads\/2018\/11\/Dako-Vokshi.jpg\" alt=\"\" width=\"2000\" height=\"1000\" srcset=\"https:\/\/www.hashtag.al\/wp-content\/uploads\/2018\/11\/Dako-Vokshi.jpg 2000w, https:\/\/www.hashtag.al\/wp-content\/uploads\/2018\/11\/Dako-Vokshi-300x150.jpg 300w, https:\/\/www.hashtag.al\/wp-content\/uploads\/2018\/11\/Dako-Vokshi-768x384.jpg 768w, https:\/\/www.hashtag.al\/wp-content\/uploads\/2018\/11\/Dako-Vokshi-1024x512.jpg 1024w\" sizes=\"auto, (max-width: 2000px) 100vw, 2000px\" \/><\/p>\n<p><span style=\"color: #000000;\">Pasi k\u00ebrc\u00ebnoi me padi kryetarin e PD-s\u00eb Lulzim Bash\u00ebn, deputetin Enkelejd Alibeaj, Sali Berish\u00ebn dhe Oerd Bylykbashin, kryebashkiaku i Durr\u00ebsit Vangjush Dako ka nj\u00eb tjet\u00ebr padi p\u00ebr opozit\u00ebn.<\/span><\/p>\n<p><span style=\"color: #000000;\">Pas deklarat\u00ebs s\u00eb sotme t\u00eb deputetes s\u00eb opozit\u00ebs Albana Vokshi, se Dako duhej arrestuar, kryebashkiaku thot\u00eb se do t\u00eb ngrej\u00eb padi p\u00ebr shpifje edhe ndaj saj.<\/span><\/p>\n<p><span style=\"color: #000000;\"><em>\u00a0\u201cMe shum\u00eb k\u00ebnaq\u00ebsi do t\u00eb ngre padin\u00eb p\u00ebr shpifje edhe p\u00ebr zonj\u00ebn Vokshi, t\u00eb cil\u00ebn kam pasur rastin ta ndjek nga af\u00ebr n\u00eb fushatat e saj t\u00eb ul\u00ebta si deputete e Durr\u00ebsit jo shum\u00eb koh\u00eb m\u00eb par\u00eb! <\/em><\/span><\/p>\n<p><span style=\"color: #000000;\"><em>Nj\u00eb zonj\u00eb e pap\u00ebrmbajtur n\u00eb fjalor, n\u00eb g\u00ebnjeshtra dhe n\u00eb injoranc\u00ebn e saj ekstremiste. Nj\u00eb politikane q\u00eb e b\u00ebn t\u00eb bardh\u00ebn t\u00eb zez\u00eb dhe anasjelltas dhe q\u00eb as nuk skuqet as nuk zverdhet, kur g\u00ebnjen elektoratin. <\/em><\/span><\/p>\n<p><span style=\"color: #000000;\"><em>Aq g\u00ebnjeshtare \u00ebsht\u00eb kjo politikane sa q\u00eb akoma sot nuk mbarojn\u00eb barcaletat p\u00ebr t\u00eb n\u00eb katundet ku kujtoi se gjeti budallenj p\u00ebr t\u2019ju marr\u00eb vot\u00ebn! Mori at\u00eb q\u00eb meritonte dhe sot vazhdon po nj\u00ebsoj, tamam njeriu q\u00eb krijoi Saliu. <\/em><\/span><\/p>\n<p><span style=\"color: #000000;\"><em>N\u00eb gjykat\u00eb e panderuara zonja Vokshi, aty silli provat e faj\u00ebsis\u00eb time ose pastaj dihet, lek\u00ebt p\u00ebr Fondin e Edukimit!\u201d<\/em>, shkruan Dako.<\/span><\/p>\n","protected":false,"gt_translate_keys":[{"key":"rendered","format":"html"}]},"excerpt":{"rendered":"<p>Pasi k\u00ebrc\u00ebnoi me padi kryetarin e PD-s\u00eb Lulzim Bash\u00ebn, deputetin Enkelejd Alibeaj, Sali Berish\u00ebn dhe Oerd Bylykbashin, kryebashkiaku i Durr\u00ebsit Vangjush Dako ka nj\u00eb tjet\u00ebr padi p\u00ebr opozit\u00ebn. Pas deklarat\u00ebs s\u00eb sotme t\u00eb deputetes s\u00eb opozit\u00ebs Albana Vokshi, se Dako duhej arrestuar, kryebashkiaku thot\u00eb se do t\u00eb ngrej\u00eb padi p\u00ebr shpifje edhe ndaj saj. \u00a0\u201cMe [&hellip;]<\/p>\n","protected":false,"gt_translate_keys":[{"key":"rendered","format":"html"}]},"author":30,"featured_media":248967,"comment_status":"open","ping_status":"open","sticky":false,"template":"","format":"standard","meta":{"footnotes":""},"categories":[65],"tags":[],"class_list":["post-248966","post","type-post","status-publish","format-standard","has-post-thumbnail","hentry","category-lajme"],"gt_translate_keys":[{"key":"link","format":"url"}],"_links":{"self":[{"href":"https:\/\/www.hashtag.al\/index.php\/wp-json\/wp\/v2\/posts\/248966","targetHints":{"allow":["GET"]}}],"collection":[{"href":"https:\/\/www.hashtag.al\/index.php\/wp-json\/wp\/v2\/posts"}],"about":[{"href":"https:\/\/www.hashtag.al\/index.php\/wp-json\/wp\/v2\/types\/post"}],"author":[{"embeddable":true,"href":"https:\/\/www.hashtag.al\/index.php\/wp-json\/wp\/v2\/users\/30"}],"replies":[{"embeddable":true,"href":"https:\/\/www.hashtag.al\/index.php\/wp-json\/wp\/v2\/comments?post=248966"}],"version-history":[{"count":0,"href":"https:\/\/www.hashtag.al\/index.php\/wp-json\/wp\/v2\/posts\/248966\/revisions"}],"wp:featuredmedia":[{"embeddable":true,"href":"https:\/\/www.hashtag.al\/index.php\/wp-json\/wp\/v2\/media\/248967"}],"wp:attachment":[{"href":"https:\/\/www.hashtag.al\/index.php\/wp-json\/wp\/v2\/media?parent=248966"}],"wp:term":[{"taxonomy":"category","embeddable":true,"href":"https:\/\/www.hashtag.al\/index.php\/wp-json\/wp\/v2\/categories?post=248966"},{"taxonomy":"post_tag","embeddable":true,"href":"https:\/\/www.hashtag.al\/index.php\/wp-json\/wp\/v2\/tags?post=248966"}],"curies":[{"name":"wp","href":"https:\/\/api.w.org\/{rel}","templated":true}]}}