{"id":248905,"date":"2018-11-10T11:28:53","date_gmt":"2018-11-10T10:28:53","guid":{"rendered":"https:\/\/hashtag.al\/?p=248905"},"modified":"2018-11-10T13:12:16","modified_gmt":"2018-11-10T12:12:16","slug":"perplasje-ne-proteste-i-riu-i-gjuan-kameramanit-me-grusht-fytyres","status":"publish","type":"post","link":"https:\/\/www.hashtag.al\/index.php\/2018\/11\/10\/perplasje-ne-proteste-i-riu-i-gjuan-kameramanit-me-grusht-fytyres\/","title":{"rendered":"P\u00ebrplasje n\u00eb protest\u00eb, i riu i gjuan kameramanit me grusht fytyr\u00ebs","gt_translate_keys":[{"key":"rendered","format":"text"}]},"content":{"rendered":"<p>&nbsp;<\/p>\n<p><span style=\"color: #000000;\"><img loading=\"lazy\" decoding=\"async\" class=\"aligncenter size-full wp-image-248906\" src=\"https:\/\/hashtag.al\/wp-content\/uploads\/2018\/11\/kameramani-dhuna-unaza-re.jpg\" alt=\"\" width=\"1000\" height=\"600\" srcset=\"https:\/\/www.hashtag.al\/wp-content\/uploads\/2018\/11\/kameramani-dhuna-unaza-re.jpg 1000w, https:\/\/www.hashtag.al\/wp-content\/uploads\/2018\/11\/kameramani-dhuna-unaza-re-300x180.jpg 300w, https:\/\/www.hashtag.al\/wp-content\/uploads\/2018\/11\/kameramani-dhuna-unaza-re-768x461.jpg 768w\" sizes=\"auto, (max-width: 1000px) 100vw, 1000px\" \/><\/span><\/p>\n<p><span style=\"color: #000000;\">Protesta e sotme n\u00eb Astir \u00ebsht\u00eb shoq\u00ebruar me p\u00ebrplasje mes banor\u00ebve dhe drejtuesve t\u00eb automjeteve. I d\u00ebmtuar nga ngjarja ka mbetur nj\u00eb operator q\u00eb po filmonte sken\u00ebn.<\/span><\/p>\n<p><span style=\"color: #000000;\">M\u00ebsohet se nj\u00eb person q\u00eb kishte mbetur i bllokuar n\u00eb rrug\u00eb me makin\u00eb p\u00ebr shkak t\u00eb protest\u00ebs, ka dal\u00eb nga mjeti i irrituar dhe ka goditur n\u00eb fytyr\u00eb me grusht dhe i ka d\u00ebmtuar kamer\u00ebn operatorit, pasi ky i fundit ka qen\u00eb duke filmuar.<\/span><\/p>\n<p><span style=\"color: #000000;\">Operatori \u00ebsht\u00eb d\u00ebmtuar n\u00eb pjes\u00ebn e syrit, nd\u00ebrsa i \u00ebsht\u00eb prishur edhe kamera me t\u00eb cil\u00ebn po filmonte.<\/span><\/p>\n<p><span style=\"color: #000000;\">Sot \u00ebsht\u00eb dita e tet\u00eb e protest\u00ebs s\u00eb banor\u00ebve t\u00eb Astirit, t\u00eb cil\u00ebt kan\u00eb dal\u00eb q\u00eb n\u00eb or\u00ebn 10:00 p\u00ebr t\u00eb kund\u00ebrshtuar vendimin e qeveris\u00eb deri n\u00eb marrjen e d\u00ebmshp\u00ebrblimit.<\/span><\/p>\n","protected":false,"gt_translate_keys":[{"key":"rendered","format":"html"}]},"excerpt":{"rendered":"<p>&nbsp; Protesta e sotme n\u00eb Astir \u00ebsht\u00eb shoq\u00ebruar me p\u00ebrplasje mes banor\u00ebve dhe drejtuesve t\u00eb automjeteve. I d\u00ebmtuar nga ngjarja ka mbetur nj\u00eb operator q\u00eb po filmonte sken\u00ebn. M\u00ebsohet se nj\u00eb person q\u00eb kishte mbetur i bllokuar n\u00eb rrug\u00eb me makin\u00eb p\u00ebr shkak t\u00eb protest\u00ebs, ka dal\u00eb nga mjeti i irrituar dhe ka goditur n\u00eb [&hellip;]<\/p>\n","protected":false,"gt_translate_keys":[{"key":"rendered","format":"html"}]},"author":30,"featured_media":248906,"comment_status":"open","ping_status":"open","sticky":false,"template":"","format":"standard","meta":{"footnotes":""},"categories":[65],"tags":[],"class_list":["post-248905","post","type-post","status-publish","format-standard","has-post-thumbnail","hentry","category-lajme"],"gt_translate_keys":[{"key":"link","format":"url"}],"_links":{"self":[{"href":"https:\/\/www.hashtag.al\/index.php\/wp-json\/wp\/v2\/posts\/248905","targetHints":{"allow":["GET"]}}],"collection":[{"href":"https:\/\/www.hashtag.al\/index.php\/wp-json\/wp\/v2\/posts"}],"about":[{"href":"https:\/\/www.hashtag.al\/index.php\/wp-json\/wp\/v2\/types\/post"}],"author":[{"embeddable":true,"href":"https:\/\/www.hashtag.al\/index.php\/wp-json\/wp\/v2\/users\/30"}],"replies":[{"embeddable":true,"href":"https:\/\/www.hashtag.al\/index.php\/wp-json\/wp\/v2\/comments?post=248905"}],"version-history":[{"count":0,"href":"https:\/\/www.hashtag.al\/index.php\/wp-json\/wp\/v2\/posts\/248905\/revisions"}],"wp:featuredmedia":[{"embeddable":true,"href":"https:\/\/www.hashtag.al\/index.php\/wp-json\/wp\/v2\/media\/248906"}],"wp:attachment":[{"href":"https:\/\/www.hashtag.al\/index.php\/wp-json\/wp\/v2\/media?parent=248905"}],"wp:term":[{"taxonomy":"category","embeddable":true,"href":"https:\/\/www.hashtag.al\/index.php\/wp-json\/wp\/v2\/categories?post=248905"},{"taxonomy":"post_tag","embeddable":true,"href":"https:\/\/www.hashtag.al\/index.php\/wp-json\/wp\/v2\/tags?post=248905"}],"curies":[{"name":"wp","href":"https:\/\/api.w.org\/{rel}","templated":true}]}}